{"id":308114,"date":"2026-07-16T08:30:00","date_gmt":"2026-07-16T06:30:00","guid":{"rendered":"https:\/\/www.tucomarca.com\/wordpress\/segunda\/?p=308114"},"modified":"2026-07-16T15:12:26","modified_gmt":"2026-07-16T13:12:26","slug":"la-diputacio-de-valencia-fomenta-el-turisme-sostenible-a-la-provincia-amb-69-experiencies-turistiques-vinculades-a-laigua","status":"publish","type":"post","link":"https:\/\/tucomarca.whitekongsoftware.com\/ca\/la-diputacio-de-valencia-fomenta-el-turisme-sostenible-a-la-provincia-amb-69-experiencies-turistiques-vinculades-a-laigua\/","title":{"rendered":"La Diputaci\u00f3 de Val\u00e8ncia fomenta el turisme sostenible a la prov\u00edncia amb 69 experi\u00e8ncies tur\u00edstiques vinculades a l&#8217;aigua"},"content":{"rendered":"\n<h3 class=\"wp-block-heading\">L&#8217;\u00e0rea de Turisme que dirigix el diputat Pedro Cuesta presenta un cat\u00e0leg de 69 experi\u00e8ncies tur\u00edstiques vinculades als recursos h\u00eddrics de la prov\u00edncia.<\/h3>\n\n\n\n<h3 class=\"wp-block-heading\">El projecte, finan\u00e7at amb fons Next Generation EU, presenta un innovador pla per a diversificar l&#8217;oferta tur\u00edstica, posar en valor els recursos h\u00eddrics de l&#8217;interior i gestionar de manera responsable els fluxos de visitants.<\/h3>\n\n\n\n<p class=\"wp-block-paragraph\">La Diputaci\u00f3 de Val\u00e8ncia, a trav\u00e9s de l&#8217;\u00e0rea de Turisme, ha dut a terme un ambici\u00f3s projecte per a desenvolupar el turisme a la prov\u00edncia mitjan\u00e7ant l&#8217;aigua com a eix vertebrador, que ha culminat en la creaci\u00f3 d&#8217;un cat\u00e0leg de 69 experi\u00e8ncies tur\u00edstiques vinculades als recursos h\u00eddrics de la prov\u00edncia.<\/p>\n\n\n\n<p class=\"wp-block-paragraph\">Es tracta de noves experi\u00e8ncies tur\u00edstiques dissenyades \u201cper a atraure a la nostra prov\u00edncia un turisme m\u00e9s conscient, que busca connectar amb la naturalesa i la cultura local, m\u00e9s encara en esta \u00e8poca estival\u201d, segons ha destacat el diputat de Turisme, Pedro Cuesta.<\/p>\n\n\n\n<p class=\"wp-block-paragraph\">Les noves propostes tur\u00edstiques s&#8217;han desenvolupat en col\u00b7laboraci\u00f3 amb 30 empreses locals i conviden a descobrir el ric patrimoni natural i cultural de l&#8217;interior, aix\u00ed com la costa de Val\u00e8ncia, d&#8217;una manera sostenible i respectuosa.<\/p>\n\n\n\n<p class=\"wp-block-paragraph\">El projecte s&#8217;emmarca en l&#8217;Actuaci\u00f3 de Cohesi\u00f3 entre Destins (ACD) de la prov\u00edncia, dins del Pla de Recuperaci\u00f3, Transformaci\u00f3 i Resili\u00e8ncia, finan\u00e7at per la Uni\u00f3 Europea\u2013Next Generation EU. Concretament, respon a dos actuacions incloses en l&#8217;ACD de la prov\u00edncia de Val\u00e8ncia: redistribuir els fluxos tur\u00edstics cap a l&#8217;interior de la prov\u00edncia mitjan\u00e7ant l&#8217;avaluaci\u00f3 de l&#8217;\u00fas tur\u00edstic dels recursos h\u00eddrics i impulsar la gesti\u00f3 de l&#8217;\u00fas p\u00fablic dels espais naturals vinculats a l&#8217;aigua a trav\u00e9s del mesurament de la seua capacitat de c\u00e0rrega.<\/p>\n\n\n\n<p class=\"wp-block-paragraph\"><strong>Un cat\u00e0leg f\u00edsic i digital<\/strong><\/p>\n\n\n\n<p class=\"wp-block-paragraph\">El cat\u00e0leg, que est\u00e0 disponible en format f\u00edsic i digital, oferix des de rutes fluvials a Cofrentes i Cortes de Pall\u00e1s, fins al descobriment del Parc Natural de l&#8217;Albufera o la ruta del Charco Azul de Chulilla.<\/p>\n\n\n\n<p class=\"wp-block-paragraph\">Per a poder editar el nou cat\u00e0leg d&#8217;experi\u00e8ncies tur\u00edstiques, s&#8217;han dut a terme diferents treballs pr\u00e8viament, durant cinc mesos (febrer-juny de 2026) i en diverses fases.<\/p>\n\n\n\n<p class=\"wp-block-paragraph\">Aix\u00ed, en una primera fase es va realitzar l&#8217;inventari i an\u00e0lisi de m\u00e9s de 280 recursos h\u00eddrics de la prov\u00edncia de Val\u00e8ncia, classificats en 18 categories (platges, rius, embassaments, aq\u00fceductes, rutes tur\u00edstiques de l&#8217;aigua, zones humides, balnearis i aig\u00fces termals, fonts i brolladors, etc.), per a avaluar el seu potencial, documentat a m\u00e9s amb m\u00e9s de 3.400 fotografies.<\/p>\n\n\n\n<p class=\"wp-block-paragraph\">D&#8217;altra banda, es va realitzar un estudi de la capacitat de c\u00e0rrega (f\u00edsica, ecol\u00f2gica i psicol\u00f2gica) de 35 recursos estrat\u00e8gics, per a garantir que el desenvolupament tur\u00edstic no pose en risc la seua conservaci\u00f3 i l&#8217;aflu\u00e8ncia ideal en cada tipus d&#8217;espai. Aix\u00ed, es va estimar que els 35 recursos podrien acollir simult\u00e0niament prop de 61.000 persones i aconseguir una capacitat de recepci\u00f3 di\u00e0ria conjunta d&#8217;aproximadament 133.000 visites.<\/p>\n\n\n\n<p class=\"wp-block-paragraph\">Finalment, es van desenvolupar els productes tur\u00edstics. En col\u00b7laboraci\u00f3 amb el teixit empresarial local, es va dissenyar un cat\u00e0leg comercial que articula l&#8217;oferta de productes i experi\u00e8ncies de les 14 comarques de la prov\u00edncia de Val\u00e8ncia, presentant-les de manera atractiva i llistes per a la seua comercialitzaci\u00f3.<\/p>\n\n\n\n<p class=\"wp-block-paragraph\">A m\u00e9s, s&#8217;ha dissenyat un pla estrat\u00e8gic per a donar a con\u00e9ixer i promocionar estes noves experi\u00e8ncies tant a nivell nacional com internacional, que preveu la distribuci\u00f3 de cat\u00e0legs impresos i la generaci\u00f3 de visites anuals al cat\u00e0leg digital. El pla inclou accions amb turoperadors, ag\u00e8ncies de viatges, campanyes en mitjans i canals digitals per a assegurar l&#8217;\u00e8xit d&#8217;esta nova oferta tur\u00edstica.<\/p>\n","protected":false},"excerpt":{"rendered":"<div class=\"mh-excerpt\">L&#8217;\u00e0rea de Turisme que dirigix el diputat Pedro Cuesta presenta un cat\u00e0leg de 69 experi\u00e8ncies tur\u00edstiques vinculades als recursos h\u00eddrics de la prov\u00edncia. El projecte, finan\u00e7at amb fons Next Generation EU, presenta un innovador pla <a class=\"mh-excerpt-more\" href=\"https:\/\/tucomarca.whitekongsoftware.com\/ca\/la-diputacio-de-valencia-fomenta-el-turisme-sostenible-a-la-provincia-amb-69-experiencies-turistiques-vinculades-a-laigua\/\" title=\"La Diputaci\u00f3 de Val\u00e8ncia fomenta el turisme sostenible a la prov\u00edncia amb 69 experi\u00e8ncies tur\u00edstiques vinculades a l&#8217;aigua\">[+] <\/a><\/div>\n","protected":false},"author":12,"featured_media":308111,"comment_status":"closed","ping_status":"open","sticky":false,"template":"","format":"standard","meta":{"footnotes":""},"categories":[10898,10948,10894,10904,11007,10947,10896],"tags":[11199,21009,12962],"class_list":["post-308114","post","type-post","status-publish","format-standard","has-post-thumbnail","category-ventana-ca","category-infraestructuras-ca","category-la-comarca-ca","category-sin-categorizar-ca","category-ocio-y-cultura-ca","category-politica","category-seccion-ca","tag-la-comunitat-ca","tag-la-diputacio-de-valencia-ca","tag-turismo-ca"],"_links":{"self":[{"href":"https:\/\/tucomarca.whitekongsoftware.com\/ca\/wp-json\/wp\/v2\/posts\/308114","targetHints":{"allow":["GET"]}}],"collection":[{"href":"https:\/\/tucomarca.whitekongsoftware.com\/ca\/wp-json\/wp\/v2\/posts"}],"about":[{"href":"https:\/\/tucomarca.whitekongsoftware.com\/ca\/wp-json\/wp\/v2\/types\/post"}],"author":[{"embeddable":true,"href":"https:\/\/tucomarca.whitekongsoftware.com\/ca\/wp-json\/wp\/v2\/users\/12"}],"replies":[{"embeddable":true,"href":"https:\/\/tucomarca.whitekongsoftware.com\/ca\/wp-json\/wp\/v2\/comments?post=308114"}],"version-history":[{"count":1,"href":"https:\/\/tucomarca.whitekongsoftware.com\/ca\/wp-json\/wp\/v2\/posts\/308114\/revisions"}],"predecessor-version":[{"id":308115,"href":"https:\/\/tucomarca.whitekongsoftware.com\/ca\/wp-json\/wp\/v2\/posts\/308114\/revisions\/308115"}],"wp:featuredmedia":[{"embeddable":true,"href":"https:\/\/tucomarca.whitekongsoftware.com\/ca\/wp-json\/wp\/v2\/media\/308111"}],"wp:attachment":[{"href":"https:\/\/tucomarca.whitekongsoftware.com\/ca\/wp-json\/wp\/v2\/media?parent=308114"}],"wp:term":[{"taxonomy":"category","embeddable":true,"href":"https:\/\/tucomarca.whitekongsoftware.com\/ca\/wp-json\/wp\/v2\/categories?post=308114"},{"taxonomy":"post_tag","embeddable":true,"href":"https:\/\/tucomarca.whitekongsoftware.com\/ca\/wp-json\/wp\/v2\/tags?post=308114"}],"curies":[{"name":"wp","href":"https:\/\/api.w.org\/{rel}","templated":true}]}}