{"id":308079,"date":"2026-07-15T10:00:00","date_gmt":"2026-07-15T08:00:00","guid":{"rendered":"https:\/\/www.tucomarca.com\/wordpress\/segunda\/?p=308079"},"modified":"2026-07-16T13:49:23","modified_gmt":"2026-07-16T11:49:23","slug":"la-jove-orquestra-de-la-generalitat-conclou-la-seua-trobada-destiu-amb-tres-concerts-a-utiel-lliria-i-cullera","status":"publish","type":"post","link":"https:\/\/tucomarca.whitekongsoftware.com\/ca\/la-jove-orquestra-de-la-generalitat-conclou-la-seua-trobada-destiu-amb-tres-concerts-a-utiel-lliria-i-cullera\/","title":{"rendered":"La Jove Orquestra de la Generalitat conclou la seua Trobada d\u2019Estiu amb tres concerts a Utiel, Ll\u00edria i Cullera"},"content":{"rendered":"\n<h3 class=\"wp-block-heading\">Les actuacions tindran lloc del 16 al 18 de juliol i inclouen obres de John Adams, Maurice Ravel i Dmitri Xostak\u00f3vitx.<\/h3>\n\n\n\n<p class=\"wp-block-paragraph\">La Jove Orquestra de la Generalitat Valenciana (JOGV), unitat art\u00edstica dependent de l\u2019Institut Valenci\u00e0 de Cultura (IVC), conclour\u00e0 la seua tradicional Trobada d\u2019Estiu amb la celebraci\u00f3 de tres concerts en les localitats d\u2019Utiel, Ll\u00edria i Cullera.<\/p>\n\n\n\n<p class=\"wp-block-paragraph\">La gira de clausura de la present edici\u00f3 comen\u00e7ar\u00e0 el 16 de juliol, a les 20:30 hores, en el Teatre Rambal d\u2019Utiel. Posteriorment, la formaci\u00f3 actuar\u00e0 el 17 de juliol, a les 20:00 hores, en el Teatre de la Uni\u00f3 Musical de Ll\u00edria. L\u2019\u00faltim concert del cicle se celebrar\u00e0 el 18 de juliol, tamb\u00e9 a les 20:00 hores, en l\u2019Auditori Municipal de Cullera.<\/p>\n\n\n\n<p class=\"wp-block-paragraph\">El repertori que els integrants de l\u2019orquestra han preparat durant la Trobada d\u2019Estiu t\u00e9 una duraci\u00f3 aproximada de 65 minuts i es compon de dos parts: la primera inclou la interpretaci\u00f3 de&nbsp;The Chairman Dances, de John Adams, i del ballet complet&nbsp;Ma m\u00e8re l\u2019oye,&nbsp;de Maurice Ravel; mentres que la segona part est\u00e0 dedicada \u00edntegrament a la&nbsp;Simfonia n\u00fam. 9&nbsp;de Dmitri Shostak\u00f3vich.<\/p>\n\n\n\n<p class=\"wp-block-paragraph\">La Trobada d\u2019Estiu es desenrotlla del 8 al 18 de juliol en el Conservatori Superior de M\u00fasica Joaqu\u00edn Rodrigo de Val\u00e8ncia, amb una plantilla formada per 69 m\u00fasics menors de 26 anys i amb la direcci\u00f3 de Jordi Franc\u00e9s i Jes\u00fas Or\u00f3n com a director assistent.<\/p>\n\n\n\n<p class=\"wp-block-paragraph\"><strong>La Jove Orquestra de la Generalitat Valenciana<\/strong><\/p>\n\n\n\n<p class=\"wp-block-paragraph\">La Jove Orquestra de la Generalitat Valenciana dep\u00e9n de la Direcci\u00f3 Adjunta de M\u00fasica i Cultura Popular de l\u2019IVC i est\u00e0 integrada per 95 m\u00fasics menors de 26 anys.<\/p>\n\n\n\n<p class=\"wp-block-paragraph\">El seu objectiu \u00e9s contribuir a l\u2019especialitzaci\u00f3 i el perfeccionament dels j\u00f3vens int\u00e8rprets mitjan\u00e7ant l\u2019organitzaci\u00f3 de trobades i tallers formatius dirigits per destacats professors de cada especialitat instrumental. Aix\u00ed mateix, realitza una activitat art\u00edstica que presta una atenci\u00f3 continuada a la m\u00fasica de creaci\u00f3 contempor\u00e0nia i al repertori de compositors valencians, als quals ha dedicat la seua producci\u00f3 discogr\u00e0fica.<\/p>\n\n\n\n<p class=\"wp-block-paragraph\">En concret, en la Trobada d\u2019Estiu d\u2019enguany participen els professors \u00c1ngel Marzal (flauta), Rafa Cuellar (obo\u00e9), Voro Peris (clarinet), Juan E. Sapi\u00f1a (fagot), Vicente Balaguer i Ana Sanchis (violins), Francesc Gay\u00e1 (viola), Mayte Garc\u00eda (violoncel), Javier Sapi\u00f1a (contrabaix), Juanjo Llimer\u00e1 (trompa), Javier Barber\u00e1 (trompeta), J. Bautista Abad (tromb\u00f3) i Miguel \u00c1ngel Orero (percussi\u00f3).<\/p>\n\n\n\n<p class=\"wp-block-paragraph\"><\/p>\n","protected":false},"excerpt":{"rendered":"<div class=\"mh-excerpt\">Les actuacions tindran lloc del 16 al 18 de juliol i inclouen obres de John Adams, Maurice Ravel i Dmitri Xostak\u00f3vitx. La Jove Orquestra de la Generalitat Valenciana (JOGV), unitat art\u00edstica dependent de l\u2019Institut Valenci\u00e0 <a class=\"mh-excerpt-more\" href=\"https:\/\/tucomarca.whitekongsoftware.com\/ca\/la-jove-orquestra-de-la-generalitat-conclou-la-seua-trobada-destiu-amb-tres-concerts-a-utiel-lliria-i-cullera\/\" title=\"La Jove Orquestra de la Generalitat conclou la seua Trobada d\u2019Estiu amb tres concerts a Utiel, Ll\u00edria i Cullera\">[+] <\/a><\/div>\n","protected":false},"author":12,"featured_media":308076,"comment_status":"closed","ping_status":"open","sticky":false,"template":"","format":"standard","meta":{"footnotes":""},"categories":[11019,10892,11005,10898,10894,10928,11007,10909,10896,11059],"tags":[10899,19491,10910],"class_list":["post-308079","post","type-post","status-publish","format-standard","has-post-thumbnail","category-agenda-ca","category-camp-de-turia-ca","category-canal-musica","category-ventana-ca","category-la-comarca-ca","category-lliria-ca","category-ocio-y-cultura-ca","category-requena-utiel-ca","category-seccion-ca","category-utiel-ca","tag-camp-de-turia-ca","tag-jogv-ca","tag-requena-utiel-ca"],"_links":{"self":[{"href":"https:\/\/tucomarca.whitekongsoftware.com\/ca\/wp-json\/wp\/v2\/posts\/308079","targetHints":{"allow":["GET"]}}],"collection":[{"href":"https:\/\/tucomarca.whitekongsoftware.com\/ca\/wp-json\/wp\/v2\/posts"}],"about":[{"href":"https:\/\/tucomarca.whitekongsoftware.com\/ca\/wp-json\/wp\/v2\/types\/post"}],"author":[{"embeddable":true,"href":"https:\/\/tucomarca.whitekongsoftware.com\/ca\/wp-json\/wp\/v2\/users\/12"}],"replies":[{"embeddable":true,"href":"https:\/\/tucomarca.whitekongsoftware.com\/ca\/wp-json\/wp\/v2\/comments?post=308079"}],"version-history":[{"count":2,"href":"https:\/\/tucomarca.whitekongsoftware.com\/ca\/wp-json\/wp\/v2\/posts\/308079\/revisions"}],"predecessor-version":[{"id":308113,"href":"https:\/\/tucomarca.whitekongsoftware.com\/ca\/wp-json\/wp\/v2\/posts\/308079\/revisions\/308113"}],"wp:featuredmedia":[{"embeddable":true,"href":"https:\/\/tucomarca.whitekongsoftware.com\/ca\/wp-json\/wp\/v2\/media\/308076"}],"wp:attachment":[{"href":"https:\/\/tucomarca.whitekongsoftware.com\/ca\/wp-json\/wp\/v2\/media?parent=308079"}],"wp:term":[{"taxonomy":"category","embeddable":true,"href":"https:\/\/tucomarca.whitekongsoftware.com\/ca\/wp-json\/wp\/v2\/categories?post=308079"},{"taxonomy":"post_tag","embeddable":true,"href":"https:\/\/tucomarca.whitekongsoftware.com\/ca\/wp-json\/wp\/v2\/tags?post=308079"}],"curies":[{"name":"wp","href":"https:\/\/api.w.org\/{rel}","templated":true}]}}