{"id":308069,"date":"2026-07-16T09:00:00","date_gmt":"2026-07-16T07:00:00","guid":{"rendered":"https:\/\/www.tucomarca.com\/wordpress\/segunda\/?p=308069"},"modified":"2026-07-16T11:45:09","modified_gmt":"2026-07-16T09:45:09","slug":"sagunt-a-escena-oferix-quatre-propostes-gratuites-de-circ-valencia-en-diferents-espais-urbans","status":"publish","type":"post","link":"https:\/\/tucomarca.whitekongsoftware.com\/ca\/sagunt-a-escena-oferix-quatre-propostes-gratuites-de-circ-valencia-en-diferents-espais-urbans\/","title":{"rendered":"Sagunt a Escena oferix quatre propostes gratu\u00eftes de circ valenci\u00e0 en diferents espais urbans"},"content":{"rendered":"\n<p class=\"wp-block-paragraph\"><strong>Les companyies Colectiv Notknown, Cia. El cruce, La Tr\u00f3cola Circ i La Fam Teatre s&#8217;instal\u00b7len en la Glorieta, la Casa dels Berenguer i l&#8217;Albereda<\/strong>.<\/p>\n\n\n\n<p class=\"wp-block-paragraph\">El festival Sagunt a Escena, organitzat per la Conselleria d&#8217;Educaci\u00f3, Cultura i Universitats a trav\u00e9s de l&#8217;Institut Valenci\u00e0 de Cultura (IVC), en col\u00b7laboraci\u00f3 amb la Diputaci\u00f3 de Val\u00e8ncia i l&#8217;Ajuntament de Sagunt, convertix un any m\u00e9s els espais urbans de la ciutat en escenaris oberts a la ciutadania mitjan\u00e7ant la programaci\u00f3 de la seua secci\u00f3 Off Rom\u00e0.<\/p>\n\n\n\n<p class=\"wp-block-paragraph\">En esta edici\u00f3, les arts circenses adquirixen un protagonisme especial dins d&#8217;este format d&#8217;acc\u00e9s lliure i gratu\u00eft, amb quatre propostes de companyies valencianes que acostaran al p\u00fablic diferents llenguatges esc\u00e8nics.<\/p>\n\n\n\n<p class=\"wp-block-paragraph\">La directora del certamen, <strong>Mar\u00eda Jos\u00e9 Mora<\/strong>, ha explicat que la programaci\u00f3 de <strong>Sagunt a Escena<\/strong> \u00abplasma la versatilitat d&#8217;una disciplina en constant evoluci\u00f3 a trav\u00e9s d&#8217;una oferta sense envelat, on el circ contemporani conviu amb el <em>clown<\/em> po\u00e8tic, la interacci\u00f3 intergeneracional i el teatre de carrer de gran format\u00bb.<\/p>\n\n\n\n<p class=\"wp-block-paragraph\"><strong>Un assassinat per resoldre i una revetla per gaudir<\/strong><\/p>\n\n\n\n<p class=\"wp-block-paragraph\">L&#8217;oferta circense comen\u00e7ar\u00e0 el <strong>13 d&#8217;agost<\/strong> a la <strong>Glorieta<\/strong> amb <strong>Caso enterrado<\/strong>, del jove col\u00b7lectiu <strong>Notknown<\/strong>. En clau d&#8217;humor i apta per a tots els p\u00fablics, la pe\u00e7a es recolza en la dansa per a resoldre un misteri surrealista: el presumpte assassinat del ficus bicentenari de la <strong>Familia de la Cruz<\/strong>.<\/p>\n\n\n\n<p class=\"wp-block-paragraph\">A trav\u00e9s de quatre exc\u00e8ntriques sospitoses, el p\u00fablic es convertir\u00e0 en testimoni accidental de tensions, secrets i del naufragi d&#8217;una dinastia aparentment impecable.<\/p>\n\n\n\n<p class=\"wp-block-paragraph\">El <strong>21 d&#8217;agost<\/strong>, el pati de la <strong>Casa dels Berenguer<\/strong> acollir\u00e0 <strong>Koosha<\/strong>, de la <strong>Cia. El Cruce<\/strong>. Este espectacle recupera l&#8217;esperit de les revetles populars i dels espectacles ambulants de varietats mitjan\u00e7ant una combinaci\u00f3 de <em>clown<\/em>, m\u00fasica en directe i t\u00e8cniques circenses.<\/p>\n\n\n\n<p class=\"wp-block-paragraph\"><strong>Joc al carrer i un drac a l&#8217;Albereda<\/strong><\/p>\n\n\n\n<p class=\"wp-block-paragraph\">Per la seua banda, la companyia <strong>La Tr\u00f3cola Circ<\/strong> arribar\u00e0 a la <strong>Glorieta<\/strong> el <strong>22 d&#8217;agost<\/strong> amb <strong>Juga<\/strong>. Este muntatge \u00e9s un cant a la trobada intergeneracional i una reivindicaci\u00f3 de l&#8217;espai p\u00fablic com a lloc de joc.<\/p>\n\n\n\n<p class=\"wp-block-paragraph\">Centrada en el m\u00f3n de les joguines i en les formes d&#8217;entreteniment anteriors a la d\u00e8cada dels noranta, l&#8217;obra pret\u00e9n que tant majors com menuts recorden i descobrisquen la tradici\u00f3 i els costums de la nostra cultura. En definitiva, \u00e9s una invitaci\u00f3 pedag\u00f2gica perqu\u00e8 els xiquets i les xiquetes tornen a eixir al carrer a jugar.<\/p>\n\n\n\n<p class=\"wp-block-paragraph\"><strong>La Fam Teatre<\/strong> protagonitzar\u00e0 una de les propostes de major format d&#8217;esta edici\u00f3 amb <strong>Fam<\/strong>, que recorrer\u00e0 l&#8217;<strong>Albereda<\/strong> el <strong>19 d&#8217;agost<\/strong>. L&#8217;espectacle presenta un drac articulat de sis metres d&#8217;altura i dotze metres de longitud, constru\u00eft amb ferro, cuir i fusta, i manipulat per quatre int\u00e8rprets.<\/p>\n\n\n\n<p class=\"wp-block-paragraph\">A trav\u00e9s d&#8217;este enorme titella articulat inspirat en mites i llegendes, la companyia planteja una reflexi\u00f3 sobre la relaci\u00f3 entre les persones i la tecnologia, aix\u00ed com sobre el temor que el factor hum\u00e0 siga substitu\u00eft per esta.<\/p>\n","protected":false},"excerpt":{"rendered":"<div class=\"mh-excerpt\">Les companyies Colectiv Notknown, Cia. El cruce, La Tr\u00f3cola Circ i La Fam Teatre s&#8217;instal\u00b7len en la Glorieta, la Casa dels Berenguer i l&#8217;Albereda. El festival Sagunt a Escena, organitzat per la Conselleria d&#8217;Educaci\u00f3, Cultura <a class=\"mh-excerpt-more\" href=\"https:\/\/tucomarca.whitekongsoftware.com\/ca\/sagunt-a-escena-oferix-quatre-propostes-gratuites-de-circ-valencia-en-diferents-espais-urbans\/\" title=\"Sagunt a Escena oferix quatre propostes gratu\u00eftes de circ valenci\u00e0 en diferents espais urbans\">[+] <\/a><\/div>\n","protected":false},"author":12,"featured_media":308068,"comment_status":"closed","ping_status":"open","sticky":false,"template":"","format":"standard","meta":{"footnotes":""},"categories":[11019,10898,10894,10904,11007,10896],"tags":[13274,17761,21067],"class_list":["post-308069","post","type-post","status-publish","format-standard","has-post-thumbnail","category-agenda-ca","category-ventana-ca","category-la-comarca-ca","category-sin-categorizar-ca","category-ocio-y-cultura-ca","category-seccion-ca","tag-institut-valencia-de-cultura-ca","tag-ivc-ca","tag-sagunt-a-escena-ca"],"_links":{"self":[{"href":"https:\/\/tucomarca.whitekongsoftware.com\/ca\/wp-json\/wp\/v2\/posts\/308069","targetHints":{"allow":["GET"]}}],"collection":[{"href":"https:\/\/tucomarca.whitekongsoftware.com\/ca\/wp-json\/wp\/v2\/posts"}],"about":[{"href":"https:\/\/tucomarca.whitekongsoftware.com\/ca\/wp-json\/wp\/v2\/types\/post"}],"author":[{"embeddable":true,"href":"https:\/\/tucomarca.whitekongsoftware.com\/ca\/wp-json\/wp\/v2\/users\/12"}],"replies":[{"embeddable":true,"href":"https:\/\/tucomarca.whitekongsoftware.com\/ca\/wp-json\/wp\/v2\/comments?post=308069"}],"version-history":[{"count":3,"href":"https:\/\/tucomarca.whitekongsoftware.com\/ca\/wp-json\/wp\/v2\/posts\/308069\/revisions"}],"predecessor-version":[{"id":308078,"href":"https:\/\/tucomarca.whitekongsoftware.com\/ca\/wp-json\/wp\/v2\/posts\/308069\/revisions\/308078"}],"wp:featuredmedia":[{"embeddable":true,"href":"https:\/\/tucomarca.whitekongsoftware.com\/ca\/wp-json\/wp\/v2\/media\/308068"}],"wp:attachment":[{"href":"https:\/\/tucomarca.whitekongsoftware.com\/ca\/wp-json\/wp\/v2\/media?parent=308069"}],"wp:term":[{"taxonomy":"category","embeddable":true,"href":"https:\/\/tucomarca.whitekongsoftware.com\/ca\/wp-json\/wp\/v2\/categories?post=308069"},{"taxonomy":"post_tag","embeddable":true,"href":"https:\/\/tucomarca.whitekongsoftware.com\/ca\/wp-json\/wp\/v2\/tags?post=308069"}],"curies":[{"name":"wp","href":"https:\/\/api.w.org\/{rel}","templated":true}]}}