{"id":308045,"date":"2026-07-14T10:00:00","date_gmt":"2026-07-14T08:00:00","guid":{"rendered":"https:\/\/www.tucomarca.com\/wordpress\/segunda\/?p=308045"},"modified":"2026-07-14T19:10:08","modified_gmt":"2026-07-14T17:10:08","slug":"el-consell-concedeix-ajudes-per-valor-de-26-milions-deuros-a-41-associacions-empresarials-de-la-comunitat-valenciana-per-a-transformar-el-teixit-industrial","status":"publish","type":"post","link":"https:\/\/tucomarca.whitekongsoftware.com\/ca\/el-consell-concedeix-ajudes-per-valor-de-26-milions-deuros-a-41-associacions-empresarials-de-la-comunitat-valenciana-per-a-transformar-el-teixit-industrial\/","title":{"rendered":"El Consell concedeix ajudes per valor de 2,6 milions d&#8217;euros a 41 associacions empresarials de la Comunitat Valenciana per a transformar el teixit industrial"},"content":{"rendered":"\n<h3 class=\"wp-block-heading\">El programa Inenti 2026 recolza les activitats del teixit associatiu per a vertebrar el territori i millorar la competitivitat sectorial.<\/h3>\n\n\n\n<h3 class=\"wp-block-heading\">Les ajudes cobreixen el 70% dels costos subvencionables amb un m\u00e0xim de 100.000 euros per projecte.<\/h3>\n\n\n\n<p class=\"wp-block-paragraph\">La Conselleria d&#8217;Ind\u00fastria, Turisme, Innovaci\u00f3 i Comer\u00e7 ha concedit ajudes per valor de 2,6 milions d&#8217;euros a 41 associacions empresarials de pr\u00e0cticament tots els sectors industrials de la Comunitat Valenciana per a recolzar projectes que contribu\u00efsquen a refor\u00e7ar la competitivitat, la innovaci\u00f3 i la transformaci\u00f3 del teixit industrial.<\/p>\n\n\n\n<p class=\"wp-block-paragraph\">Aquestes ajudes, corresponents a la convocat\u00f2ria Inenti 2026, permetran el desenvolupament d&#8217;actuacions impulsades per entitats empresarials que exerceixen un paper estrat\u00e8gic en la reindustrialitzaci\u00f3 de la Comunitat Valenciana.<\/p>\n\n\n\n<p class=\"wp-block-paragraph\">La consellera d&#8217;Ind\u00fastria, Turisme, Innovaci\u00f3 i Comer\u00e7, Mari\u00e1n Cano, ha destacat l&#8217;aposta decidida del Consell per l&#8217;associacionisme empresarial i ha afirmat que constitueix un dels grans actius de la pol\u00edtica industrial valenciana, \u201cperqu\u00e8 permet desenvolupar projectes col\u00b7lectius amb un impacte molt major que les actuacions individuals i contribueix al creixement de les nostres empreses\u201d.<\/p>\n\n\n\n<p class=\"wp-block-paragraph\">Aix\u00ed mateix, ha reiterat el comprom\u00eds de la Generalitat de continuar fent costat a unes associacions que &#8220;vertebren el territori, representen als sectors productius i acompanyen a les empreses en el repte de la reindustrialitzaci\u00f3&#8221;.<\/p>\n\n\n\n<p class=\"wp-block-paragraph\">Les ajudes concedides, que s&#8217;han publicat aquest dimarts en el Diari Oficial de la Generalitat Valenciana (DOGV), finan\u00e7aran fins al 70% dels costos subvencionables, amb un import m\u00e0xim de 100.000 euros per projecte, per a millorar la competitivitat de la ind\u00fastria mitjan\u00e7ant iniciatives d&#8217;innovaci\u00f3, digitalitzaci\u00f3, internacionalitzaci\u00f3, sostenibilitat, formaci\u00f3 especialitzada, cooperaci\u00f3 empresarial i transfer\u00e8ncia de coneixement.<\/p>\n\n\n\n<p class=\"wp-block-paragraph\"><strong>Actuacions subvencionables<\/strong><\/p>\n\n\n\n<p class=\"wp-block-paragraph\">Entre les principals actuacions subvencionables destaquen programes formatius en transformaci\u00f3 digital i aplicaci\u00f3 de la IA a la ind\u00fastria, impuls del passaport digital de productes, organitzaci\u00f3 de congressos com a H\u00e0bitat o Futurmoda, an\u00e0lisi de tend\u00e8ncies sectorials, estudis de mercat i eines de vigil\u00e0ncia tecnol\u00f2gica.<\/p>\n\n\n\n<p class=\"wp-block-paragraph\">Tamb\u00e9 es dona suport a la participaci\u00f3 sectorial en fires i showrooms internacionals (Expoquimia, Fimi, Marmomac), aix\u00ed com jornades de seguretat industrial, an\u00e0lisi i proves conjuntes de productes i materials o l&#8217;impuls d&#8217;indicacions geogr\u00e0fiques industrials.<\/p>\n\n\n\n<p class=\"wp-block-paragraph\"><strong>Benefici\u00e0ries Programa I<\/strong><\/p>\n\n\n\n<p class=\"wp-block-paragraph\">Inenti 2026 consta de dos programes d&#8217;actuaci\u00f3. El Programa I est\u00e0 enfocat en l&#8217;especialitzaci\u00f3 industrial i sectorial i en ell s&#8217;han concedit un total de 2.323.394,41 euros a 35 associacions.<\/p>\n\n\n\n<p class=\"wp-block-paragraph\">Aix\u00ed, en l&#8217;\u00e0mbit de la ind\u00fastria agroaliment\u00e0ria i biotecnologia les ajudes es destinaran a la Federaci\u00f3 Empresarial d&#8217;Agroalimentaci\u00f3 de la Comunitat Valenciana (Fedacova), al Cl\u00faster Bioval i a l&#8217;Associaci\u00f3 Professional de Flores, Plantes i Tecnologia Hort\u00edcola de la Comunitat Valenciana.<\/p>\n\n\n\n<p class=\"wp-block-paragraph\">El sector cer\u00e0mic comptar\u00e0 amb subvencions per a l&#8217;Associaci\u00f3 Espanyola de Fabricants de Taulells i Paviments Cer\u00e0mics (Ascer), l&#8217;Associaci\u00f3 Nacional de Fabricants de Fregides, Esmalts i Colors Cer\u00e0mics (ANFFECC), l&#8217;Associaci\u00f3 Espanyola de T\u00e8cnics Cer\u00e0mics (ATC) i l&#8217;Associaci\u00f3 Espanyola de Fabricants de Maquin\u00e0ria i B\u00e9ns d&#8217;Equip per a la Ind\u00fastria Cer\u00e0mica (Asebec).<\/p>\n\n\n\n<p class=\"wp-block-paragraph\">Tamb\u00e9 rebran ajudes l&#8217;Associaci\u00f3 Valenciana de la Ind\u00fastria d&#8217;Automoci\u00f3 (Avia), l&#8217;Associaci\u00f3 Espanyola d&#8217;Empreses de Components per al Cal\u00e7at (AEC), l&#8217;Associaci\u00f3 Valenciana d&#8217;Empresaris del Cal\u00e7at (Avecal), el Cl\u00faster de l&#8217;Energia de la Comunitat Valenciana, l&#8217;Associaci\u00f3 Valenciana d&#8217;Empreses del Sector de l&#8217;Energia (Avaesen), el Cl\u00faster d&#8217;Env\u00e0s i Embalatge i la Federaci\u00f3 Espanyola de l&#8217;Env\u00e0s de Fusta i els seus Components (Fedemco).<\/p>\n\n\n\n<p class=\"wp-block-paragraph\">Entre les entitats que rebran finan\u00e7ament figuren, a m\u00e9s, l&#8217;Associaci\u00f3 d&#8217;Empreses d&#8217;\u00c0rids de la Comunitat Valenciana i l&#8217;Associaci\u00f3 per a l&#8217;Impuls de la Investigaci\u00f3, Desenvolupament i Innovaci\u00f3 d&#8217;Impacte en Esport i Activitat F\u00edsica.<\/p>\n\n\n\n<p class=\"wp-block-paragraph\">Tamb\u00e9 s&#8217;han concedit ajudes a organitzacions de refer\u00e8ncia del sector joguet com s\u00f3n l&#8217;Associaci\u00f3 Espanyola de Productes per a la Inf\u00e0ncia (Asepri), el Cl\u00faster d&#8217;Empreses Innovadores de la Vall del Joguet i l&#8217;Associaci\u00f3 Espanyola de Fabricants de Joguets.<\/p>\n\n\n\n<p class=\"wp-block-paragraph\">En el sector h\u00e0bitat han resultat benefici\u00e0ries les associacions Fevama, Asemad, Arvet i la Federaci\u00f3 Espanyola d&#8217;Associacions d&#8217;Industrials i Exportadors d&#8217;Aparells d&#8217;Il\u00b7luminaci\u00f3 Decorativa (Fedai), aix\u00ed com Marbre d&#8217;Alacant.<\/p>\n\n\n\n<p class=\"wp-block-paragraph\">La Federaci\u00f3 d&#8217;Empresaris del Metall de la Prov\u00edncia d&#8217;Alacant (Fempa), la Federaci\u00f3 Empresarial Metal\u00b7l\u00fargica Valenciana (Femeval), l&#8217;Associaci\u00f3 de Fabricants de Rajoles i Texas de la Comunitat Valenciana i el Cl\u00faster Innovall tamb\u00e9 es troben entre les entitats benefici\u00e0ries.<\/p>\n\n\n\n<p class=\"wp-block-paragraph\">Aix\u00ed mateix, rebran suport Quimacova i Quimelta en el sector qu\u00edmic, Avep en el sector del pl\u00e0stic, Asven en producci\u00f3 audiovisual i videojocs, aix\u00ed com Unifam, l&#8217;Associaci\u00f3 d&#8217;Empresaris T\u00e8xtils de la Comunitat Valenciana i ATEVAL Vall d&#8217;Albaida.<\/p>\n\n\n\n<p class=\"wp-block-paragraph\"><strong>Entitats multisectorials<\/strong><\/p>\n\n\n\n<p class=\"wp-block-paragraph\">Per part seua, el Programa II est\u00e0 destinat a entitats associatives de marcat car\u00e0cter territorial i multisectorial, amb un total de 306.901,08 euros concedits a sis associacions comarcals.<\/p>\n\n\n\n<p class=\"wp-block-paragraph\">D&#8217;aquesta manera, s&#8217;han concedit ajudes a l&#8217;Agrupaci\u00f3 Comarcal d&#8217;Empresaris (Ace); l&#8217;Associaci\u00f3 d&#8217;Empresaris del Camp de Morvedre (Asecam), l&#8217;Associaci\u00f3 Empresarial Pol\u00edgons Riba-roja A-3 i a la Confederaci\u00f3 Empresarial de la Vall d&#8217;Albaida (Coeval).<\/p>\n\n\n\n<p class=\"wp-block-paragraph\">Aix\u00ed mateix, han resultat benefici\u00e0ries l&#8217;Associaci\u00f3 d&#8217;Empresaris Ibiae i la Federaci\u00f3 Empresarial de l&#8217;Alcoi\u00e0 i el Comtat (Fedac).<\/p>\n\n\n\n<p class=\"wp-block-paragraph\">Se subvencionen les actuacions desenvolupades entre l&#8217;1 de gener i el 10 de novembre de 2026 i el termini per a presentar la justificaci\u00f3 ser\u00e0 fins al 10 de novembre de 2026, a trav\u00e9s del seg\u00fcent enlla\u00e7: http:\/\/www.gva.es\/es\/inicio\/procedimientos?id_proc=g15450.<\/p>\n","protected":false},"excerpt":{"rendered":"<div class=\"mh-excerpt\">El programa Inenti 2026 recolza les activitats del teixit associatiu per a vertebrar el territori i millorar la competitivitat sectorial. Les ajudes cobreixen el 70% dels costos subvencionables amb un m\u00e0xim de 100.000 euros per <a class=\"mh-excerpt-more\" href=\"https:\/\/tucomarca.whitekongsoftware.com\/ca\/el-consell-concedeix-ajudes-per-valor-de-26-milions-deuros-a-41-associacions-empresarials-de-la-comunitat-valenciana-per-a-transformar-el-teixit-industrial\/\" title=\"El Consell concedeix ajudes per valor de 2,6 milions d&#8217;euros a 41 associacions empresarials de la Comunitat Valenciana per a transformar el teixit industrial\">[+] <\/a><\/div>\n","protected":false},"author":12,"featured_media":308042,"comment_status":"closed","ping_status":"open","sticky":false,"template":"","format":"standard","meta":{"footnotes":""},"categories":[10898,10948,10894,10904,10947,10896],"tags":[22774,11498,12962],"class_list":["post-308045","post","type-post","status-publish","format-standard","has-post-thumbnail","category-ventana-ca","category-infraestructuras-ca","category-la-comarca-ca","category-sin-categorizar-ca","category-politica","category-seccion-ca","tag-conselleria-de-industria-ca","tag-generalitat-valenciana-ca","tag-turismo-ca"],"_links":{"self":[{"href":"https:\/\/tucomarca.whitekongsoftware.com\/ca\/wp-json\/wp\/v2\/posts\/308045","targetHints":{"allow":["GET"]}}],"collection":[{"href":"https:\/\/tucomarca.whitekongsoftware.com\/ca\/wp-json\/wp\/v2\/posts"}],"about":[{"href":"https:\/\/tucomarca.whitekongsoftware.com\/ca\/wp-json\/wp\/v2\/types\/post"}],"author":[{"embeddable":true,"href":"https:\/\/tucomarca.whitekongsoftware.com\/ca\/wp-json\/wp\/v2\/users\/12"}],"replies":[{"embeddable":true,"href":"https:\/\/tucomarca.whitekongsoftware.com\/ca\/wp-json\/wp\/v2\/comments?post=308045"}],"version-history":[{"count":2,"href":"https:\/\/tucomarca.whitekongsoftware.com\/ca\/wp-json\/wp\/v2\/posts\/308045\/revisions"}],"predecessor-version":[{"id":308057,"href":"https:\/\/tucomarca.whitekongsoftware.com\/ca\/wp-json\/wp\/v2\/posts\/308045\/revisions\/308057"}],"wp:featuredmedia":[{"embeddable":true,"href":"https:\/\/tucomarca.whitekongsoftware.com\/ca\/wp-json\/wp\/v2\/media\/308042"}],"wp:attachment":[{"href":"https:\/\/tucomarca.whitekongsoftware.com\/ca\/wp-json\/wp\/v2\/media?parent=308045"}],"wp:term":[{"taxonomy":"category","embeddable":true,"href":"https:\/\/tucomarca.whitekongsoftware.com\/ca\/wp-json\/wp\/v2\/categories?post=308045"},{"taxonomy":"post_tag","embeddable":true,"href":"https:\/\/tucomarca.whitekongsoftware.com\/ca\/wp-json\/wp\/v2\/tags?post=308045"}],"curies":[{"name":"wp","href":"https:\/\/api.w.org\/{rel}","templated":true}]}}