{"id":308003,"date":"2026-07-14T08:45:00","date_gmt":"2026-07-14T06:45:00","guid":{"rendered":"https:\/\/www.tucomarca.com\/wordpress\/segunda\/?p=308003"},"modified":"2026-07-14T18:18:25","modified_gmt":"2026-07-14T16:18:25","slug":"csif-demana-a-conselleria-que-amplie-la-plantilla-en-els-organs-judicials-per-a-reforcar-lentrada-de-nous-jutges-i-fiscals-entre-ells-alzira-lliria-i-requena","status":"publish","type":"post","link":"https:\/\/tucomarca.whitekongsoftware.com\/ca\/csif-demana-a-conselleria-que-amplie-la-plantilla-en-els-organs-judicials-per-a-reforcar-lentrada-de-nous-jutges-i-fiscals-entre-ells-alzira-lliria-i-requena\/","title":{"rendered":"CSIF demana a Conselleria que amplie la plantilla en els \u00f2rgans judicials per a refor\u00e7ar l&#8217;entrada de nous jutges i fiscals, entre ells Alzira, Ll\u00edria i Requena"},"content":{"rendered":"\n<h3 class=\"wp-block-heading\">La central sindical alerta de la possibilitat de \u201cinfradotaci\u00f3 de personal que comprometa l&#8217;efic\u00e0cia del servei p\u00fablic\u201d si la Generalitat no crea m\u00e9s places de funcionari de Just\u00edcia.<\/h3>\n\n\n\n<p class=\"wp-block-paragraph\">El sindicat CSIF ha demanat per escrit a Conselleria de Just\u00edcia \u201cla creaci\u00f3 i dotaci\u00f3 de les places necess\u00e0ries dels cossos de Gesti\u00f3 Processal i Administrativa, Tramitaci\u00f3 Processal i Administrativa i Auxili Judicial i M\u00e8dics Forenses\u201d. La central sindical considera aquesta mesura indispensable per a acompanyar \u201cl&#8217;entrada en funcionament dels nous \u00f2rgans judicials i fiscals en la Comunitat Valenciana\u201d.<\/p>\n\n\n\n<p class=\"wp-block-paragraph\">La Central Sindical Independent i de Funcionaris (CSIF) explica que el Reial decret 559\/2026, de 7 de juliol, publicat en el Butllet\u00ed Oficial de l&#8217;Estat amb data de 9 de juliol, detalla la creaci\u00f3 de noves places judicials en tota Espanya. Eixa mesura t\u00e9 el seu efecte en l&#8217;\u00e0mbit auton\u00f2mic, amb places en el Tribunal Superior de Just\u00edcia, en les audi\u00e8ncies provincials, en les seccions dels tribunals d&#8217;inst\u00e0ncia, en les civils i d&#8217;instrucci\u00f3 o en el Social.<\/p>\n\n\n\n<p class=\"wp-block-paragraph\">CSIF assenyala que, per exemple, contempla la constituci\u00f3 de noves places judicials a Elda, Sant Vicent del Raspeig, Ll\u00edria, Alzira, X\u00e1tiva, Requena, Paterna, Picassent, Gandia, Torrent, Torrevella, Benidorm, Oriola, Elx o Quart de Poblet, a m\u00e9s de les projectades en les tres capitals de prov\u00edncia. Tamb\u00e9 preveu ampliar la plantilla del Ministeri Fiscal a Val\u00e8ncia, Alzira, Gandia, Alacant, Alcoi, Benidorm-D\u00e9nia, Elx, Torrevella o Castell\u00f3.&nbsp;<\/p>\n\n\n\n<p class=\"wp-block-paragraph\">El sindicat considera que aquesta iniciativa de creaci\u00f3 de nous \u00f2rgans i places judicials i fiscals \u201cconstitueix una mesura necess\u00e0ria per a atendre l&#8217;increment de la litigiositat i millorar la prestaci\u00f3 del servei p\u00fablic\u201d. No obstant aix\u00f2, en l&#8217;escrit rem\u00e9s a Conselleria aclareix que \u201caquesta finalitat no pot aconseguir-se si l&#8217;ampliaci\u00f3 de la planta judicial no va acompanyada d&#8217;un increment proporcional de les plantilles dels cossos generals i especials al servei de l&#8217;Administraci\u00f3 de Just\u00edcia\u201d.<\/p>\n\n\n\n<p class=\"wp-block-paragraph\">CSIF, en aquesta l\u00ednia, planteja a Conselleria, i en concret a la Direcci\u00f3 General de Just\u00edcia en el document rem\u00e9s, que \u201cprocedisca a la creaci\u00f3 i dotaci\u00f3 de les places necess\u00e0ries dels cossos de Gesti\u00f3 Processal i Administrativa, Tramitaci\u00f3 Processal i Administrativa i Auxili Judicial i M\u00e8dics Forenses per a atendre les necessitats derivades de les noves places judicials i fiscals creades en la Comunitat Valenciana pel Reial decret 559\/2026\u201d.<\/p>\n\n\n\n<p class=\"wp-block-paragraph\">El sindicat, a m\u00e9s, posa l&#8217;accent que eixa ampliaci\u00f3 de plantilla \u201cs&#8217;efectue de manera simult\u00e0nia a l&#8217;entrada en funcionament dels nous \u00f2rgans judicials i fiscals, de manera que evite situacions d&#8217;infradotaci\u00f3 de personal que comprometen l&#8217;efic\u00e0cia del servei p\u00fablic de Just\u00edcia\u201d.&nbsp;<\/p>\n\n\n\n<p class=\"wp-block-paragraph\">CSIF, referent a aix\u00f2, avisa d&#8217;experi\u00e8ncies anteriors d&#8217;ampliaci\u00f3 de planta judicial amb insufici\u00e8ncia de personal que van derivar en \u201cretards en la tramitaci\u00f3 dels procediments, increment de les c\u00e0rregues de treball, majors dificultats organitzatives i, en definitiva, una deterioraci\u00f3 de la qualitat del servei prestat a la ciutadania\u201d.<\/p>\n\n\n\n<p class=\"wp-block-paragraph\">La central sindical sol\u00b7licita tamb\u00e9 en el seu escrit, en la l\u00ednia de la petici\u00f3, la convocat\u00f2ria de \u201cla corresponent reuni\u00f3 de Taula Sectorial per a negociar la creaci\u00f3 dels nous llocs de treball i l&#8217;adequaci\u00f3 de les relacions dels llocs de treball a la nova planta judicial\u201d.<\/p>\n","protected":false},"excerpt":{"rendered":"<div class=\"mh-excerpt\">La central sindical alerta de la possibilitat de \u201cinfradotaci\u00f3 de personal que comprometa l&#8217;efic\u00e0cia del servei p\u00fablic\u201d si la Generalitat no crea m\u00e9s places de funcionari de Just\u00edcia. El sindicat CSIF ha demanat per escrit <a class=\"mh-excerpt-more\" href=\"https:\/\/tucomarca.whitekongsoftware.com\/ca\/csif-demana-a-conselleria-que-amplie-la-plantilla-en-els-organs-judicials-per-a-reforcar-lentrada-de-nous-jutges-i-fiscals-entre-ells-alzira-lliria-i-requena\/\" title=\"CSIF demana a Conselleria que amplie la plantilla en els \u00f2rgans judicials per a refor\u00e7ar l&#8217;entrada de nous jutges i fiscals, entre ells Alzira, Ll\u00edria i Requena\">[+] <\/a><\/div>\n","protected":false},"author":12,"featured_media":149599,"comment_status":"closed","ping_status":"open","sticky":false,"template":"","format":"standard","meta":{"footnotes":""},"categories":[10889,10892,10948,10894,10904,10902,10928,10947,10908,10909,10896],"tags":[11199,11140],"class_list":["post-308003","post","type-post","status-publish","format-standard","has-post-thumbnail","category-alzira-cat","category-camp-de-turia-ca","category-infraestructuras-ca","category-la-comarca-ca","category-sin-categorizar-ca","category-la-ribera-ca","category-lliria-ca","category-politica","category-requena-ca","category-requena-utiel-ca","category-seccion-ca","tag-la-comunitat-ca","tag-politica-ca"],"_links":{"self":[{"href":"https:\/\/tucomarca.whitekongsoftware.com\/ca\/wp-json\/wp\/v2\/posts\/308003","targetHints":{"allow":["GET"]}}],"collection":[{"href":"https:\/\/tucomarca.whitekongsoftware.com\/ca\/wp-json\/wp\/v2\/posts"}],"about":[{"href":"https:\/\/tucomarca.whitekongsoftware.com\/ca\/wp-json\/wp\/v2\/types\/post"}],"author":[{"embeddable":true,"href":"https:\/\/tucomarca.whitekongsoftware.com\/ca\/wp-json\/wp\/v2\/users\/12"}],"replies":[{"embeddable":true,"href":"https:\/\/tucomarca.whitekongsoftware.com\/ca\/wp-json\/wp\/v2\/comments?post=308003"}],"version-history":[{"count":2,"href":"https:\/\/tucomarca.whitekongsoftware.com\/ca\/wp-json\/wp\/v2\/posts\/308003\/revisions"}],"predecessor-version":[{"id":308020,"href":"https:\/\/tucomarca.whitekongsoftware.com\/ca\/wp-json\/wp\/v2\/posts\/308003\/revisions\/308020"}],"wp:featuredmedia":[{"embeddable":true,"href":"https:\/\/tucomarca.whitekongsoftware.com\/ca\/wp-json\/wp\/v2\/media\/149599"}],"wp:attachment":[{"href":"https:\/\/tucomarca.whitekongsoftware.com\/ca\/wp-json\/wp\/v2\/media?parent=308003"}],"wp:term":[{"taxonomy":"category","embeddable":true,"href":"https:\/\/tucomarca.whitekongsoftware.com\/ca\/wp-json\/wp\/v2\/categories?post=308003"},{"taxonomy":"post_tag","embeddable":true,"href":"https:\/\/tucomarca.whitekongsoftware.com\/ca\/wp-json\/wp\/v2\/tags?post=308003"}],"curies":[{"name":"wp","href":"https:\/\/api.w.org\/{rel}","templated":true}]}}