{"id":307997,"date":"2026-07-14T12:00:00","date_gmt":"2026-07-14T10:00:00","guid":{"rendered":"https:\/\/www.tucomarca.com\/wordpress\/segunda\/?p=307997"},"modified":"2026-07-14T14:46:22","modified_gmt":"2026-07-14T12:46:22","slug":"la-generalitat-declara-el-maxim-nivell-de-preemergencia-enfront-del-risc-dincendis-en-tota-la-comunitat-valenciana-i-demana-extremar-les-precaucions","status":"publish","type":"post","link":"https:\/\/tucomarca.whitekongsoftware.com\/ca\/la-generalitat-declara-el-maxim-nivell-de-preemergencia-enfront-del-risc-dincendis-en-tota-la-comunitat-valenciana-i-demana-extremar-les-precaucions\/","title":{"rendered":"La Generalitat declara el m\u00e0xim nivell de preemerg\u00e8ncia enfront del risc d&#8217;incendis en tota la Comunitat Valenciana i demana extremar les precaucions"},"content":{"rendered":"\n<h3 class=\"wp-block-heading\">S&#8217;estableixen restriccions, vigents els dies 15 i 16 de juliol, com la prohibici\u00f3 de circular per les pistes i camins forestals o dins dels parcs naturals.<\/h3>\n\n\n\n<h3 class=\"wp-block-heading\">El Centre de Coordinaci\u00f3 d&#8217;Emerg\u00e8ncies estableix l&#8217;alerta nivell roig per temperatures m\u00e0ximes en el litoral de la prov\u00edncia de Val\u00e8ncia; i la resta de la Comunitat Valenciana registrar\u00e0 avisos grocs i taronges.<\/h3>\n\n\n\n<p class=\"wp-block-paragraph\">la Generalitat ha establit el nivell de preemerg\u00e8ncia 3 (risc m\u00e0xim) del Pla Especial enfront del Risc d&#8217;Incendis Forestals en tot el territori de la Comunitat Valenciana des del dimecres, 15 de juliol, fins al dijous, 16 de juliol, tots dos inclusivament.<\/p>\n\n\n\n<p class=\"wp-block-paragraph\">La decisi\u00f3 s&#8217;ha adoptat a trav\u00e9s d&#8217;una nova resoluci\u00f3 conjunta emesa per la direcci\u00f3 de l&#8217;Ag\u00e8ncia Valenciana de Seguretat i Resposta a les Emerg\u00e8ncies i la Secretaria Auton\u00f2mica de Medi Ambient i Territori davant les condicions de risc extrem d&#8217;incendis forestals declarat en tota la Comunitat Valenciana, nuat a un episodi de temperatures significativament elevades amb possibilitat de tempestes seques a l&#8217;interior.<\/p>\n\n\n\n<p class=\"wp-block-paragraph\">Aquesta declaraci\u00f3 del nivell m\u00e0xim de risc suposa l&#8217;entrada en vigor d&#8217;una s\u00e8rie de prohibicions d&#8217;obligat compliment en terrenys forestals de la Comunitat Valenciana, com la prohibici\u00f3 del tr\u00e0nsit de persones per senderes i camp a trav\u00e9s, la suspensi\u00f3 d&#8217;obres i treballs en els terrenys forestals o els seus voltants i la suspensi\u00f3 de l&#8217;\u00fas festiu-recreatiu del foc per motius festius en terrenys forestals i en la zona d&#8217;influ\u00e8ncia forestal (fins a 500 metres).<\/p>\n\n\n\n<p class=\"wp-block-paragraph\">Tamb\u00e9 figura la prohibici\u00f3 gen\u00e8rica d&#8217;encendre qualsevol tipus de foc en els terrenys forestals i en la zona d&#8217;influ\u00e8ncia forestal (fins a 500 metres) i la suspensi\u00f3 de qualsevol tipus d&#8217;autoritzaci\u00f3 atorgada per a circulaci\u00f3 esportiva per terrenys forestals.<\/p>\n\n\n\n<p class=\"wp-block-paragraph\">A m\u00e9s, amb motiu d&#8217;aquesta situaci\u00f3 meteorol\u00f2gica extraordin\u00e0ria, s&#8217;afigen una s\u00e8rie de restriccions addicionals, entre les quals es troba la prohibici\u00f3 de circular per les pistes i camins forestals, amb qualsevol tipus de vehicle, bicicleta o a peu, dins dels parcs naturals de la Serra d&#8217;Espad\u00e0, Serra Calderona, Xera-Sot de Xera, la Pobla de Sant Miquel, T\u00faria, Fal\u00e7s del Cabriol, Marjal Pego-Oliva, Serra de Mariola, Font Roja, El Montg\u00f3, Penyal d&#8217;Ifac i Serra Gelada, aix\u00ed com en la zona forestal del parc natural de l&#8217;Albufera.<\/p>\n\n\n\n<p class=\"wp-block-paragraph\">S&#8217;exceptua d&#8217;aquesta prohibici\u00f3 el tr\u00e0nsit de vehicles per a actuacions de gesti\u00f3, prove\u00efment, manteniment, vigil\u00e0ncia, acc\u00e9s a resid\u00e8ncies, explotacions agr\u00e0ries o instal\u00b7lacions de serveis enclavades dins dels parcs naturals.<\/p>\n\n\n\n<p class=\"wp-block-paragraph\">Igualment, s&#8217;ha establit la prohibici\u00f3 de qualsevol prova esportiva que transc\u00f3rrega per terreny forestal i la suspensi\u00f3 de les ja autoritzades per al per\u00edode indicat. A m\u00e9s, les \u00e0rees recreatives, zones d&#8217;acampada i campaments gestionats per la Generalitat, i els albergs, campaments i c\u00e0mpings situats en terrenys forestals, no podran realitzar activitats esportives i\/o recreatives fora de les instal\u00b7lacions pr\u00f2pies d&#8217;aquests.<\/p>\n\n\n\n<p class=\"wp-block-paragraph\"><strong>Avisos meteorol\u00f2gics actius<\/strong><\/p>\n\n\n\n<p class=\"wp-block-paragraph\">El Centre de Coordinaci\u00f3 d&#8217;Emerg\u00e8ncies de la Generalitat mant\u00e9 activats el Pla Territorial d&#8217;Emerg\u00e8ncies de la Comunitat Valenciana i el Pla Especial enfront del Risc d&#8217;Inundacions davant els avisos meteorol\u00f2gics emesos per l&#8217;Ag\u00e8ncia Estatal de Meteorologia (AEMET) per als pr\u00f2xims dies.<\/p>\n\n\n\n<p class=\"wp-block-paragraph\">A la prov\u00edncia de Castell\u00f3 es mant\u00e9 un av\u00eds taronja per temperatures m\u00e0ximes a l&#8217;interior sud, un av\u00eds groc per tempestes a l&#8217;interior sud i un av\u00eds groc per temperatures m\u00e0ximes a l&#8217;interior nord i en els litorals nord i sud.<\/p>\n\n\n\n<p class=\"wp-block-paragraph\">A la prov\u00edncia de Val\u00e8ncia l&#8217;av\u00eds aconsegueix el nivell roig per temperatures m\u00e0ximes en el litoral nord i en el litoral sud, el nivell taronja per temperatures m\u00e0ximes a l&#8217;interior nord i a l&#8217;interior sud, i el nivell groc per tempestes a l&#8217;interior nord i a l&#8217;interior sud.<\/p>\n\n\n\n<p class=\"wp-block-paragraph\">A la prov\u00edncia d&#8217;Alacant es mant\u00e9 un av\u00eds taronja per temperatures m\u00e0ximes en tota la prov\u00edncia.<\/p>\n\n\n\n<p class=\"wp-block-paragraph\">L&#8217;AEMET preveu que l&#8217;increment de temperatures siga especialment significatiu durant el dia de dem\u00e0.<\/p>\n\n\n\n<p class=\"wp-block-paragraph\"><strong>M\u00e0xima prud\u00e8ncia a la ciutadania<\/strong><\/p>\n\n\n\n<p class=\"wp-block-paragraph\">Aquesta resoluci\u00f3 pret\u00e9n refor\u00e7ar la conscienciaci\u00f3 individual i la responsabilitat col\u00b7lectiva, per la qual cosa es fa una crida a la societat en general demanant m\u00e0xima prud\u00e8ncia a la ciutadania a l&#8217;hora d&#8217;accedir a l&#8217;\u00e0mbit forestal i les zones d&#8217;interf\u00edcie agr\u00edcola-forestal i urb\u00e0-forestal, i efectua tamb\u00e9 recomanacions a la poblaci\u00f3 per a la situaci\u00f3 d&#8217;onada de calor.<\/p>\n\n\n\n<p class=\"wp-block-paragraph\">S&#8217;aconsella aix\u00ed tindre especial compte amb menors, persones majors, malalts i persones vulnerables, mantindre la casa fresca i ventilada, evitar l&#8217;exposici\u00f3 directa al sol (sobretot entre les 12.00 i les 16.00 hores) i la realitzaci\u00f3 d&#8217;activitats esportives a l&#8217;aire lliure, utilitzar protecci\u00f3 solar, realitzar menjars lleugers rics en aigua i sals minerals i beure molta aigua, vestir amb roba lleugera de colors clars i cobrint la major partdel cuerpo, sobre todo la cabeza, no dejar a nadie ni a ninguna mascota en el interior de un veh\u00edculo cerrado y, en caso de necesidad, llamar al 112.<\/p>\n","protected":false},"excerpt":{"rendered":"<div class=\"mh-excerpt\">S&#8217;estableixen restriccions, vigents els dies 15 i 16 de juliol, com la prohibici\u00f3 de circular per les pistes i camins forestals o dins dels parcs naturals. El Centre de Coordinaci\u00f3 d&#8217;Emerg\u00e8ncies estableix l&#8217;alerta nivell roig <a class=\"mh-excerpt-more\" href=\"https:\/\/tucomarca.whitekongsoftware.com\/ca\/la-generalitat-declara-el-maxim-nivell-de-preemergencia-enfront-del-risc-dincendis-en-tota-la-comunitat-valenciana-i-demana-extremar-les-precaucions\/\" title=\"La Generalitat declara el m\u00e0xim nivell de preemerg\u00e8ncia enfront del risc d&#8217;incendis en tota la Comunitat Valenciana i demana extremar les precaucions\">[+] <\/a><\/div>\n","protected":false},"author":12,"featured_media":275536,"comment_status":"closed","ping_status":"open","sticky":false,"template":"","format":"standard","meta":{"footnotes":""},"categories":[10898,10948,10894,10904,10903,10947,10896,10897],"tags":[21789,11199,12166,22781],"class_list":["post-307997","post","type-post","status-publish","format-standard","has-post-thumbnail","category-ventana-ca","category-infraestructuras-ca","category-la-comarca-ca","category-sin-categorizar-ca","category-medio-ambiente-la-comarca-ca","category-politica","category-seccion-ca","category-sucesos-la-comarca-ca","tag-generalitat-ca","tag-la-comunitat-ca","tag-medio-ambiente-ca","tag-stop-al-foc-ca"],"_links":{"self":[{"href":"https:\/\/tucomarca.whitekongsoftware.com\/ca\/wp-json\/wp\/v2\/posts\/307997","targetHints":{"allow":["GET"]}}],"collection":[{"href":"https:\/\/tucomarca.whitekongsoftware.com\/ca\/wp-json\/wp\/v2\/posts"}],"about":[{"href":"https:\/\/tucomarca.whitekongsoftware.com\/ca\/wp-json\/wp\/v2\/types\/post"}],"author":[{"embeddable":true,"href":"https:\/\/tucomarca.whitekongsoftware.com\/ca\/wp-json\/wp\/v2\/users\/12"}],"replies":[{"embeddable":true,"href":"https:\/\/tucomarca.whitekongsoftware.com\/ca\/wp-json\/wp\/v2\/comments?post=307997"}],"version-history":[{"count":1,"href":"https:\/\/tucomarca.whitekongsoftware.com\/ca\/wp-json\/wp\/v2\/posts\/307997\/revisions"}],"predecessor-version":[{"id":307998,"href":"https:\/\/tucomarca.whitekongsoftware.com\/ca\/wp-json\/wp\/v2\/posts\/307997\/revisions\/307998"}],"wp:featuredmedia":[{"embeddable":true,"href":"https:\/\/tucomarca.whitekongsoftware.com\/ca\/wp-json\/wp\/v2\/media\/275536"}],"wp:attachment":[{"href":"https:\/\/tucomarca.whitekongsoftware.com\/ca\/wp-json\/wp\/v2\/media?parent=307997"}],"wp:term":[{"taxonomy":"category","embeddable":true,"href":"https:\/\/tucomarca.whitekongsoftware.com\/ca\/wp-json\/wp\/v2\/categories?post=307997"},{"taxonomy":"post_tag","embeddable":true,"href":"https:\/\/tucomarca.whitekongsoftware.com\/ca\/wp-json\/wp\/v2\/tags?post=307997"}],"curies":[{"name":"wp","href":"https:\/\/api.w.org\/{rel}","templated":true}]}}