{"id":307993,"date":"2026-07-14T08:50:00","date_gmt":"2026-07-14T06:50:00","guid":{"rendered":"https:\/\/www.tucomarca.com\/wordpress\/segunda\/?p=307993"},"modified":"2026-07-14T18:20:58","modified_gmt":"2026-07-14T16:20:58","slug":"les-produccions-teatrals-del-institut-valencia-de-cultura-protagonitzen-els-festivals-destiu-de-la-generalitat","status":"publish","type":"post","link":"https:\/\/tucomarca.whitekongsoftware.com\/ca\/les-produccions-teatrals-del-institut-valencia-de-cultura-protagonitzen-els-festivals-destiu-de-la-generalitat\/","title":{"rendered":"Les produccions teatrals del Institut Valenci\u00e0 de Cultura protagonitzen els festivals d&#8217;estiu de la Generalitat"},"content":{"rendered":"\n<h3 class=\"wp-block-heading\">\u2018El Narc\u00eds en la seua opini\u00f3\u2019 de Guillem de Castro&nbsp;s&#8217;estrenar\u00e0 a Sagunt a Escena amb una versi\u00f3 de Chema Carde\u00f1a dirigida per Rebeca Valls.<\/h3>\n\n\n\n<h3 class=\"wp-block-heading\">El certamen \u2018FRESCA!\u2019, a Alacant, acollir\u00e0 \u2018Els bojos de Val\u00e8ncia\u2019, dirigida per Jorge Pic\u00f3, i la coproducci\u00f3 \u2018Les filles de Bernarda\u2019, de Taiat Dansa.<\/h3>\n\n\n\n<p class=\"wp-block-paragraph\">El Institut Valenci\u00e0 de Cultura (IVC) presenta aquest estiu diverses de les seues produccions pr\u00f2pies en diferents escenaris de la Comunitat Valenciana amb l&#8217;objectiu d&#8217;acostar aquests treballs a un major nombre de persones i fomentar l&#8217;activitat professional d&#8217;artistes valencians.<\/p>\n\n\n\n<p class=\"wp-block-paragraph\">El festival Sagunt a Escena inaugurar\u00e0 la seua 43a edici\u00f3 amb \u2018El Narc\u00eds en la seua opini\u00f3\u2019, de Guillem de Castro, una de les obres m\u00e9s representatives del Segle d&#8217;Or valenci\u00e0. Aquesta producci\u00f3 del IVC compta amb una versi\u00f3 del text de Chema Carde\u00f1a i la direcci\u00f3 de Rebeca Valls, i proposa una mirada contempor\u00e0nia a aquesta s\u00e0tira social sobre l&#8217;egocentrisme.<\/p>\n\n\n\n<p class=\"wp-block-paragraph\">L&#8217;espectacle reuneix deu int\u00e8rprets valencians i podr\u00e0 veure&#8217;s en el Teatre Rom\u00e0 de Sagunt els dies 1 i 2 d&#8217;agost. La segona representaci\u00f3 de la pe\u00e7a incorporar\u00e0 el servei de Teatre Accessible, amb subtitulat i audiodescripci\u00f3, perqu\u00e8 m\u00e9s persones puguen gaudir de l&#8217;experi\u00e8ncia teatral. A m\u00e9s, aquest treball formar\u00e0 part de la programaci\u00f3 del Teatre Principal de Val\u00e8ncia durant la pr\u00f2xima temporada.<\/p>\n\n\n\n<p class=\"wp-block-paragraph\">Per part seua, \u2018FRESCA!\u2019, el festival d&#8217;estiu del Institut Valenci\u00e0 de Cultura a Alacant, s&#8217;inaugurar\u00e0 el 17 de juliol, a les 22.00 hores, a casa Mediterrani amb l&#8217;espectacle \u2018Les filles de Bernarda\u2019, una coproducci\u00f3 dels Arts, IVC \u2013 Festival Dansa Val\u00e8ncia, Mercat dels Flors i Taiat Dansa, basada en \u2018La casa de Bernarda Alba\u2019, de Federico Garc\u00eda Lorca.<\/p>\n\n\n\n<p class=\"wp-block-paragraph\">La proposta, dirigida per Meritxell Barber\u00e1 i Inma Garc\u00eda, de Taiat Dansa, recupera les figures d&#8217;aquestes cinc dones per a abordar q\u00fcestions com l&#8217;opressi\u00f3, les tensions familiars, la cr\u00edtica social i la lluita per la llibertat i la identitat.<\/p>\n\n\n\n<p class=\"wp-block-paragraph\">Aix\u00ed mateix, aquest certamen acollir\u00e0 el 21 de juliol la representaci\u00f3 de \u2018Els bojos de Val\u00e8ncia\u2019, de Lope de Vega, en versi\u00f3 de Vicent Montalt i direcci\u00f3 de Jorge Pic\u00f3. L&#8217;obra, protagonitzada per dotze actors i actrius valencians, situa la seua acci\u00f3 a l&#8217;hospital d&#8217;alienats de Val\u00e8ncia, tutelat pel Pare Jofr\u00e9, on presumptament regnen la bogeria i l&#8217;amor a parts iguals.<\/p>\n\n\n\n<p class=\"wp-block-paragraph\">A m\u00e9s d&#8217;aquests muntatges, el IVC ha posat en escena aquesta temporada altres dues produccions pr\u00f2pies: \u2018Els dies lents\u2019, escrita i dirigida per Lola Blasco, i \u2018L&#8217;aguant\u2019, escrita i dirigida per V\u00edctor S\u00e1nchez, que tamb\u00e9 va poder veure&#8217;s en l&#8217;\u00faltima edici\u00f3 de la Mostra de Teatre d\u2019Alcoi, gr\u00e0cies a la col\u00b7laboraci\u00f3 del IVC amb el festival. Igualment, ha reprogramat \u2018La taca\u2019, de Sergio Serrano, amb la finalitat de donar continu\u00eftat als equips art\u00edstics, optimitzar l&#8217;aprofitament dels recursos p\u00fablics invertits i facilitar que l&#8217;obra arribe a un p\u00fablic m\u00e9s ampli.<\/p>\n\n\n\n<p class=\"wp-block-paragraph\">De cara a la pr\u00f2xima temporada, el Institut Valenci\u00e0 de Cultura prepara noves produccions pr\u00f2pies, entre les quals es troba \u2018Arxip\u00e8lag\u2019, dirigida pel core\u00f2graf Kiko L\u00f3pez. L&#8217;audici\u00f3 p\u00fablica per a l&#8217;elecci\u00f3 de l&#8217;elenc se celebrar\u00e0 el pr\u00f2xim 18 de juliol en Espai LaGranja.<\/p>\n","protected":false},"excerpt":{"rendered":"<div class=\"mh-excerpt\">\u2018El Narc\u00eds en la seua opini\u00f3\u2019 de Guillem de Castro&nbsp;s&#8217;estrenar\u00e0 a Sagunt a Escena amb una versi\u00f3 de Chema Carde\u00f1a dirigida per Rebeca Valls. El certamen \u2018FRESCA!\u2019, a Alacant, acollir\u00e0 \u2018Els bojos de Val\u00e8ncia\u2019, dirigida <a class=\"mh-excerpt-more\" href=\"https:\/\/tucomarca.whitekongsoftware.com\/ca\/les-produccions-teatrals-del-institut-valencia-de-cultura-protagonitzen-els-festivals-destiu-de-la-generalitat\/\" title=\"Les produccions teatrals del Institut Valenci\u00e0 de Cultura protagonitzen els festivals d&#8217;estiu de la Generalitat\">[+] <\/a><\/div>\n","protected":false},"author":12,"featured_media":307991,"comment_status":"closed","ping_status":"open","sticky":false,"template":"","format":"standard","meta":{"footnotes":""},"categories":[11019,11005,10898,10894,10904,11007,10896],"tags":[13274,17761,11199,15856],"class_list":["post-307993","post","type-post","status-publish","format-standard","has-post-thumbnail","category-agenda-ca","category-canal-musica","category-ventana-ca","category-la-comarca-ca","category-sin-categorizar-ca","category-ocio-y-cultura-ca","category-seccion-ca","tag-institut-valencia-de-cultura-ca","tag-ivc-ca","tag-la-comunitat-ca","tag-ocio-y-cultura-ca"],"_links":{"self":[{"href":"https:\/\/tucomarca.whitekongsoftware.com\/ca\/wp-json\/wp\/v2\/posts\/307993","targetHints":{"allow":["GET"]}}],"collection":[{"href":"https:\/\/tucomarca.whitekongsoftware.com\/ca\/wp-json\/wp\/v2\/posts"}],"about":[{"href":"https:\/\/tucomarca.whitekongsoftware.com\/ca\/wp-json\/wp\/v2\/types\/post"}],"author":[{"embeddable":true,"href":"https:\/\/tucomarca.whitekongsoftware.com\/ca\/wp-json\/wp\/v2\/users\/12"}],"replies":[{"embeddable":true,"href":"https:\/\/tucomarca.whitekongsoftware.com\/ca\/wp-json\/wp\/v2\/comments?post=307993"}],"version-history":[{"count":1,"href":"https:\/\/tucomarca.whitekongsoftware.com\/ca\/wp-json\/wp\/v2\/posts\/307993\/revisions"}],"predecessor-version":[{"id":307994,"href":"https:\/\/tucomarca.whitekongsoftware.com\/ca\/wp-json\/wp\/v2\/posts\/307993\/revisions\/307994"}],"wp:featuredmedia":[{"embeddable":true,"href":"https:\/\/tucomarca.whitekongsoftware.com\/ca\/wp-json\/wp\/v2\/media\/307991"}],"wp:attachment":[{"href":"https:\/\/tucomarca.whitekongsoftware.com\/ca\/wp-json\/wp\/v2\/media?parent=307993"}],"wp:term":[{"taxonomy":"category","embeddable":true,"href":"https:\/\/tucomarca.whitekongsoftware.com\/ca\/wp-json\/wp\/v2\/categories?post=307993"},{"taxonomy":"post_tag","embeddable":true,"href":"https:\/\/tucomarca.whitekongsoftware.com\/ca\/wp-json\/wp\/v2\/tags?post=307993"}],"curies":[{"name":"wp","href":"https:\/\/api.w.org\/{rel}","templated":true}]}}