{"id":307944,"date":"2026-07-13T10:35:00","date_gmt":"2026-07-13T08:35:00","guid":{"rendered":"https:\/\/www.tucomarca.com\/wordpress\/segunda\/?p=307944"},"modified":"2026-07-13T20:13:22","modified_gmt":"2026-07-13T18:13:22","slug":"fotogaleria-el-teatre-liceu-vibra-amb-el-festival-de-bandes-i-reuneix-tres-agrupacions-que-aquest-estiu-competeixen-en-els-escenaris-mes-exigents-deuropa","status":"publish","type":"post","link":"https:\/\/tucomarca.whitekongsoftware.com\/ca\/fotogaleria-el-teatre-liceu-vibra-amb-el-festival-de-bandes-i-reuneix-tres-agrupacions-que-aquest-estiu-competeixen-en-els-escenaris-mes-exigents-deuropa\/","title":{"rendered":"Fotogaleria: el Teatre Liceu vibra amb el Festival de Bandes i reuneix tres agrupacions que aquest estiu competeixen en els escenaris m\u00e9s exigents d&#8217;Europa"},"content":{"rendered":"\n<h3 class=\"wp-block-heading\">L&#8217;Associaci\u00f3 Musical &#8220;La Lira&#8221; de Xest, la Banda Simf\u00f2nica de Macastre i la Banda Vila de Bullas van protagonitzar una nit d&#8217;alt nivell musical que va servir d&#8217;\u00faltim assaig general abans dels seus respectius compromisos en el Certamen Internacional de Val\u00e8ncia i el World Music Contest de Kerkrade.<\/h3>\n\n\n\n<p class=\"wp-block-paragraph\">El Teatre Liceu de Xest va acollir la nit passada el Festival de Bandes de Xest, una de les cites m\u00e9s destacades del cicle de Serenates 2026, en el qual tres bandes de primer nivell \u2014l&#8217;Associaci\u00f3 Musical Banda Vila de Bullas (M\u00farcia), la Banda Simf\u00f2nica de la Societat Musical Santa Cecilia de Macastre i la Banda Simf\u00f2nica de l&#8217;Associaci\u00f3 Musical &#8220;La Lira&#8221; de Xest\u2014 van compartir escenari en una vetlada de m\u00fasica de banda d&#8217;alt nivell interpretatiu i davant un nodrit i entregat p\u00fablic. El concert de La Lira va comptar a m\u00e9s amb el suport del programa &#8220;Excel\u00b7lent, M\u00fasica de Banda&#8221;, impulsat per la Diputaci\u00f3 de Val\u00e8ncia per a donar suport a l&#8217;activitat de les societats musicals valencianes.<\/p>\n\n\n\n<p class=\"wp-block-paragraph\">&#8220;Quan una banda puja a un escenari no sols interpreta m\u00fasica: porta amb si l&#8217;esfor\u00e7 de generacions, el treball silenci\u00f3s de les seues escoles i l&#8217;orgull de tot un poble&#8221;, va manifestar en el seu discurs la regidora de Cultura, M\u00aa \u00c1ngeles Llorente, que va presentar l&#8217;acte. Llorente va destacar tamb\u00e9 el moment que viuen les tres agrupacions: &#8220;Les tres bandes que aquesta nit comparteixen escenari afronten aquest estiu reptes d&#8217;enorme prestigi, i aix\u00f2 converteix aquest festival en alguna cosa m\u00e9s que un concert: \u00e9s un punt de partida, una declaraci\u00f3 d&#8217;intencions&#8221;.<\/p>\n\n\n\n<p class=\"wp-block-paragraph\"><strong>Bullas obri amb eleg\u00e0ncia i homenatge propi<\/strong><\/p>\n\n\n\n<p class=\"wp-block-paragraph\">La primera a actuar va ser la Banda Vila de Bullas, sota la direcci\u00f3 de V\u00edctor Rodrigo Garc\u00eda, una agrupaci\u00f3 participar\u00e0 pr\u00f2ximament en la Tercera Secci\u00f3 del 138\u00e9 Certamen Internacional de Bandes de M\u00fasica &#8220;Ciutat de Val\u00e8ncia&#8221;. El seu programa va arrancar amb el pasdoble Llavor Greus, de Pascual P\u00e9rez Chov\u00ed, al qual va seguir Assur, de Sara Galiana, una evocaci\u00f3 de l&#8217;antiga civilitzaci\u00f3 ass\u00edria amb llenguatge contemporani. L&#8217;actuaci\u00f3 va tancar amb Sallub, de Ferrer Ferran, un homenatge musical a la pr\u00f2pia localitat murciana que va donar al p\u00fablic chestano una finestra directa a la hist\u00f2ria i identitat de Bullas.<\/p>\n\n\n\n<p class=\"wp-block-paragraph\"><strong>Macastre, amb rumb a Kerkrade<\/strong><\/p>\n\n\n\n<p class=\"wp-block-paragraph\">La Banda Simf\u00f2nica de la Societat Musical Santa Cecilia de Macastre, dirigida per Francisco Carrascosa Miguel, va presentar un programa exigent i de gran envergadura art\u00edstica. Va obrir amb Alfonso de Reina, d&#8217;Ignacio S\u00e1nchez Navarro, seguida de Evolution for Winds, de Mario Putz, un recorregut per diferents llenguatges i sonoritats. El tancament va arribar amb City in Three Words, de Carlos Pellicer, una obra en tres moviments inspirats en la resili\u00e8ncia, l&#8217;adaptabilitat i la creativitat. La banda macastrina es prepara aix\u00ed per al seu gran desafiament de l&#8217;estiu: representar a la seua localitat en el World Music Contest de Kerkrade (Pa\u00efsos Baixos), el certamen de m\u00fasica de vent m\u00e9s prestigi\u00f3s del m\u00f3n, que en 2026 celebra el seu 75\u00e9 aniversari i se celebra del 9 de juliol al 2 d&#8217;agost.<\/p>\n\n\n\n<p class=\"wp-block-paragraph\"><strong>La Lira tanca a casa davant els seus<\/strong><\/p>\n\n\n\n<p class=\"wp-block-paragraph\">L&#8217;amfitriona, l&#8217;Associaci\u00f3 Musical &#8220;La Lira&#8221; de Xest, sota la batuta de Javier Engu\u00eddanos Morat\u00f3, va posar el fermall d&#8217;or a la vetlada amb el programa amb el qual competir\u00e0 en la Segona Secci\u00f3 del Certamen Internacional de Val\u00e8ncia. El concert va arrancar amb el pasdoble Isabel Catal\u00e1, de Gustavo L\u00f3pez, va continuar amb Llegendes del Bosc, d&#8217;Enrique C\u00e1rcel Villalba \u2014un viatge per un univers de naturalesa i fantasia\u2014, i va culminar amb Cantus Laetus, de David Gillingham, un cant llumin\u00f3s que celebra la for\u00e7a transformadora de la m\u00fasica.<\/p>\n\n\n\n<p class=\"wp-block-paragraph\">Llorente va tancar l&#8217;acte amb unes paraules que van resumir l&#8217;esperit de la nit: &#8220;Mentre hi haja una xiqueta o un xiquet aprenent a sostindre un clarinet, una trompeta o un bombard\u00ed; mentre hi haja una banda assajant en qualsevol poble; mentre hi haja persones capaces d&#8217;emocionar-se escoltant m\u00fasica en directe, podrem continuar creient que la cultura t\u00e9 futur&#8221;.<\/p>\n\n\n\n<p class=\"wp-block-paragraph\"><strong>\u00daltim acte de les Serenates: el Certamen Internacional de Bandes de Val\u00e8ncia<\/strong><\/p>\n\n\n\n<p class=\"wp-block-paragraph\">El Festival de Bandes va ser la pen\u00faltima cita del cicle Serenates 2026. El tancament arribar\u00e0 aquest divendres 17 de juliol amb la participaci\u00f3 oficial de la Banda de M\u00fasica &#8220;La Lira&#8221; en el 138\u00e9 Certamen Internacional de Bandes de M\u00fasica &#8220;Ciutat de Val\u00e8ncia&#8221;, en el Palau de la M\u00fasica de Val\u00e8ncia. L&#8217;actuaci\u00f3 est\u00e0 programada per a les 16:30 hores.<\/p>\n\n\n\n<figure class=\"wp-block-gallery has-nested-images columns-2 is-cropped wp-block-gallery-1 is-layout-flex wp-block-gallery-is-layout-flex\">\n<figure class=\"wp-block-image size-large\"><img loading=\"lazy\" decoding=\"async\" width=\"600\" height=\"400\" data-id=\"307925\" src=\"https:\/\/www.tucomarca.com\/wordpress\/segunda\/wp-content\/uploads\/2026\/07\/Cheste_FestivalBandas_08.jpg\" alt=\"\" class=\"wp-image-307925\" srcset=\"https:\/\/tucomarca.whitekongsoftware.com\/wp-content\/uploads\/2026\/07\/Cheste_FestivalBandas_08.jpg 600w, https:\/\/tucomarca.whitekongsoftware.com\/wp-content\/uploads\/2026\/07\/Cheste_FestivalBandas_08-572x381.jpg 572w\" sizes=\"auto, (max-width: 600px) 100vw, 600px\" \/><\/figure>\n\n\n\n<figure class=\"wp-block-image size-large\"><img loading=\"lazy\" decoding=\"async\" width=\"600\" height=\"400\" data-id=\"307927\" src=\"https:\/\/www.tucomarca.com\/wordpress\/segunda\/wp-content\/uploads\/2026\/07\/Cheste_FestivalBandas_07.jpg\" alt=\"\" class=\"wp-image-307927\" srcset=\"https:\/\/tucomarca.whitekongsoftware.com\/wp-content\/uploads\/2026\/07\/Cheste_FestivalBandas_07.jpg 600w, https:\/\/tucomarca.whitekongsoftware.com\/wp-content\/uploads\/2026\/07\/Cheste_FestivalBandas_07-572x381.jpg 572w\" sizes=\"auto, (max-width: 600px) 100vw, 600px\" \/><\/figure>\n\n\n\n<figure class=\"wp-block-image size-large\"><img loading=\"lazy\" decoding=\"async\" width=\"537\" height=\"400\" data-id=\"307931\" src=\"https:\/\/www.tucomarca.com\/wordpress\/segunda\/wp-content\/uploads\/2026\/07\/Cheste_FestivalBandas_05.jpg\" alt=\"\" class=\"wp-image-307931\" srcset=\"https:\/\/tucomarca.whitekongsoftware.com\/wp-content\/uploads\/2026\/07\/Cheste_FestivalBandas_05.jpg 537w, https:\/\/tucomarca.whitekongsoftware.com\/wp-content\/uploads\/2026\/07\/Cheste_FestivalBandas_05-511x381.jpg 511w, https:\/\/tucomarca.whitekongsoftware.com\/wp-content\/uploads\/2026\/07\/Cheste_FestivalBandas_05-80x60.jpg 80w\" sizes=\"auto, (max-width: 537px) 100vw, 537px\" \/><\/figure>\n\n\n\n<figure class=\"wp-block-image size-large\"><img loading=\"lazy\" decoding=\"async\" width=\"600\" height=\"400\" data-id=\"307933\" src=\"https:\/\/www.tucomarca.com\/wordpress\/segunda\/wp-content\/uploads\/2026\/07\/Cheste_FestivalBandas_04.jpg\" alt=\"\" class=\"wp-image-307933\" srcset=\"https:\/\/tucomarca.whitekongsoftware.com\/wp-content\/uploads\/2026\/07\/Cheste_FestivalBandas_04.jpg 600w, https:\/\/tucomarca.whitekongsoftware.com\/wp-content\/uploads\/2026\/07\/Cheste_FestivalBandas_04-572x381.jpg 572w\" sizes=\"auto, (max-width: 600px) 100vw, 600px\" \/><\/figure>\n\n\n\n<figure class=\"wp-block-image size-large\"><img loading=\"lazy\" decoding=\"async\" width=\"600\" height=\"400\" data-id=\"307935\" src=\"https:\/\/www.tucomarca.com\/wordpress\/segunda\/wp-content\/uploads\/2026\/07\/Cheste_FestivalBandas_03.jpg\" alt=\"\" class=\"wp-image-307935\" srcset=\"https:\/\/tucomarca.whitekongsoftware.com\/wp-content\/uploads\/2026\/07\/Cheste_FestivalBandas_03.jpg 600w, https:\/\/tucomarca.whitekongsoftware.com\/wp-content\/uploads\/2026\/07\/Cheste_FestivalBandas_03-572x381.jpg 572w\" sizes=\"auto, (max-width: 600px) 100vw, 600px\" \/><\/figure>\n\n\n\n<figure class=\"wp-block-image size-large\"><img loading=\"lazy\" decoding=\"async\" width=\"600\" height=\"400\" data-id=\"307937\" src=\"https:\/\/www.tucomarca.com\/wordpress\/segunda\/wp-content\/uploads\/2026\/07\/Cheste_FestivalBandas_02.jpg\" alt=\"\" class=\"wp-image-307937\" srcset=\"https:\/\/tucomarca.whitekongsoftware.com\/wp-content\/uploads\/2026\/07\/Cheste_FestivalBandas_02.jpg 600w, https:\/\/tucomarca.whitekongsoftware.com\/wp-content\/uploads\/2026\/07\/Cheste_FestivalBandas_02-572x381.jpg 572w\" sizes=\"auto, (max-width: 600px) 100vw, 600px\" \/><\/figure>\n\n\n\n<figure class=\"wp-block-image size-large\"><img loading=\"lazy\" decoding=\"async\" width=\"600\" height=\"400\" data-id=\"307939\" src=\"https:\/\/www.tucomarca.com\/wordpress\/segunda\/wp-content\/uploads\/2026\/07\/Cheste_FestivalBandas_01.jpg\" alt=\"\" class=\"wp-image-307939\" srcset=\"https:\/\/tucomarca.whitekongsoftware.com\/wp-content\/uploads\/2026\/07\/Cheste_FestivalBandas_01.jpg 600w, https:\/\/tucomarca.whitekongsoftware.com\/wp-content\/uploads\/2026\/07\/Cheste_FestivalBandas_01-572x381.jpg 572w\" sizes=\"auto, (max-width: 600px) 100vw, 600px\" \/><\/figure>\n<\/figure>\n","protected":false},"excerpt":{"rendered":"<div class=\"mh-excerpt\">L&#8217;Associaci\u00f3 Musical &#8220;La Lira&#8221; de Xest, la Banda Simf\u00f2nica de Macastre i la Banda Vila de Bullas van protagonitzar una nit d&#8217;alt nivell musical que va servir d&#8217;\u00faltim assaig general abans dels seus respectius compromisos <a class=\"mh-excerpt-more\" href=\"https:\/\/tucomarca.whitekongsoftware.com\/ca\/fotogaleria-el-teatre-liceu-vibra-amb-el-festival-de-bandes-i-reuneix-tres-agrupacions-que-aquest-estiu-competeixen-en-els-escenaris-mes-exigents-deuropa\/\" title=\"Fotogaleria: el Teatre Liceu vibra amb el Festival de Bandes i reuneix tres agrupacions que aquest estiu competeixen en els escenaris m\u00e9s exigents d&#8217;Europa\">[+] <\/a><\/div>\n","protected":false},"author":13,"featured_media":307930,"comment_status":"closed","ping_status":"open","sticky":false,"template":"","format":"gallery","meta":{"footnotes":""},"categories":[11005,10894,10912,11007,10896,10974],"tags":[11071,12194,10914,20778],"class_list":["post-307944","post","type-post","status-publish","format-gallery","has-post-thumbnail","category-canal-musica","category-la-comarca-ca","category-la-hoya-ca","category-ocio-y-cultura-ca","category-seccion-ca","category-cheste-ca","tag-cheste","tag-cultura-ca","tag-la-hoya-de-bunol-chiva-ca","tag-musica-2-ca","post_format-post-format-gallery"],"_links":{"self":[{"href":"https:\/\/tucomarca.whitekongsoftware.com\/ca\/wp-json\/wp\/v2\/posts\/307944","targetHints":{"allow":["GET"]}}],"collection":[{"href":"https:\/\/tucomarca.whitekongsoftware.com\/ca\/wp-json\/wp\/v2\/posts"}],"about":[{"href":"https:\/\/tucomarca.whitekongsoftware.com\/ca\/wp-json\/wp\/v2\/types\/post"}],"author":[{"embeddable":true,"href":"https:\/\/tucomarca.whitekongsoftware.com\/ca\/wp-json\/wp\/v2\/users\/13"}],"replies":[{"embeddable":true,"href":"https:\/\/tucomarca.whitekongsoftware.com\/ca\/wp-json\/wp\/v2\/comments?post=307944"}],"version-history":[{"count":2,"href":"https:\/\/tucomarca.whitekongsoftware.com\/ca\/wp-json\/wp\/v2\/posts\/307944\/revisions"}],"predecessor-version":[{"id":307947,"href":"https:\/\/tucomarca.whitekongsoftware.com\/ca\/wp-json\/wp\/v2\/posts\/307944\/revisions\/307947"}],"wp:featuredmedia":[{"embeddable":true,"href":"https:\/\/tucomarca.whitekongsoftware.com\/ca\/wp-json\/wp\/v2\/media\/307930"}],"wp:attachment":[{"href":"https:\/\/tucomarca.whitekongsoftware.com\/ca\/wp-json\/wp\/v2\/media?parent=307944"}],"wp:term":[{"taxonomy":"category","embeddable":true,"href":"https:\/\/tucomarca.whitekongsoftware.com\/ca\/wp-json\/wp\/v2\/categories?post=307944"},{"taxonomy":"post_tag","embeddable":true,"href":"https:\/\/tucomarca.whitekongsoftware.com\/ca\/wp-json\/wp\/v2\/tags?post=307944"}],"curies":[{"name":"wp","href":"https:\/\/api.w.org\/{rel}","templated":true}]}}