{"id":307905,"date":"2026-07-11T08:00:00","date_gmt":"2026-07-11T06:00:00","guid":{"rendered":"https:\/\/www.tucomarca.com\/wordpress\/segunda\/?p=307905"},"modified":"2026-07-13T19:47:13","modified_gmt":"2026-07-13T17:47:13","slug":"el-psoe-de-bunyol-reclama-una-accio-comarcal-per-a-accelerar-la-millora-de-la-cv-425-entre-alboraig-i-macastre","status":"publish","type":"post","link":"https:\/\/tucomarca.whitekongsoftware.com\/ca\/el-psoe-de-bunyol-reclama-una-accio-comarcal-per-a-accelerar-la-millora-de-la-cv-425-entre-alboraig-i-macastre\/","title":{"rendered":"El PSOE de Bunyol reclama &#8220;una acci\u00f3 comarcal&#8221; per a &#8220;accelerar&#8221; la millora de la CV-425 entre Alboraig i Macastre"},"content":{"rendered":"\n<h3 class=\"wp-block-heading\">Els socialistes de Bunyol presenten una moci\u00f3 &#8220;perqu\u00e8 la comarca torne a unir forces i exigisca a la Diputaci\u00f3 de Val\u00e8ncia l&#8217;execuci\u00f3 del tram i la seua inclusi\u00f3 en els Pressupostos Provincials de 2027&#8221;.<\/h3>\n\n\n\n<p class=\"wp-block-paragraph\">El PSOE de Bunyol ha presentat una moci\u00f3 a l&#8217;Ajuntament per a &#8220;impulsar una reivindicaci\u00f3 conjunta dels municipis de La Foia de Bunyol-Xiva que permeta accelerar la millora de la CV-425 entre Alboraig i Macastre i l&#8217;execuci\u00f3 de l&#8217;itinerari cicle&nbsp;per als vianants que complete la connexi\u00f3 entre I\u00e0tova, Macastre, Alboraig i Bunyol&#8221;.<\/p>\n\n\n\n<p class=\"wp-block-paragraph\">&#8220;Els socialistes de Bunyol recuperen aix\u00ed una reivindicaci\u00f3 hist\u00f2rica que, des de fa m\u00e9s de dues d\u00e8cades, persegueix millorar la seguretat vi\u00e0ria i avan\u00e7ar cap a una mobilitat m\u00e9s sostenible entre els municipis de la comarca&#8221;, segons han manifestat.<\/p>\n\n\n\n<p class=\"wp-block-paragraph\">Des del PSOE de Bunyol recorden &#8220;que en 2009 una iniciativa similar va ser presentada als ajuntaments de la Foia i va permetre convertir aquesta demanda en la primera reivindicaci\u00f3 institucional de car\u00e0cter comarcal en favor d&#8217;aquesta infraestructura&#8221;.<\/p>\n\n\n\n<p class=\"wp-block-paragraph\">&#8220;Aquella iniciativa va ser defensada en la Mancomunitat Foia de Bunyol-Xiva per Aurelio Palmer, llavors portaveu socialista en la instituci\u00f3 comarcal i actual portaveu del PSOE a l&#8217;Ajuntament de Bunyol. D\u00e8sset anys despr\u00e9s, Palmer torna a impulsar des de Bunyol una iniciativa per a recuperar la unitat institucional de la comarca i culminar la connexi\u00f3 entre els quatre municipis&#8221;.<\/p>\n\n\n\n<p class=\"wp-block-paragraph\">&#8220;En la Mancomunitat, aquella proposta de 2009 va tirar avant \u00fanicament amb els vots favorables del PSOE i l&#8217;abstenci\u00f3 del Partit Popular. D\u00e8sset anys despr\u00e9s, aquella reivindicaci\u00f3 es veu reflectida sobre el terreny. La Diputaci\u00f3 va acabar modificant el projecte original de la CV-425 i incorporant l&#8217;actual carril bici entre Bunyol i Alboraig. \u00c9s la demostraci\u00f3 que insistir i treballar des de les institucions acaba donant resultats&#8221;, assegura Aurelio Palmer.<\/p>\n\n\n\n<p class=\"wp-block-paragraph\">&#8220;Ara, el&nbsp;PSPV-PSOE de Bunyol considera imprescindible recuperar l&#8217;esperit d&#8217;aquell acord i evitar que el tram entre Alboraig i Macastre haja de rec\u00f3rrer el mateix i dilatat cam\u00ed administratiu. El passat 12 de gener de 2026, la Diputaci\u00f3 de Val\u00e8ncia va adjudicar la redacci\u00f3 del projecte constructiu de l&#8217;itinerari cicle&nbsp;per als vianants entre Alboraig i Macastre. Per als socialistes de Bunyol, aquest pas suposa una magn\u00edfica oportunitat per a completar una via alternativa, sostenible i segura entre els quatre municipis de la Foia&#8221;.<\/p>\n\n\n\n<p class=\"wp-block-paragraph\">No obstant aix\u00f2, el PSOE de Bunyol adverteix &#8220;que la redacci\u00f3 del projecte no garanteix per si sola l&#8217;execuci\u00f3 immediata de les obres. Despr\u00e9s vindran la supervisi\u00f3, l&#8217;aprovaci\u00f3 t\u00e8cnica, la consignaci\u00f3 pressupost\u00e0ria i la licitaci\u00f3. No podem permetre que tornen a passar quasi dues d\u00e8cades. La hist\u00f2ria no ha de repetir-se&#8221;, afirma Palmer.<\/p>\n\n\n\n<p class=\"wp-block-paragraph\">Els socialistes de Bunyol posen tamb\u00e9 el focus &#8220;en la perillositat de l&#8217;actual tram de la CV-425 entre Alboraig i Macastre. L&#8217;estretor de la carretera, l&#8217;abs\u00e8ncia de voral, un tra\u00e7at complex i el constant tr\u00e0nsit de camions de gran tonatge en direcci\u00f3 al macro&nbsp;abocador de Dosaig\u00fces, al costat del pas d&#8217;autobusos i turismes, converteixen cada trajecte en un risc per als usuaris. No estem parlant d&#8217;una millora est\u00e8tica. Estem parlant de seguretat vi\u00e0ria. Els qui utilitzem aquesta carretera coneixem perfectament la seua perillositat i la Diputaci\u00f3 ha d&#8217;actuar amb la m\u00e0xima celeritat&#8221;, defensa el portaveu socialista.<\/p>\n\n\n\n<p class=\"wp-block-paragraph\">Per aix\u00f2, el PSOE de Bunyol proposa &#8220;que l&#8217;Ajuntament promoga, en el si de la Mancomunitat Foia de Bunyol-Xiva, una iniciativa conjunta de tots els municipis per a reclamar a la Diputaci\u00f3 de Val\u00e8ncia l&#8217;agilitaci\u00f3 del projecte. La moci\u00f3 presentada pels socialistes de Bunyol sol\u00b7licita accelerar la supervisi\u00f3 i aprovaci\u00f3 definitiva del projecte ja adjudicat, avan\u00e7ar sense dilacions cap a la seua licitaci\u00f3 i incloure en els Pressupostos Provincials de 2027 la dotaci\u00f3 econ\u00f2mica necess\u00e0ria per a iniciar les obres&#8221;.<\/p>\n\n\n\n<p class=\"wp-block-paragraph\">&#8220;En 2009 vam fer el primer pas des de la Mancomunitat. Hui, des del PSOE de Bunyol, tornem a plantejar que la comarca parle amb una sola veu. Bunyol, Alboraig, Macastre i I\u00e0tova necessiten una connexi\u00f3 segura i sostenible. No podem esperar altres d\u00e8sset anys&#8221;, conclou Aurelio Palmer.<\/p>\n","protected":false},"excerpt":{"rendered":"<div class=\"mh-excerpt\">Els socialistes de Bunyol presenten una moci\u00f3 &#8220;perqu\u00e8 la comarca torne a unir forces i exigisca a la Diputaci\u00f3 de Val\u00e8ncia l&#8217;execuci\u00f3 del tram i la seua inclusi\u00f3 en els Pressupostos Provincials de 2027&#8221;. El <a class=\"mh-excerpt-more\" href=\"https:\/\/tucomarca.whitekongsoftware.com\/ca\/el-psoe-de-bunyol-reclama-una-accio-comarcal-per-a-accelerar-la-millora-de-la-cv-425-entre-alboraig-i-macastre\/\" title=\"El PSOE de Bunyol reclama &#8220;una acci\u00f3 comarcal&#8221; per a &#8220;accelerar&#8221; la millora de la CV-425 entre Alboraig i Macastre\">[+] <\/a><\/div>\n","protected":false},"author":12,"featured_media":306343,"comment_status":"closed","ping_status":"open","sticky":false,"template":"","format":"standard","meta":{"footnotes":""},"categories":[10973,10911,10948,10894,10912,10978,10947,10896],"tags":[10913,13667,10914,11546],"class_list":["post-307905","post","type-post","status-publish","format-standard","has-post-thumbnail","category-alborache-ca","category-bunol-ca","category-infraestructuras-ca","category-la-comarca-ca","category-la-hoya-ca","category-macastre-ca","category-politica","category-seccion-ca","tag-bunol-ca","tag-cv-425-ca","tag-la-hoya-de-bunol-chiva-ca","tag-psoe-bunol-ca"],"_links":{"self":[{"href":"https:\/\/tucomarca.whitekongsoftware.com\/ca\/wp-json\/wp\/v2\/posts\/307905","targetHints":{"allow":["GET"]}}],"collection":[{"href":"https:\/\/tucomarca.whitekongsoftware.com\/ca\/wp-json\/wp\/v2\/posts"}],"about":[{"href":"https:\/\/tucomarca.whitekongsoftware.com\/ca\/wp-json\/wp\/v2\/types\/post"}],"author":[{"embeddable":true,"href":"https:\/\/tucomarca.whitekongsoftware.com\/ca\/wp-json\/wp\/v2\/users\/12"}],"replies":[{"embeddable":true,"href":"https:\/\/tucomarca.whitekongsoftware.com\/ca\/wp-json\/wp\/v2\/comments?post=307905"}],"version-history":[{"count":2,"href":"https:\/\/tucomarca.whitekongsoftware.com\/ca\/wp-json\/wp\/v2\/posts\/307905\/revisions"}],"predecessor-version":[{"id":307921,"href":"https:\/\/tucomarca.whitekongsoftware.com\/ca\/wp-json\/wp\/v2\/posts\/307905\/revisions\/307921"}],"wp:featuredmedia":[{"embeddable":true,"href":"https:\/\/tucomarca.whitekongsoftware.com\/ca\/wp-json\/wp\/v2\/media\/306343"}],"wp:attachment":[{"href":"https:\/\/tucomarca.whitekongsoftware.com\/ca\/wp-json\/wp\/v2\/media?parent=307905"}],"wp:term":[{"taxonomy":"category","embeddable":true,"href":"https:\/\/tucomarca.whitekongsoftware.com\/ca\/wp-json\/wp\/v2\/categories?post=307905"},{"taxonomy":"post_tag","embeddable":true,"href":"https:\/\/tucomarca.whitekongsoftware.com\/ca\/wp-json\/wp\/v2\/tags?post=307905"}],"curies":[{"name":"wp","href":"https:\/\/api.w.org\/{rel}","templated":true}]}}