{"id":307902,"date":"2026-07-11T10:00:00","date_gmt":"2026-07-11T08:00:00","guid":{"rendered":"https:\/\/www.tucomarca.com\/wordpress\/segunda\/?p=307902"},"modified":"2026-07-13T20:01:10","modified_gmt":"2026-07-13T18:01:10","slug":"la-generalitat-supera-els-3-800-senglars-retirats-en-2026-gracies-al-reforc-del-dispositiu-per-al-control-de-lespecie","status":"publish","type":"post","link":"https:\/\/tucomarca.whitekongsoftware.com\/ca\/la-generalitat-supera-els-3-800-senglars-retirats-en-2026-gracies-al-reforc-del-dispositiu-per-al-control-de-lespecie\/","title":{"rendered":"La Generalitat supera els 3.800 senglars retirats en 2026 gr\u00e0cies al refor\u00e7 del dispositiu per al control de l\u2019esp\u00e8cie"},"content":{"rendered":"\n<h3 class=\"wp-block-heading\">El pla de xoc busca reduir l\u2019impacte d\u2019esta esp\u00e8cie en els cultius i el risc d\u2019accidents per la seua pres\u00e8ncia en carreteres i nuclis urbans.<\/h3>\n\n\n\n<h3 class=\"wp-block-heading\">La Conselleria d\u2019Agricultura va destinar en 2025 una xifra r\u00e8cord de 37 milions d\u2019euros a ajudes per a la contractaci\u00f3 d\u2019assegurances agr\u00e0ries, que inclouen la cobertura per danys causats per la fauna salvatge.<\/h3>\n\n\n\n<p class=\"wp-block-paragraph\">La Vicepresid\u00e8ncia Tercera i Conselleria de Medi Ambient, Infraestructures i de la Recuperaci\u00f3 ha superat els 3.800 senglars retirats en la Comunitat Valenciana des de principis de 2026 gr\u00e0cies a l\u2019actuaci\u00f3 conjunta amb el col\u00b7lectiu de ca\u00e7adors amb l\u2019objectiu de controlar una esp\u00e8cie amb quotes de sobrepoblaci\u00f3 en quasi la totalitat de la Comunitat Valenciana i reduir l\u2019impacte d\u2019esta esp\u00e8cie en camps de cultiu i el risc d\u2019accidents per la seua pres\u00e8ncia en carreteres i nuclis urbans.&nbsp;<\/p>\n\n\n\n<p class=\"wp-block-paragraph\">Del total d\u2019exemplars retirats, m\u00e9s de 1.300 han sigut capturats per l\u2019empresa p\u00fablica de gesti\u00f3 mediambiental VAERSA, mitjan\u00e7ant sistemes de parany, a trav\u00e9s d\u2019una xarxa de g\u00e0bies-parany i de parament per a capturar desplegada en les zones priorit\u00e0ries d\u2019actuaci\u00f3, mentres que prop de 2.000 corresponen a les extraccions realitzades pels ca\u00e7adors.&nbsp;<\/p>\n\n\n\n<p class=\"wp-block-paragraph\">Per a consolidar estos resultats i de cara a augmentar el nombre de captures en els pr\u00f2xims mesos, la Vicepresid\u00e8ncia Tercera ha refor\u00e7at l\u2019operatiu de control del senglar posat en marxa per a reduir la sobrepoblaci\u00f3 d\u2019esta esp\u00e8cie i previndre l\u2019expansi\u00f3 de la pesta porcina africana, una malaltia que suposa una amena\u00e7a per a la cabanya ramadera porcina i la pres\u00e8ncia de la qual en diferents pa\u00efsos europeus ha portat a intensificar les mesures de vigil\u00e0ncia i control.<\/p>\n\n\n\n<p class=\"wp-block-paragraph\">El dispositiu compta actualment amb 39 professionals, entre zeladors de ca\u00e7a, t\u00e8cnics, veterinaris, peons especialitzats i personal administratiu. Per al desenrotllament d\u2019estes actuacions, la Generalitat disposa d\u2019una \u00e0mplia xarxa de mitjans materials integrada per 35 vehicles, un laboratori veterinari, set cambres frigor\u00edfiques i diversos magatzems operatius distribu\u00efts pel territori.<\/p>\n\n\n\n<p class=\"wp-block-paragraph\">A m\u00e9s, el pla incorpora tecnologia de seguiment i vigil\u00e0ncia formada per 132 c\u00e0meres de videovigil\u00e0ncia, 238 c\u00e0meres de parament fotogr\u00e0fic i un dron equipat amb cambra t\u00e8rmica, ferramentes que permeten millorar el control de les poblacions de senglar i la detecci\u00f3 de la seua pres\u00e8ncia en les zones priorit\u00e0ries d\u2019actuaci\u00f3.<\/p>\n\n\n\n<p class=\"wp-block-paragraph\">L\u2019operatiu inclou tamb\u00e9 una xarxa de captura composta per 169 g\u00e0bies-parany i set g\u00e0bies per a capturar instal\u00b7lades sobre el terreny, que complementen la labor desenrotllada pel col\u00b7lectiu cineg\u00e8tic en els espais a on la ca\u00e7a no resulta suficient per a controlar la poblaci\u00f3 de l\u2019esp\u00e8cie.<\/p>\n\n\n\n<p class=\"wp-block-paragraph\">Les actuacions desenrotllades per VAERSA s\u2019han concentrat especialment en les zones priorit\u00e0ries de X\u00e0bia-D\u00e9nia, la Valldigna, la Plana i la Safor, a on es registra el major volum de captures mitjan\u00e7ant sistemes de parany. Este desplegament complementa la labor desenrotllada pel col\u00b7lectiu cineg\u00e8tic i permet actuar en els espais a on la ca\u00e7a no resulta suficient per a controlar la poblaci\u00f3 de l\u2019esp\u00e8cie.&nbsp;<\/p>\n\n\n\n<p class=\"wp-block-paragraph\">D\u2019altra banda, es concedix als titulars de vedats de ca\u00e7a una aportaci\u00f3 de 40 euros per cada exemplar de senglar ca\u00e7at i retirat del medi natural en les condicions de seguretat i tra\u00e7abilitat contingudes en el decret llei.&nbsp;<\/p>\n\n\n\n<p class=\"wp-block-paragraph\"><strong>Control d\u2019altres esp\u00e8cies<\/strong><\/p>\n\n\n\n<p class=\"wp-block-paragraph\">Esta actuaci\u00f3 s\u2019emmarca en l\u2019estrat\u00e8gia impulsada per la Vicepresid\u00e8ncia Tercera i Conselleria de Medi Ambient, Infraestructures, Territori i Recuperaci\u00f3 per a la gesti\u00f3 de la fauna silvestre. En este context, la Generalitat ha impulsat tamb\u00e9 l\u2019actualitzaci\u00f3 del marc regulador de l\u2019aprofitament, la ca\u00e7a i el control del conill de muntanya, amb la finalitat d\u2019adaptar la seua gesti\u00f3 a la realitat actual del territori, millorar la capacitat de resposta davant dels danys agr\u00edcoles ocasionats per esta esp\u00e8cie i refor\u00e7ar la coordinaci\u00f3 entre agricultors, ca\u00e7adors i administracions.<\/p>\n\n\n\n<p class=\"wp-block-paragraph\">Per part seua, des de la Conselleria d\u2019Agricultura, Aigua, Ramaderia i Pesca recorden que l\u2019any passat es va batre el r\u00e8cord d\u2019inversi\u00f3 en assegurances agr\u00e0ries, amb m\u00e9s de 37 milions d\u2019euros en ajudes directes a agricultors i ramaders per a la contractaci\u00f3 d\u2019assegurances, entre les cobertures de les quals est\u00e0 la protecci\u00f3 pels danys causats per la fauna salvatge.&nbsp;<\/p>\n\n\n\n<p class=\"wp-block-paragraph\">El conseller d\u2019Agricultura, Aigua, Ramaderia i Pesca, Miguel Barrachina, ha recordat que \u201csom la comunitat aut\u00f2noma que m\u00e9s diners invertix en assegurances agr\u00e0ries, doblant la segona, a pesar de ser la pitjor finan\u00e7ada de tot l\u2019Estat\u201d.<\/p>\n","protected":false},"excerpt":{"rendered":"<div class=\"mh-excerpt\">El pla de xoc busca reduir l\u2019impacte d\u2019esta esp\u00e8cie en els cultius i el risc d\u2019accidents per la seua pres\u00e8ncia en carreteres i nuclis urbans. La Conselleria d\u2019Agricultura va destinar en 2025 una xifra r\u00e8cord <a class=\"mh-excerpt-more\" href=\"https:\/\/tucomarca.whitekongsoftware.com\/ca\/la-generalitat-supera-els-3-800-senglars-retirats-en-2026-gracies-al-reforc-del-dispositiu-per-al-control-de-lespecie\/\" title=\"La Generalitat supera els 3.800 senglars retirats en 2026 gr\u00e0cies al refor\u00e7 del dispositiu per al control de l\u2019esp\u00e8cie\">[+] <\/a><\/div>\n","protected":false},"author":13,"featured_media":307900,"comment_status":"closed","ping_status":"open","sticky":false,"template":"","format":"standard","meta":{"footnotes":""},"categories":[10905,10898,10948,10894,10904,10903,10947,10896,10897],"tags":[11309,24658,11498,11199],"class_list":["post-307902","post","type-post","status-publish","format-standard","has-post-thumbnail","category-agricultura-la-comarca-ca","category-ventana-ca","category-infraestructuras-ca","category-la-comarca-ca","category-sin-categorizar-ca","category-medio-ambiente-la-comarca-ca","category-politica","category-seccion-ca","category-sucesos-la-comarca-ca","tag-agricultura-ca","tag-conselleria-de-agricultura-2","tag-generalitat-valenciana-ca","tag-la-comunitat-ca"],"_links":{"self":[{"href":"https:\/\/tucomarca.whitekongsoftware.com\/ca\/wp-json\/wp\/v2\/posts\/307902","targetHints":{"allow":["GET"]}}],"collection":[{"href":"https:\/\/tucomarca.whitekongsoftware.com\/ca\/wp-json\/wp\/v2\/posts"}],"about":[{"href":"https:\/\/tucomarca.whitekongsoftware.com\/ca\/wp-json\/wp\/v2\/types\/post"}],"author":[{"embeddable":true,"href":"https:\/\/tucomarca.whitekongsoftware.com\/ca\/wp-json\/wp\/v2\/users\/13"}],"replies":[{"embeddable":true,"href":"https:\/\/tucomarca.whitekongsoftware.com\/ca\/wp-json\/wp\/v2\/comments?post=307902"}],"version-history":[{"count":1,"href":"https:\/\/tucomarca.whitekongsoftware.com\/ca\/wp-json\/wp\/v2\/posts\/307902\/revisions"}],"predecessor-version":[{"id":307903,"href":"https:\/\/tucomarca.whitekongsoftware.com\/ca\/wp-json\/wp\/v2\/posts\/307902\/revisions\/307903"}],"wp:featuredmedia":[{"embeddable":true,"href":"https:\/\/tucomarca.whitekongsoftware.com\/ca\/wp-json\/wp\/v2\/media\/307900"}],"wp:attachment":[{"href":"https:\/\/tucomarca.whitekongsoftware.com\/ca\/wp-json\/wp\/v2\/media?parent=307902"}],"wp:term":[{"taxonomy":"category","embeddable":true,"href":"https:\/\/tucomarca.whitekongsoftware.com\/ca\/wp-json\/wp\/v2\/categories?post=307902"},{"taxonomy":"post_tag","embeddable":true,"href":"https:\/\/tucomarca.whitekongsoftware.com\/ca\/wp-json\/wp\/v2\/tags?post=307902"}],"curies":[{"name":"wp","href":"https:\/\/api.w.org\/{rel}","templated":true}]}}