{"id":307879,"date":"2026-07-13T09:15:00","date_gmt":"2026-07-13T07:15:00","guid":{"rendered":"https:\/\/www.tucomarca.com\/wordpress\/segunda\/?p=307879"},"modified":"2026-07-13T19:08:47","modified_gmt":"2026-07-13T17:08:47","slug":"concessio-del-premi-altipla-del-cabriol-2026-a-lagrupacio-escenica-enrique-rambal-i-el-premi-pi-quilibios-2026-a-don-angel-gomez-moya","status":"publish","type":"post","link":"https:\/\/tucomarca.whitekongsoftware.com\/ca\/concessio-del-premi-altipla-del-cabriol-2026-a-lagrupacio-escenica-enrique-rambal-i-el-premi-pi-quilibios-2026-a-don-angel-gomez-moya\/","title":{"rendered":"Concessi\u00f3 del Premi Altipl\u00e0 del Cabriol 2026 a l&#8217;agrupaci\u00f3 esc\u00e8nica Enrique Rambal i el Premi Pi Quilibios 2026 a Don \u00c1ngel G\u00f3mez Moya"},"content":{"rendered":"\n<p class=\"wp-block-paragraph\">L&#8217;Associaci\u00f3 Cultural Amics de Venta del Moro en l&#8217;assemblea ordin\u00e0ria realitzada el 5 de juliol de 2026 ha concedit en la seua vint-i-sisena edici\u00f3 els premis Altipl\u00e0 del Cabriol i Pi Quilibios 2026.&nbsp;<\/p>\n\n\n\n<p class=\"wp-block-paragraph\">L&#8217;acte de lliurament de premis se celebrar\u00e0 a les 20 h. del diumenge 1 d&#8217;agost de 2026 a la Casa de la Cultura de Venta del Moro dins dels actes de la XXXII Setmana Cultural Venturre\u00f1a. Pr\u00e8viament, a les 19 hores es realitzar\u00e0 un acte cultural previ. Durant l&#8217;acte s&#8217;entregaran als premiats una escultura realitzada ex profeso i hi haur\u00e0 un vi d&#8217;honor.<\/p>\n\n\n\n<p class=\"wp-block-paragraph\">Segons diu l&#8217;acta de l&#8217;assemblea citada: <em>\u00abEs procedeix al debat sobre les persones i entitats mereixedores dels premis Altipl\u00e0 del Cabriol i Pi Quilibios en la seua vint-i-sisena edici\u00f3. Despr\u00e9s de les argumentacions pertinents, es procedeix a la votaci\u00f3 i, per unanimitat dels membres de la directiva presents, s&#8217;aprova el seg\u00fcent: Concedir el premi denominat Altipl\u00e0 del Cabriol a l&#8217;Agrupaci\u00f3 Esc\u00e8nica Enrique Rambal d&#8217;Utiel.<\/em><\/p>\n\n\n\n<p class=\"wp-block-paragraph\"><em>Utiel posseeix una important tradici\u00f3 teatral. Ja en 1851 es va habilitar un teatre p\u00fablic en l&#8217;antic convent dels Franciscans Observants que va funcionar fins a 1869. En 1871 es va construir el denominat Teatre de l&#8217;Hospital en la Fundaci\u00f3 del Canonge Mu\u00f1oz, funcionant fins a 1898. En 1896, es va inaugurar el Teatre Nou, actual Teatre Enrique Rambal, que va patir un gran incendi en 1935 i que, despr\u00e9s de successives restauracions, va passar en 1992 a la propietat de l&#8217;Ajuntament d&#8217;Utiel. Aquest Teatre Nou va conviure amb el Teatre Sal\u00f3 P\u00e9rez inaugurat en 1911.<\/em><\/p>\n\n\n\n<p class=\"wp-block-paragraph\"><em>Aquests escenaris teatrals combinaven programaci\u00f3 professional amb obres de grups teatrals de la localitat com les del Cercle Utielano (1877-1878) o l&#8217;Agrupaci\u00f3 Art\u00edstica Els XX (1914). L&#8217;activitat esc\u00e8nica utielana va ser molt intensa en el primer ter\u00e7 del segle XX amb companyies com la de Jaime Rivelles, Amparo Guill\u00e9n, el mestre Serrano o Carlota Pla, tal com ha estudiat el cronista Jos\u00e9 Luis Mart\u00ednez.<\/em><\/p>\n\n\n\n<p class=\"wp-block-paragraph\"><em>Ja m\u00e9s pr\u00f2xims a l&#8217;\u00e8poca de l&#8217;Agrupaci\u00f3 Esc\u00e8nica Enrique Rambal, altres grups teatrals utielanos van ser els sorgits dels Joves d&#8217;Acci\u00f3 Cat\u00f2lica en postguerra, l&#8217;Agrupaci\u00f3 Art\u00edstica Enrique Rambal (1956), el Grup de Teatre d&#8217;Assaig Utielano (1965), els grups art\u00edstics de les falles de la Pla\u00e7a de Sant Joan, Porta del Sol i Porta de les Eres o el Grup Art\u00edstic de l&#8217;Obra Atl\u00e8tic-Recreativa d&#8217;Utiel.<\/em><\/p>\n\n\n\n<p class=\"wp-block-paragraph\"><em>A m\u00e9s, era habitual el teatre radiof\u00f2nic programat en Radi Utiel sota la direcci\u00f3 d&#8217;\u00d3scar Garc\u00eda.<\/em><\/p>\n\n\n\n<p class=\"wp-block-paragraph\"><em>Hereua d&#8217;aquesta tradici\u00f3 teatral i els anteriors grups teatrals utielanos va sorgir l&#8217;Agrupaci\u00f3 Esc\u00e8nica Enrique Rambal d&#8217;Utiel que es va presentar un 9 de maig de 1970, en els locals de la Cooperativa Agr\u00edcola d&#8217;Utiel que es va constituir en la seua primera sala d&#8217;assajos. El grup va sorgir despr\u00e9s de l&#8217;\u00e8xit obtingut amb la representaci\u00f3 del joguet c\u00f2mic Don Fecundio i les tres de l&#8217;autor utielano Roque Ram\u00edrez. En la seua primera directiva i elenc art\u00edstic ja veiem gent molt significada amb l&#8217;activitat teatral d&#8217;Utiel com el president Antonio S\u00e1nchez, el vicepresident i escriptor Roque Ram\u00edrez, el secretari Jos\u00e9 Garc\u00eda Alabau (moltes vegades director d&#8217;obres) i ja figuraven representants importants com Miguel D\u00edaz Asensi, Alfredo C\u00e1rcel, Adolfo L\u00f3pez, Antonio Guerrero, Jos\u00e9 Mar\u00eda S\u00e1nchez Roda, Fernando Ponce, Mar\u00eda Julia L\u00f3pez, Mar\u00eda Dolores L\u00f3pez, Juli\u00e1n Mart\u00ednez i molts m\u00e9s. Els m\u00e9s veterans procedien de l&#8217;anterior Agrupaci\u00f3 Art\u00edstica Enrique Rambal.<\/em><\/p>\n\n\n\n<p class=\"wp-block-paragraph\"><em>Entre les primeres obres es van representar Vost\u00e9 pot ser un assass\u00ed d&#8217;Alfonso Paso; La seua desconsolada esposa de Pas i Cuenca; La venjan\u00e7a de la Petra de Arniches; La venjan\u00e7a de do Mendo de Pedro Mu\u00f1oz Seca o La barca sense pescador d&#8217;Alejandro Casona. Ja en 1971 van fer les seues primeres bitles amb eixides a Ll\u00edria i Sant Antoni, on eren assidus.<\/em><\/p>\n\n\n\n<p class=\"wp-block-paragraph\"><em>En 1973 l&#8217;Agrupaci\u00f3 Esc\u00e8nica va representar per primera vegada una de les obres m\u00e9s recordades pel seu \u00e8xit i enorme complexitat com va ser El Retaule del Remei de Roberto Carpio, gendre d&#8217;Enrique Rambal. Es va tornar a representar en el vint-i-cinc aniversari de la coronaci\u00f3 can\u00f2nica de la Verge del Remei.<\/em><\/p>\n\n\n\n<p class=\"wp-block-paragraph\"><em>L&#8217;agrupaci\u00f3 recentment formada va conviure amb altres grups teatrals utielanos d&#8217;aficionats com el Grup Teatral Amics (1975), el Grup Teatral Joves del Poble (1977), el Grup Teatral Sierpe (1978) o la Companyia Teatral de la Casa de la Cultura (1986-1988).<\/em><\/p>\n\n\n\n<p class=\"wp-block-paragraph\"><em>Una constant en les seues m\u00e9s de cinquanta anys de l&#8217;Agrupaci\u00f3 ha sigut la de col\u00b7laborar en tot esdeveniment utielano i, aix\u00ed, en 1976 van escenificar una obra relacionada amb el cinqu\u00e9 centenari de la incorporaci\u00f3 d&#8217;Utiel sota el domini directe dels Reis Cat\u00f2lics.<\/em><\/p>\n\n\n\n<p class=\"wp-block-paragraph\"><em>L&#8217;\u00e8xit de l&#8217;agrupaci\u00f3 va portar amb si la incorporaci\u00f3 de molts components, alguns d&#8217;ells amb una llarga traject\u00f2ria teatral posterior com Mar\u00eda del Carmen L\u00f3pez, Rosa D\u00edaz, Amparo Calatayud, Juli\u00e1n Miguel Ponce, Mercedes Marzo, Niceto G\u00f3mez (director) i un llarg etc\u00e8tera.&nbsp;<\/em><\/p>\n\n\n\n<p class=\"wp-block-paragraph\"><em>Els anys 80 van comportar una gran activitat per a l&#8217;Agrupaci\u00f3 i un canvi de repertori amb obres com Cinc hores amb Mario de Miguel Delibes; Anells per a una dama d&#8217;Antonio Gala; El okapi d&#8217;Ana Diosdado; La casa de Bernarda Alba de Federico Garc\u00eda Lorca; la Balada dels tres innocents de Pedro Mario Herrero o La camisa de Lauro Olmo. En 1984 van obtindre el primer premi com a millor grup de la prov\u00edncia amb l&#8217;obra El catau de Juan Alfonso Gil Albors. En 1988 es van aprovar nous estatuts. Se seguien incoporando actors i actrius que despr\u00e9s han sigut fonamentals com Raquel D\u00edaz Pardo, Ra\u00fal Garc\u00eda Iranzo o Miguel Borja, entre altres.<\/em><\/p>\n\n\n\n<p class=\"wp-block-paragraph\"><em>En 1989 van ser els promotors de la commemoraci\u00f3 del primer centenari del naixement d&#8217;Enrique Rambal que dona nom al grup. Rambal, nascut a Utiel en 1907, \u00e9s considerat com un dels millors exponents del teatre de la primera meitat del segle XX per la seua actitud innovadora i propulsora de la renovaci\u00f3 i modernitzaci\u00f3 de l&#8217;escena espanyola. Va apostar tot pel teatre popular i de masses, i va destacar pels seus muntatges enlluernadors, complexos i cars amb decorats espectaculars, vestuari molt ric i tones de material esc\u00e8nic. Destacava el gran nombre d&#8217;efectes especials i trucs que creava per a sorprendre i enlluernar a l&#8217;espectador. Es va arribar a encunyar l&#8217;adjectiu de \u00abrambalesco\u00bb a la seua manera de concebre i practicar el teatre que va passar a formar part de la mem\u00f2ria sentimental de moltes generacions. El p\u00fablic hispanoameric\u00e0 i espanyol va assistir en massa als seus espectacles teatrals.<\/em><\/p>\n\n\n\n<p class=\"wp-block-paragraph\"><em>En eixe mateix any de 1989 van representar una de les seues obres m\u00e9s exitosa Els habitants de la casa deshabitada de Jardiel Poncela.<\/em><\/p>\n\n\n\n<p class=\"wp-block-paragraph\"><em>Fonamental per a l&#8217;Agrupaci\u00f3 Esc\u00e8nica Rambal va ser la seua fusi\u00f3 el 7 de juny de 1991 amb el Grup de Teatre Bit\u00e0cola fundat en 1985 com a grup de la parr\u00f2quia d&#8217;Utiel. Van entrar nous components que van ser importants per a l&#8217;agrupaci\u00f3 com Jos\u00e9 Manuel Garc\u00eda Iranzo, Jos\u00e9 Luis Ram\u00edrez, Rafael i Diego P\u00e9rez Monteagudo, Ram\u00f3n D\u00edaz Castelblanque, Betlem Monrabal o Rafael Briz, entre altres.<\/em><\/p>\n\n\n\n<p class=\"wp-block-paragraph\"><em>En 1991 es van atrevir amb \u00e8xit amb una Antologia de la Zarzuela i en 1992 amb Bodes de sang de Garc\u00eda Lorca. En la fira de 1993, les Agrupaci\u00f3 Esc\u00e8nica Enrique Rambal, Massa Coral Utielana i la Uni\u00f3 Musical Utielana es van ajuntar per a interpretar amb \u00e8xit la sarsuela La rosa del safr\u00e0 de Jacinto Guerrero. En 1994 va ser la sarsuela La Parranda de Fern\u00e1ndez Ardavin. En 1995 va celebrar l&#8217;Agrupaci\u00f3 el seu XXV Aniversari amb pres\u00e8ncia del dramaturg Juan Alfonso Gil-Albors i l&#8217;actor Pep Cort\u00e9s.<\/em><\/p>\n\n\n\n<p class=\"wp-block-paragraph\"><em>Van continuar incorporant-se nous components com Antonio Mateo, Juli\u00e1n Zafrilla j\u00fanior, Roc\u00edo Gim\u00e9nez, Ana D\u00edaz, Julia Ballesteros o Santiago Ponce, entre molts altres. En 1996 es van integrar en la Federaci\u00f3 Provincial de Teatre Amateurs.<\/em><\/p>\n\n\n\n<p class=\"wp-block-paragraph\"><em>Molt important va ser la creaci\u00f3 i posada en funcionament de l&#8217;Escola Municipal de Teatre que es dir\u00e0 tamb\u00e9 Enrique Rambal on s&#8217;imparteixen pels seus actors i actrius classes de declamaci\u00f3, expressi\u00f3 corporal, m\u00edmica, t\u00e8cniques d&#8217;il\u00b7luminaci\u00f3 i escenografia.<\/em><\/p>\n\n\n\n<p class=\"wp-block-paragraph\"><em>En 1998 i 1999, juntament amb la Uni\u00f3 Musical Utielana i Massa Coral, van fer funcions ben\u00e8fiques pels perjudicats per l&#8217;hurac\u00e0 que va assolar Hondures, Guatemala i El Salvador i tamb\u00e9 en 1999 i 2000 en benefici del jove utielano Ra\u00fal Guaita. En 2001 van estrenar local al carrer Barcelona i en 2002 van homenatjar a Remedios Landete, a m\u00e9s de celebrar amb una gran exposici\u00f3 les bodes d&#8217;or de l&#8217;Agrupaci\u00f3, amb dos anys de retard pel COVID.<\/em><\/p>\n\n\n\n<p class=\"wp-block-paragraph\"><em>Van prosseguir amb l&#8217;ampliaci\u00f3 del seu repertori amb obres com a Golfs de cinc estreles de Juan Jos\u00e9 Alonso Mill\u00e1n; Molt de soroll i poques anous de Shakespeare; Hist\u00f2ria d&#8217;un cavall de Tolstoi (premi al millor espectacle aficionat en el Certamen Nacional d&#8217;Haro).<\/em><\/p>\n\n\n\n<p class=\"wp-block-paragraph\"><em>Punt i a part \u00e9s l&#8217;organitzaci\u00f3 realitzada per l&#8217;Agrupaci\u00f3 del Concurs Nacional de Teatre per a Aficionats \u00abCiutat d&#8217;Utiel\u00bb queen 2026 compleix la seua quarantena edici\u00f3. Aquest esdeveniment va n\u00e0ixer de la iniciativa de la falla Porta del Sol que va crear un concurs de teatre per a aficionats. En 1986 va tindre lloc el primer Concurs Comarcal de Teatre d&#8217;Aficionats que en 1987 va afegir al seu nom el de \u00abCiutat d&#8217;Utiel\u00bb i que es realitzava a la Casa Municipal de la Cultura. De 1986 a 1988 va participar Venta del Moro. En la cinquena edici\u00f3 de 1990 va passar a dir-se Concurs Nacional de Teatre per a Aficionats Ciutat d&#8217;Utiel i es realitzava ja en el Teatre Rambal. En aquest exit\u00f3s certamen s&#8217;ha pogut veure representacions de grups teatrals de tota Espanya, entre molts altres llocs els de M\u00f3stoles, Elda, Iecla, Alc\u00e1zar de San Juan, Requena, Villarrobledo, Tomelloso, Aranjuez, Puertollano, Castell\u00f3, Val\u00e8ncia, Bunyol, Logronyo, Torrelavega, Getafe, Almassora, Elx, Almansa, Almagro, Alcoi, C\u00f2rdova, Vigo i un ampli etc\u00e8tera.<\/em><\/p>\n\n\n\n<p class=\"wp-block-paragraph\"><em>L&#8217;Agrupaci\u00f3 destaca per la seua participaci\u00f3 en m\u00faltiples projectes i esdeveniments utielanos com en l&#8217;homenatge a l&#8217;ancianitat; en la representaci\u00f3 del fet hist\u00f2ric que ha donat peu a \u00abUtiel a la llum dels ciris\u00bb, a lectures teatralitzades en la Fira del Llibre; el Dia Internacional del Teatre o a representacions ben\u00e8fiques en pro d&#8217;una causa noble com la de ARUNAD, AFA Utiel o altres. Tamb\u00e9 posseeix el programa \u00abLa Tramoia\u00bb en R\u00e0dio Utiel, testimoni d&#8217;anteriors espais de teatre radiof\u00f2nic. Van participar en el Centenari de la mort de Benito P\u00e9rez Gald\u00f3s i van proposar el nomenament de Fill Adoptiu de la Ciutat a Jos\u00e9 Jim\u00e9nez \u00abJoselito\u00bb<\/em><\/p>\n\n\n\n<p class=\"wp-block-paragraph\"><em>L&#8217;Agrupaci\u00f3 prossegueix amb una f\u00e8rtil i arriscada ampliaci\u00f3 del repertori amb obres com la complexa Dr\u00e1cula d&#8217;Enrique Rambal (2016); Perfectes desconeguts; Un D\u00e9u salvatge de Jasmina Resa o la molt exitosa Mozart i Salieri de Pushkin amb m\u00e9s de 20 actors i actrius en escena. Amb aquestes i altres obres, l&#8217;Agrupaci\u00f3 porta el teatre per moltes poblacions espanyoles.<\/em><\/p>\n\n\n\n<p class=\"wp-block-paragraph\"><em>A m\u00e9s, posseeixen el Grup Juvenil de l&#8217;Agrupaci\u00f3 Esc\u00e8nica Enrique Rambal que sota la direcci\u00f3 de Julia Ballesteros ha realitzat amb finalitats solidaris una versi\u00f3 lliure del somni d&#8217;una nit d&#8217;estiu de Shakespeare en aquest mateix 2026.<\/em><\/p>\n\n\n\n<p class=\"wp-block-paragraph\"><em>En 2026 no s&#8217;han oblidat del 70 aniversari de la defunci\u00f3 d&#8217;Enrique Rambal i han organitzat tot un any entorn d&#8217;aquest gran utielano amb exposicions de gran inter\u00e9s que han rebut quasi 600 visitants, representacions en la Universitat de Val\u00e8ncia, una Mostra de Teatre Jove i accions v\u00e0ries.<\/em><\/p>\n\n\n\n<p class=\"wp-block-paragraph\"><em>En l&#8217;actualitat, \u00e9s el grup teatral deg\u00e0 de la comarca.<\/em><\/p>\n\n\n\n<p class=\"wp-block-paragraph\"><em>Aix\u00ed doncs, aquesta Associaci\u00f3 Cultural Amics de Venta del Moro atorga el Premi Altipl\u00e0 del Cabriol en la seua vint-i-sisena edici\u00f3 a l&#8217;Agrupaci\u00f3 Esc\u00e8nica Enrique Rambal per les seues m\u00e9s de cinquanta anys d&#8217;activitat teatral arreplegant el testimoni de la tradici\u00f3 teatral utielana, pels seus exitosos muntatges que recorren moltes poblacions d&#8217;Espanya, per la seua organitzaci\u00f3 del Concurs Nacional de Teatre per a Aficionats \u00abCiutat d&#8217;Utiel\u00bb que compleix quaranta edicions, per la seua participaci\u00f3 en tot esdeveniment utielano en qu\u00e8 se&#8217;l convide i per totes les iniciatives relacionades amb el teatre que duu a terme.\u00bb<\/em><\/p>\n\n\n\n<p class=\"wp-block-paragraph\">PREMI PI QUILIBIOS 2026<\/p>\n\n\n\n<p class=\"wp-block-paragraph\">\u00abDespr\u00e9s de les argumentacions pertinents, es procedeix a la votaci\u00f3 i per unanimitat dels membres de la directiva presents, s&#8217;aprova el seg\u00fcent: Concedir el premi denominat \u00abPi Quilibios\u00bb a don \u00c1ngel G\u00f3mez Moya.&nbsp;<\/p>\n\n\n\n<p class=\"wp-block-paragraph\">\u00c1ngel G\u00f3mez Moya va n\u00e0ixer el 16 d&#8217;abril de 1944, fill de Narc\u00eds i Carmen. Es pot dir que \u00e9s venturre\u00f1o per tots costats, perqu\u00e8 pares, avis, besavis, rebesavis, tant paterns com materns i fins on aconsegueix l&#8217;arbre geneal\u00f2gic, s\u00f3n de Venta del Moro.<\/p>\n\n\n\n<p class=\"wp-block-paragraph\">Agricultor i capat\u00e0s de finques agr\u00edcoles, ja en la seua joventut va destacar com un dels millors futbolistes del Venta del Moro CF on va jugar des de 1957 fins a finals dels anys 70 en aquell m\u00edtic equip amb Alejandro L\u00f3pez \u201cSoca\u201d, Jos\u00e9 Garc\u00eda \u201cGrillo\u201d, Jos\u00e9 C\u00e1rcel \u201cTomaso\u201d, Luis Moya, Toni L\u00f3pez \u201cChato\u201d, Antonio Ruiz, Manuel Moya, Borja, Francisco G\u00f3mez \u201cRata\u201d, Edmundo Gonz\u00e1lez \u201cMundete\u201d, Ricardo L\u00f3pez, Emilio Guaita, Crist\u00f3bal Recarte, Salva Descal\u00e7, Gonzalo Huerta, Antonio Fuentes, Jos\u00e9 Mar\u00eda Latorre, Julio Cervera, Fidel C\u00e1rcel o Pepe Ruiz, entre altres. Per la seua semblan\u00e7a f\u00edsica i de joc van arribar a sobrenomenar-li Bobby Charlton, fam\u00f3s jugador brit\u00e0nic de l&#8217;\u00e8poca. La seua vinculaci\u00f3 va seguir en el futbol com a president del club venturre\u00f1o i en la seua etapa, en la temporada 1979-1980, el Venta del Moro va ser l&#8217;equip espanyol que m\u00e9s gols va marcar en totes les competicions s\u00e8niors amb golejades com l&#8217;endossada a la Pesquera (25-0) o Camp Arc\u00eds (1-11 i 9-0).<\/p>\n\n\n\n<p class=\"wp-block-paragraph\">Per\u00f2 el Premi Pi Quilibios 2026 s&#8217;entrega a don \u00c1ngel G\u00f3mez Moya per la seua llarga traject\u00f2ria com a president de la Uni\u00f3 Musical de Venta del Moro, vint-i-huit anys en dues etapes que han finalitzat en aquest any de 2026. La designaci\u00f3 va ser realitzada a proposta de la pr\u00f2pia Uni\u00f3 Musical i ha sigut valorada per l&#8217;Associaci\u00f3 Cultural Amics de Venta del Moro positivament.<\/p>\n\n\n\n<p class=\"wp-block-paragraph\">Despr\u00e9s de les etapes en la presid\u00e8ncia de Leopoldo Emilio Clemente L\u00f3pez de 1968 a 1991 i Julio Cervera Ruiz de febrer de 1992 a febrer de 1995, al mar\u00e7 de 1995 i fins a abril de 2005 \u00c1ngel G\u00f3mez va exercir com a president. En eixa data va ser substitu\u00eft per Jos\u00e9 Emilio Clemente qui va prosseguir fins a l&#8217;1 de setembre de 2008, en qu\u00e8 despr\u00e9s de sol\u00b7licitud pr\u00f2pia per motius laborals \u00e9s substitu\u00eft novament per Sr. \u00c1ngel G\u00f3mez, primer com a president en funcions i posteriorment com a president per elecci\u00f3 assemble\u00e0ria.<\/p>\n\n\n\n<p class=\"wp-block-paragraph\">\u00c1ngel G\u00f3mez Moya en la seua etapa com a president ha conviscut en la directiva amb els seus efica\u00e7os secretaris Jos\u00e9 Fern\u00e1ndez Descalzo i Amparo Vall\u00e9s i actius vocals com Jos\u00e9 Juli\u00e1n Garc\u00eda Hern\u00e1ndez, Elvira Beltr\u00e1n, Diego Monteagudo, Alba Olmo,Inma Santi Andreu&nbsp; i molts altres m\u00fasics i associats.<\/p>\n\n\n\n<p class=\"wp-block-paragraph\">Com a president, ha conviscut assajos i concerts amb el director don Jos\u00e9 Luis Casad\u00f3 del Camp fins a juny de 1996, don Joan Jos\u00e9 Clemente Bueno de 1996 a juliol de 2004, don Sergio Navarro Bonavi\u00f1a entre maig de 2007 i desembre de 2008, don Francisco Jos\u00e9 Santos Valverde en 2009 i amb don Salvador Tarras\u00f3 Aled\u00f3n en 2005 i, posteriorment, des de setembre de 2009 fins a l&#8217;actualitat.<\/p>\n\n\n\n<p class=\"wp-block-paragraph\">En la seua etapa com a president, la Uni\u00f3 Musical ha aconseguit diverses fites importants per a l&#8217;agrupaci\u00f3.<\/p>\n\n\n\n<p class=\"wp-block-paragraph\">El 12 de maig de 1995 es va establir el conveni entre l&#8217;Ajuntament de Venta del Moro i la Uni\u00f3 Musical que regulava les seues relacions i les actuacions de la banda al poble i llogarets.<\/p>\n\n\n\n<p class=\"wp-block-paragraph\">El 15 de juny de 1996, la Uni\u00f3 Musical va realitzar el seu primer concert en el Palau de la M\u00fasica de Val\u00e8ncia.<\/p>\n\n\n\n<p class=\"wp-block-paragraph\">En 1997, la banda venturre\u00f1a es va integrar a l&#8217;Escola Comarca de M\u00fasica \u201cTerra del Vi\u201d.<\/p>\n\n\n\n<p class=\"wp-block-paragraph\">En 1999 es va fundar la Banda Juvenil de la Uni\u00f3 Musical.<\/p>\n\n\n\n<p class=\"wp-block-paragraph\">A l&#8217;agost de 2002 es va interpretar per primera vegada l&#8217;Himne de Venta del Moro, escrit pel propi director Sr. Juan Jos\u00e9 Clemente Bueno. Despr\u00e9s de nombrosos assajos realitzats amb gran il\u00b7lusi\u00f3, l&#8217;himne va ser tocat per la banda i interpretat per un cor de venturre\u00f1os creat per a l&#8217;ocasi\u00f3<\/p>\n\n\n\n<p class=\"wp-block-paragraph\">El 13 d&#8217;agost de 2003, es va realitzar un macroconcert a Venta del Moro de les quatre bandes integrants de l&#8217;Escola Comarcal Terra del Vi (Caudete de las Fuentes, Villargordo del Cabriel, Fuenterrobles i Venta del Moro).<\/p>\n\n\n\n<p class=\"wp-block-paragraph\">El 6 de mar\u00e7 de 2004, la Uni\u00f3 Musical va aprovar la modificaci\u00f3 dels Estatuts de l&#8217;Associaci\u00f3, que provenien de 1983, per a adaptar-los a la nova Llei org\u00e0nica 1\/2002 del Dret a l&#8217;Associaci\u00f3.<\/p>\n\n\n\n<p class=\"wp-block-paragraph\">El 13 de novembre de 2007, despr\u00e9s de molts anys com a banderer, Jos\u00e9 Fern\u00e1ndez va passar el testimoni al mateix \u00c1ngel G\u00f3mez Moya abans de tornar a ser president.<\/p>\n\n\n\n<p class=\"wp-block-paragraph\">El 9 d&#8217;agost de 2009, la Uni\u00f3 Musical va celebrar el Centenari de Banda de M\u00fasica a Venta del Moro amb un acte matut\u00ed d&#8217;ofrena floral als m\u00fasics morts on es van nomenar tots aquells m\u00fasics que han desaparegut i es van exhibir les dues banderes existents de la banda. A la nit es va realitzar un acte de reconeixement a tots els m\u00fasics vius que han passat per la banda, entregant a cadascun un diploma. Despr\u00e9s de l&#8217;acte, una fabulosa banda formada per m\u00fasics actius i passius va interpretar un concert de pasdobles i m\u00fasica espanyola. Per primera vegada, s&#8217;ajuntaven en un concert m\u00fasics de molt diverses generacions.<\/p>\n\n\n\n<p class=\"wp-block-paragraph\">El 16 d&#8217;agost de 2009, sota la seua presid\u00e8ncia, l&#8217;Associaci\u00f3 Cultural Amics de Venta del Moro va entregar el premi \u201cPi Quilibios\u201d en la seua novena edici\u00f3 a la Uni\u00f3 Musical per eixos cent anys de banda de m\u00fasica a Venta del Moro.<\/p>\n\n\n\n<p class=\"wp-block-paragraph\">El 26 de desembre de 2009, es va inaugurar la nova seu de la Uni\u00f3 Musical, constru\u00efda exnovo al costat de la Casa de la Cultura despr\u00e9s d&#8217;anys de posseir un local al costat de la Glorieta. \u00c9s important assenyalar tamb\u00e9 el paper de l&#8217;anterior president, Jos\u00e9 Emilio Clemente, en la consecuci\u00f3 del local.<\/p>\n\n\n\n<p class=\"wp-block-paragraph\">El 13 de gener de 2013 ser\u00e0 recordat com el dia en qu\u00e8 la Uni\u00f3 Musical, sota la direcci\u00f3 de don Salvador Tarras\u00f3, va realitzar un gran concert en el Palau de la M\u00fasica de Val\u00e8ncia. I en 2014 es va iniciar la pres\u00e8ncia de la banda en la pla\u00e7a de bous de Val\u00e8ncia on les seues interpretacions eren aplaudides per l&#8217;afici\u00f3 taurina, una cosa gens habitual. Van ser els primers que van tocar el bell i dif\u00edcil pasdoble \u00abLa petxina flamenca\u00bb que va ser ovacionat en peus per la pla\u00e7a.<\/p>\n\n\n\n<p class=\"wp-block-paragraph\">El 4 de juliol de 2015 es va realitzar un gran i exit\u00f3s primera macrocercavila de totes les bandes de la comarca a Venta del Moro, sent els amfitrions felicitats per la gran organitzaci\u00f3 de l&#8217;esdeveniment. Tamb\u00e9 el 26 de maig de 2018 es va acudir a la macrotrobada de bandes en l&#8217;estadi Mestalla de Val\u00e8ncia.<\/p>\n\n\n\n<p class=\"wp-block-paragraph\">D\u00edhuit anys s\u00f3n molts en la presid\u00e8ncia. Exigeix molt esfor\u00e7 de preparar i organitzar concerts, buscar finan\u00e7ament, adoptar decisions, equilibrar postures diferents i tot amb l&#8217;objectiu filantr\u00f2pic que la Uni\u00f3 Musical continue sent una instituci\u00f3 referent en el nostre terme. Recordem que ens amenitza en els concerts habituals de Nadal, Primavera, Estiu i Santa Cecilia; que \u00e9s present en les tradicions venturre\u00f1as (Setmana Santa, Sant Isidre, festes d&#8217;agost, festes de les Verge de Loreto); que acudeix a les festes dels llogarets, a la pla\u00e7a de bous de Venta del Moro i que realitza concerts d&#8217;intercanvi amb altres societats musicals.&nbsp;<\/p>\n\n\n\n<p class=\"wp-block-paragraph\">I tot aix\u00f2 genera moltes alegries, m\u00e9s d&#8217;algun disgustillo i tamb\u00e9 treball, per\u00f2, \u00e9s que, a m\u00e9s, \u00c1ngel, popularment \u00abAngel\u00edn\u00bb, no sols s&#8217;ha guanyat el respecte de la Uni\u00f3 Musical, sin\u00f3 tamb\u00e9 l&#8217;afecte i simpatia dels m\u00fasics i directius que han tingut en ell una persona pr\u00f2xima que treballava en pro de l&#8217;objectiu com\u00fa. \u00c9s tan aix\u00ed, que t\u00e9 el seu propi pasdoble, \u00abAngel\u00edn\u00bb, compost per don Joan Jos\u00e9 Clemente en 2013.<\/p>\n\n\n\n<p class=\"wp-block-paragraph\">Aix\u00ed doncs, aquesta Associaci\u00f3 Cultural Amics de Venta del Moro acorda premiar a don \u00c1ngel G\u00f3mez Moya pels seus vint-i-huit anys al capdavant de la Uni\u00f3 Musical de Venta del Moro, guanyant-se el respecte i afecte de m\u00fasics, directiva, directors, associats i aficionats a la m\u00fasica de Venta del Moro.\u00bb<\/p>\n\n\n\n<p class=\"wp-block-paragraph\"><\/p>\n","protected":false},"excerpt":{"rendered":"<div class=\"mh-excerpt\">L&#8217;Associaci\u00f3 Cultural Amics de Venta del Moro en l&#8217;assemblea ordin\u00e0ria realitzada el 5 de juliol de 2026 ha concedit en la seua vint-i-sisena edici\u00f3 els premis Altipl\u00e0 del Cabriol i Pi Quilibios 2026.&nbsp; L&#8217;acte de <a class=\"mh-excerpt-more\" href=\"https:\/\/tucomarca.whitekongsoftware.com\/ca\/concessio-del-premi-altipla-del-cabriol-2026-a-lagrupacio-escenica-enrique-rambal-i-el-premi-pi-quilibios-2026-a-don-angel-gomez-moya\/\" title=\"Concessi\u00f3 del Premi Altipl\u00e0 del Cabriol 2026 a l&#8217;agrupaci\u00f3 esc\u00e8nica Enrique Rambal i el Premi Pi Quilibios 2026 a Don \u00c1ngel G\u00f3mez Moya\">[+] <\/a><\/div>\n","protected":false},"author":13,"featured_media":124598,"comment_status":"closed","ping_status":"open","sticky":false,"template":"","format":"standard","meta":{"footnotes":""},"categories":[10894,10904,11007,10909,10896,11060],"tags":[15856,16660,10910],"class_list":["post-307879","post","type-post","status-publish","format-standard","has-post-thumbnail","category-la-comarca-ca","category-sin-categorizar-ca","category-ocio-y-cultura-ca","category-requena-utiel-ca","category-seccion-ca","category-venta-del-moro-ca","tag-ocio-y-cultura-ca","tag-premios-ca","tag-requena-utiel-ca"],"_links":{"self":[{"href":"https:\/\/tucomarca.whitekongsoftware.com\/ca\/wp-json\/wp\/v2\/posts\/307879","targetHints":{"allow":["GET"]}}],"collection":[{"href":"https:\/\/tucomarca.whitekongsoftware.com\/ca\/wp-json\/wp\/v2\/posts"}],"about":[{"href":"https:\/\/tucomarca.whitekongsoftware.com\/ca\/wp-json\/wp\/v2\/types\/post"}],"author":[{"embeddable":true,"href":"https:\/\/tucomarca.whitekongsoftware.com\/ca\/wp-json\/wp\/v2\/users\/13"}],"replies":[{"embeddable":true,"href":"https:\/\/tucomarca.whitekongsoftware.com\/ca\/wp-json\/wp\/v2\/comments?post=307879"}],"version-history":[{"count":2,"href":"https:\/\/tucomarca.whitekongsoftware.com\/ca\/wp-json\/wp\/v2\/posts\/307879\/revisions"}],"predecessor-version":[{"id":307892,"href":"https:\/\/tucomarca.whitekongsoftware.com\/ca\/wp-json\/wp\/v2\/posts\/307879\/revisions\/307892"}],"wp:featuredmedia":[{"embeddable":true,"href":"https:\/\/tucomarca.whitekongsoftware.com\/ca\/wp-json\/wp\/v2\/media\/124598"}],"wp:attachment":[{"href":"https:\/\/tucomarca.whitekongsoftware.com\/ca\/wp-json\/wp\/v2\/media?parent=307879"}],"wp:term":[{"taxonomy":"category","embeddable":true,"href":"https:\/\/tucomarca.whitekongsoftware.com\/ca\/wp-json\/wp\/v2\/categories?post=307879"},{"taxonomy":"post_tag","embeddable":true,"href":"https:\/\/tucomarca.whitekongsoftware.com\/ca\/wp-json\/wp\/v2\/tags?post=307879"}],"curies":[{"name":"wp","href":"https:\/\/api.w.org\/{rel}","templated":true}]}}