{"id":307855,"date":"2026-07-13T09:00:00","date_gmt":"2026-07-13T07:00:00","guid":{"rendered":"https:\/\/www.tucomarca.com\/wordpress\/segunda\/?p=307855"},"modified":"2026-07-13T18:58:59","modified_gmt":"2026-07-13T16:58:59","slug":"lartistica-big-band-actua-aquesta-nit-en-la-xviii-biennal-de-musica-de-bunyol-despres-davancar-el-seu-concert-al-dilluns","status":"publish","type":"post","link":"https:\/\/tucomarca.whitekongsoftware.com\/ca\/lartistica-big-band-actua-aquesta-nit-en-la-xviii-biennal-de-musica-de-bunyol-despres-davancar-el-seu-concert-al-dilluns\/","title":{"rendered":"L&#8217;Art\u00edstica big band actua aquesta nit en la XVIII Biennal de M\u00fasica de Bunyol despr\u00e9s d&#8217;avan\u00e7ar el seu concert al dilluns"},"content":{"rendered":"\n<p class=\"wp-block-paragraph\">La XVIII Biennal de M\u00fasica de Bunyol oferir\u00e0 aquesta nit una de les seues cites m\u00e9s esperades amb l&#8217;actuaci\u00f3 de l&#8217;Art\u00edstica big band, que pujar\u00e0 a l&#8217;escenari a les #22:30 hores a l&#8217;Auditori de Sant Llu\u00eds, despr\u00e9s del canvi de data anunciat per l&#8217;organitzaci\u00f3.<\/p>\n\n\n\n<p class=\"wp-block-paragraph\">El concert, previst inicialment per al dimarts, s&#8217;ha avan\u00e7at al dilluns 13 de juliol amb l&#8217;objectiu que el p\u00fablic puga gaudir tamb\u00e9 del partit de semifinals del Mundial que disputar\u00e0 la selecci\u00f3 espanyola. La modificaci\u00f3 del calendari ha sigut ben rebuda per l&#8217;organitzaci\u00f3, que ha volgut facilitar l&#8217;assist\u00e8ncia tant a l&#8217;esdeveniment musical com a la important cita esportiva.<\/p>\n\n\n\n<p class=\"wp-block-paragraph\">L&#8217;actuaci\u00f3 promet una vetlada plena de ritme i qualitat interpretativa, amb un repertori de jazz que comptar\u00e0, a m\u00e9s, amb una estrena molt especial:&nbsp;&#8220;Let&#8217;s Llaure&#8221;, una composici\u00f3 d&#8217;Isabel Latorre inspirada en el tema popular&nbsp;&#8220;La Suissa Valenciana&#8221;. Aquesta nova obra es presentar\u00e0 per primera vegada davant el p\u00fablic dins del concert de la formaci\u00f3 bu\u00f1olense.<\/p>\n\n\n\n<p class=\"wp-block-paragraph\">L&#8217;organitzaci\u00f3 convida a ve\u00efns i visitants a gaudir d&#8217;una nit de m\u00fasica en directe a l&#8217;Auditori de Sant Llu\u00eds, en una nova cita de la programaci\u00f3 de la Biennal de M\u00fasica de Bunyol 2026, que tornar\u00e0 a reunir aficionats i amants del jazz en un entorn \u00fanic. Informa, <strong>A. Pall\u00e1s<\/strong>.<\/p>\n\n\n\n<p class=\"wp-block-paragraph\"><\/p>\n","protected":false},"excerpt":{"rendered":"<div class=\"mh-excerpt\">La XVIII Biennal de M\u00fasica de Bunyol oferir\u00e0 aquesta nit una de les seues cites m\u00e9s esperades amb l&#8217;actuaci\u00f3 de l&#8217;Art\u00edstica big band, que pujar\u00e0 a l&#8217;escenari a les #22:30 hores a l&#8217;Auditori de Sant <a class=\"mh-excerpt-more\" href=\"https:\/\/tucomarca.whitekongsoftware.com\/ca\/lartistica-big-band-actua-aquesta-nit-en-la-xviii-biennal-de-musica-de-bunyol-despres-davancar-el-seu-concert-al-dilluns\/\" title=\"L&#8217;Art\u00edstica big band actua aquesta nit en la XVIII Biennal de M\u00fasica de Bunyol despr\u00e9s d&#8217;avan\u00e7ar el seu concert al dilluns\">[+] <\/a><\/div>\n","protected":false},"author":13,"featured_media":307853,"comment_status":"closed","ping_status":"open","sticky":false,"template":"","format":"standard","meta":{"footnotes":""},"categories":[11019,10911,11005,10894,10912,11007,10896],"tags":[17095,10913,10914,15856],"class_list":["post-307855","post","type-post","status-publish","format-standard","has-post-thumbnail","category-agenda-ca","category-bunol-ca","category-canal-musica","category-la-comarca-ca","category-la-hoya-ca","category-ocio-y-cultura-ca","category-seccion-ca","tag-bienal-de-musica-ca","tag-bunol-ca","tag-la-hoya-de-bunol-chiva-ca","tag-ocio-y-cultura-ca"],"_links":{"self":[{"href":"https:\/\/tucomarca.whitekongsoftware.com\/ca\/wp-json\/wp\/v2\/posts\/307855","targetHints":{"allow":["GET"]}}],"collection":[{"href":"https:\/\/tucomarca.whitekongsoftware.com\/ca\/wp-json\/wp\/v2\/posts"}],"about":[{"href":"https:\/\/tucomarca.whitekongsoftware.com\/ca\/wp-json\/wp\/v2\/types\/post"}],"author":[{"embeddable":true,"href":"https:\/\/tucomarca.whitekongsoftware.com\/ca\/wp-json\/wp\/v2\/users\/13"}],"replies":[{"embeddable":true,"href":"https:\/\/tucomarca.whitekongsoftware.com\/ca\/wp-json\/wp\/v2\/comments?post=307855"}],"version-history":[{"count":2,"href":"https:\/\/tucomarca.whitekongsoftware.com\/ca\/wp-json\/wp\/v2\/posts\/307855\/revisions"}],"predecessor-version":[{"id":307881,"href":"https:\/\/tucomarca.whitekongsoftware.com\/ca\/wp-json\/wp\/v2\/posts\/307855\/revisions\/307881"}],"wp:featuredmedia":[{"embeddable":true,"href":"https:\/\/tucomarca.whitekongsoftware.com\/ca\/wp-json\/wp\/v2\/media\/307853"}],"wp:attachment":[{"href":"https:\/\/tucomarca.whitekongsoftware.com\/ca\/wp-json\/wp\/v2\/media?parent=307855"}],"wp:term":[{"taxonomy":"category","embeddable":true,"href":"https:\/\/tucomarca.whitekongsoftware.com\/ca\/wp-json\/wp\/v2\/categories?post=307855"},{"taxonomy":"post_tag","embeddable":true,"href":"https:\/\/tucomarca.whitekongsoftware.com\/ca\/wp-json\/wp\/v2\/tags?post=307855"}],"curies":[{"name":"wp","href":"https:\/\/api.w.org\/{rel}","templated":true}]}}