{"id":307427,"date":"2026-07-07T09:00:00","date_gmt":"2026-07-07T07:00:00","guid":{"rendered":"https:\/\/www.tucomarca.com\/wordpress\/segunda\/?p=307427"},"modified":"2026-07-07T19:20:28","modified_gmt":"2026-07-07T17:20:28","slug":"letno-mostra-a-caudete-de-las-fuentes-el-valor-patrimonial-i-social-de-les-campanes-en-la-cultura-valenciana","status":"publish","type":"post","link":"https:\/\/tucomarca.whitekongsoftware.com\/ca\/letno-mostra-a-caudete-de-las-fuentes-el-valor-patrimonial-i-social-de-les-campanes-en-la-cultura-valenciana\/","title":{"rendered":"L&#8217;ETNO mostra a Caudete de las Fuentes el valor patrimonial i social de les campanes en la cultura valenciana"},"content":{"rendered":"\n<h3 class=\"wp-block-heading\"><strong>La proposta &#8216;Terra de Campanes&#8217; del Museu Valenci\u00e0 d&#8217;Etnologia de la Diputaci\u00f3 de Val\u00e8ncia es podr\u00e0 visitar a partir del 8 de juliol i fins al 12 de setembre en el Museu Etnol\u00f2gic del municipi<\/strong>.<\/h3>\n\n\n\n<p class=\"wp-block-paragraph\">Caudete de las Fuentes acull des d&#8217;este dimecres 8 de juliol i fins al pr\u00f2xim 12 de setembre l&#8217;exposici\u00f3 itinerant &#8216;Terra de Campanes&#8217;, una proposta de L&#8217;ETNO, Museu Valenci\u00e0 d\u2019Etnologia de la Diputaci\u00f3 de Val\u00e8ncia, que es podr\u00e0 visitar en el Museu Etnol\u00f2gic del municipi, l&#8217;antiga biblioteca.<\/p>\n\n\n\n<p class=\"wp-block-paragraph\">La mostra, produ\u00efda pel Museu de l&#8217;Horta Sud i itinerada per L\u2019ETNO, est\u00e0 comissariada per Pau Sarri\u00f3, autor de l&#8217;estudi &#8216;Les veus de l&#8217;Horta Sud&#8217;, publicat per l&#8217;Institut d\u2019Estudis Comarcals (IDECO), i compta amb el disseny d&#8217;Eugenio Sim\u00f3.&nbsp;<\/p>\n\n\n\n<p class=\"wp-block-paragraph\">El diputat de Cultura, Paco Teruel, considera &#8220;fonamental&#8221; acostar el patrimoni etnol\u00f2gic a tots els municipis de la prov\u00edncia. &#8220;Volem que la cultura arribe a cada rac\u00f3 de la prov\u00edncia i, amb esta proposta, &#8216;Terra de Campanes&#8217;, promocionem i divulguem les nostres tradicions, la nostra mem\u00f2ria i la nostra identitat compartida.&#8221;<\/p>\n\n\n\n<p class=\"wp-block-paragraph\">&#8216;Terra de Campanes&#8217; oferix un recorregut pel valor patrimonial i social de les campanes en la cultura valenciana a trav\u00e9s de cinc \u00e0mbits tem\u00e0tics. El primer aborda l&#8217;origen de les campanes, mentre que el segon se centra en el proc\u00e9s de fosa. El tercer espai est\u00e0 dedicat als usos tradicionals de les campanes, tant en l&#8217;\u00e0mbit religi\u00f3s com en el civil, i inclou un apartat espec\u00edfic sobre les matraques. Finalment, l&#8217;exposici\u00f3 analitza el proc\u00e9s de mecanitzaci\u00f3 dels campanars i el sorgiment de les noves colles de campaners i campaneres.<\/p>\n\n\n\n<p class=\"wp-block-paragraph\">Un altre dels aspectes destacats de l&#8217;exposici\u00f3 \u00e9s la difusi\u00f3 del paper de les dones en el toc de campanes al llarg de la hist\u00f2ria, una contribuci\u00f3 que la mostra recupera com a part fonamental d&#8217;este llegat cultural.<\/p>\n\n\n\n<p class=\"wp-block-paragraph\">El recorregut inclou la reproducci\u00f3 en miniatura de l&#8217;interior d&#8217;un campanar, i les persones visitants poden tocar una campana i fer sonar diferents carraques de m\u00e0. A m\u00e9s, diversos codis QR i pantalles audiovisuals permeten descobrir v\u00eddeos de campanes de diferents llocs del m\u00f3n, tocs manuals de diferents tipologies, el funcionament d&#8217;un rellotge de campanar o entrevistes a campaners. Tot aix\u00f2 genera un paisatge sonor din\u00e0mic que canvia en funci\u00f3 del recorregut i de la participaci\u00f3 del p\u00fablic.<\/p>\n\n\n\n<figure class=\"wp-block-image size-full\"><img loading=\"lazy\" decoding=\"async\" width=\"1600\" height=\"1200\" src=\"https:\/\/www.tucomarca.com\/wordpress\/segunda\/wp-content\/uploads\/2026\/07\/Tierra-de-campanas.jpeg\" alt=\"\" class=\"wp-image-307424\" srcset=\"https:\/\/tucomarca.whitekongsoftware.com\/wp-content\/uploads\/2026\/07\/Tierra-de-campanas.jpeg 1600w, https:\/\/tucomarca.whitekongsoftware.com\/wp-content\/uploads\/2026\/07\/Tierra-de-campanas-508x381.jpeg 508w, https:\/\/tucomarca.whitekongsoftware.com\/wp-content\/uploads\/2026\/07\/Tierra-de-campanas-326x245.jpeg 326w, https:\/\/tucomarca.whitekongsoftware.com\/wp-content\/uploads\/2026\/07\/Tierra-de-campanas-768x576.jpeg 768w, https:\/\/tucomarca.whitekongsoftware.com\/wp-content\/uploads\/2026\/07\/Tierra-de-campanas-1536x1152.jpeg 1536w, https:\/\/tucomarca.whitekongsoftware.com\/wp-content\/uploads\/2026\/07\/Tierra-de-campanas-678x509.jpeg 678w, https:\/\/tucomarca.whitekongsoftware.com\/wp-content\/uploads\/2026\/07\/Tierra-de-campanas-80x60.jpeg 80w\" sizes=\"auto, (max-width: 1600px) 100vw, 1600px\" \/><\/figure>\n","protected":false},"excerpt":{"rendered":"<div class=\"mh-excerpt\">La proposta &#8216;Terra de Campanes&#8217; del Museu Valenci\u00e0 d&#8217;Etnologia de la Diputaci\u00f3 de Val\u00e8ncia es podr\u00e0 visitar a partir del 8 de juliol i fins al 12 de setembre en el Museu Etnol\u00f2gic del municipi. <a class=\"mh-excerpt-more\" href=\"https:\/\/tucomarca.whitekongsoftware.com\/ca\/letno-mostra-a-caudete-de-las-fuentes-el-valor-patrimonial-i-social-de-les-campanes-en-la-cultura-valenciana\/\" title=\"L&#8217;ETNO mostra a Caudete de las Fuentes el valor patrimonial i social de les campanes en la cultura valenciana\">[+] <\/a><\/div>\n","protected":false},"author":12,"featured_media":307423,"comment_status":"closed","ping_status":"open","sticky":false,"template":"","format":"standard","meta":{"footnotes":""},"categories":[11019,11005,11032,10894,11007,10909,10896],"tags":[12700,12194,10910],"class_list":["post-307427","post","type-post","status-publish","format-standard","has-post-thumbnail","category-agenda-ca","category-canal-musica","category-caudete-ca","category-la-comarca-ca","category-ocio-y-cultura-ca","category-requena-utiel-ca","category-seccion-ca","tag-caudete-de-las-fuentes-ca","tag-cultura-ca","tag-requena-utiel-ca"],"_links":{"self":[{"href":"https:\/\/tucomarca.whitekongsoftware.com\/ca\/wp-json\/wp\/v2\/posts\/307427","targetHints":{"allow":["GET"]}}],"collection":[{"href":"https:\/\/tucomarca.whitekongsoftware.com\/ca\/wp-json\/wp\/v2\/posts"}],"about":[{"href":"https:\/\/tucomarca.whitekongsoftware.com\/ca\/wp-json\/wp\/v2\/types\/post"}],"author":[{"embeddable":true,"href":"https:\/\/tucomarca.whitekongsoftware.com\/ca\/wp-json\/wp\/v2\/users\/12"}],"replies":[{"embeddable":true,"href":"https:\/\/tucomarca.whitekongsoftware.com\/ca\/wp-json\/wp\/v2\/comments?post=307427"}],"version-history":[{"count":1,"href":"https:\/\/tucomarca.whitekongsoftware.com\/ca\/wp-json\/wp\/v2\/posts\/307427\/revisions"}],"predecessor-version":[{"id":307428,"href":"https:\/\/tucomarca.whitekongsoftware.com\/ca\/wp-json\/wp\/v2\/posts\/307427\/revisions\/307428"}],"wp:featuredmedia":[{"embeddable":true,"href":"https:\/\/tucomarca.whitekongsoftware.com\/ca\/wp-json\/wp\/v2\/media\/307423"}],"wp:attachment":[{"href":"https:\/\/tucomarca.whitekongsoftware.com\/ca\/wp-json\/wp\/v2\/media?parent=307427"}],"wp:term":[{"taxonomy":"category","embeddable":true,"href":"https:\/\/tucomarca.whitekongsoftware.com\/ca\/wp-json\/wp\/v2\/categories?post=307427"},{"taxonomy":"post_tag","embeddable":true,"href":"https:\/\/tucomarca.whitekongsoftware.com\/ca\/wp-json\/wp\/v2\/tags?post=307427"}],"curies":[{"name":"wp","href":"https:\/\/api.w.org\/{rel}","templated":true}]}}