{"id":307300,"date":"2026-07-06T12:15:00","date_gmt":"2026-07-06T10:15:00","guid":{"rendered":"https:\/\/www.tucomarca.com\/wordpress\/segunda\/?p=307300"},"modified":"2026-07-06T18:20:38","modified_gmt":"2026-07-06T16:20:38","slug":"el-consorci-de-bombers-de-valencia-reforca-el-seu-dispositiu-davant-lonada-de-calor-i-el-risc-extrem-dincendis-forestals","status":"publish","type":"post","link":"https:\/\/tucomarca.whitekongsoftware.com\/ca\/el-consorci-de-bombers-de-valencia-reforca-el-seu-dispositiu-davant-lonada-de-calor-i-el-risc-extrem-dincendis-forestals\/","title":{"rendered":"El Consorci de Bombers de Val\u00e8ncia refor\u00e7a el seu dispositiu davant l&#8217;onada de calor i el risc extrem d&#8217;incendis forestals"},"content":{"rendered":"\n<h3 class=\"wp-block-heading\">L&#8217;entitat de la Diputaci\u00f3 de Val\u00e8ncia refor\u00e7a el seu operatiu ordinari de 175 efectius amb 70 persones m\u00e9s per a refor\u00e7ar parcs, brigades forestals, comandaments, sala de comunicacions i bombers voluntaris.<\/h3>\n\n\n\n<h3 class=\"wp-block-heading\">El president del Consorci i diputat provincial de Medi Ambient, Avelino Mascarell, demana \u201cm\u00e0xima prud\u00e8ncia\u201d a la ciutadania i recorda que \u201cqualsevol imprud\u00e8ncia pot tindre conseq\u00fc\u00e8ncies molt greus en un escenari de calor extrema, vegetaci\u00f3 seca i diversos mesos sense pluges generalitzades\u201d.<\/h3>\n\n\n\n<h3 class=\"wp-block-heading\">El CPBV continua col\u00b7laborant en les labors d&#8217;extinci\u00f3 de l&#8217;incendi declarat este cap de setmana entre Azu\u00e9bar i Soneja, a la prov\u00edncia de Castell\u00f3.<\/h3>\n\n\n\n<p class=\"wp-block-paragraph\">El Consorci Provincial de Bombers de Val\u00e8ncia ha activat este dilluns el seu Procediment de Refor\u00e7 per Situacions Meteorol\u00f2giques Adverses davant l&#8217;onada de calor que afecta la prov\u00edncia de Val\u00e8ncia i al conjunt de la Comunitat Valenciana, i que coincidix amb un escenari de risc extrem d&#8217;incendis forestals.<\/p>\n\n\n\n<p class=\"wp-block-paragraph\">La mesura, prevista inicialment fins al dimecres 8 de juliol, podr\u00e0 ampliar-se en funci\u00f3 de l&#8217;evoluci\u00f3 meteorol\u00f2gica i del nivell de risc d&#8217;incendis. L&#8217;objectiu \u00e9s refor\u00e7ar la capacitat de resposta del dispositiu provincial en uns dies especialment sensibles, marcats per temperatures molt elevades, baixa humitat i un important estr\u00e9s h\u00eddric de la vegetaci\u00f3.<\/p>\n\n\n\n<p class=\"wp-block-paragraph\">L&#8217;operatiu ordinari dels bombers de la Diputaci\u00f3 de Val\u00e8ncia, format per 175 persones, s&#8217;incrementa amb 70 efectius addicionals dirigits espec\u00edficament a refor\u00e7ar el dispositiu antiincendis. Este refor\u00e7 inclou una dotaci\u00f3 de bombers m\u00e9s per cada parc principal, l&#8217;activaci\u00f3 de deu BRIFO, m\u00e9s personal a la sala del Centre de Comunicacions i Control, m\u00e9s efectius en l&#8217;escala de comandament i en la unitat forestal, aix\u00ed com presencialitat de bombers voluntaris als seus parcs.<\/p>\n\n\n\n<p class=\"wp-block-paragraph\">El president del Consorci i diputat de Medi Ambient, Avelino Mascarell, ha destacat que \u201cel Consorci s&#8217;anticipa a un episodi d&#8217;especial complexitat per a estar preparat davant qualsevol emerg\u00e8ncia i reduir al m\u00e0xim els temps de resposta\u201d. Mascarell ha subratllat que \u201cla prevenci\u00f3 \u00e9s ara mateix tan important com la intervenci\u00f3, perqu\u00e8 en les condicions actuals qualsevol espurna pot convertir-se en un incendi de r\u00e0pida propagaci\u00f3\u201d.<\/p>\n\n\n\n<p class=\"wp-block-paragraph\">El responsable provincial ha insistit que \u201cvenim de dies de temperatures intenses i de mesos sense pluges rellevants generalitzades a la prov\u00edncia, cosa que ha deixat a la vegetaci\u00f3 en una situaci\u00f3 d&#8217;elevat estr\u00e9s h\u00eddric\u201d. Per aix\u00f2, ha afegit, \u201cdemanem a la ciutadania m\u00e0xima prud\u00e8ncia i col\u00b7laboraci\u00f3, especialment en les zones forestals i d&#8217;interf\u00edcie urbana-forestal\u201d.<\/p>\n\n\n\n<p class=\"wp-block-paragraph\">Des del Consorci es recorda la import\u00e0ncia d&#8217;extremar les mesures de prevenci\u00f3 i evitar qualsevol conducta que puga originar un incendi. Entre altres recomanacions, es demana no encendre foc en zones pr\u00f2ximes a vegetaci\u00f3, no utilitzar maquin\u00e0ria o ferramentes que puguen generar espurnes, no llan\u00e7ar pirot\u00e8cnia, no llan\u00e7ar burilles ni residus a l&#8217;entorn natural i respectar en tot moment les prohibicions i restriccions establides per les autoritats competents.<\/p>\n\n\n\n<p class=\"wp-block-paragraph\">El Consorci tamb\u00e9 recomana evitar activitats de risc en les hores centrals del dia, mantindre&#8217;s informat a trav\u00e9s dels canals oficials i telefonar immediatament al 112 davant qualsevol columna de fum o indici d&#8217;incendi.<\/p>\n\n\n\n<p class=\"wp-block-paragraph\"><strong>Col\u00b7laboraci\u00f3 en l&#8217;incendi forestal de Soneja<\/strong><\/p>\n\n\n\n<p class=\"wp-block-paragraph\">A m\u00e9s del refor\u00e7 activat a la prov\u00edncia de Val\u00e8ncia, el Consorci Provincial de Bombers de Val\u00e8ncia mant\u00e9 efectius mobilitzats en suport al Consorci de Bombers de Castell\u00f3 en l&#8217;incendi forestal declarat este diumenge entre Soneja i Azu\u00e9bar, que ha requerit la intervenci\u00f3 d&#8217;un ampli dispositiu d&#8217;emerg\u00e8ncies.<\/p>\n\n\n\n<p class=\"wp-block-paragraph\">Els bombers de la Diputaci\u00f3 es van incorporar ahir diumenge amb l&#8217;enviament de quatre mitjans aeris i cinc unitats de bombers forestals; a m\u00e9s d&#8217;un coordinador i dos brigades forestals. Este dilluns, el dispositiu despla\u00e7at est\u00e0 integrat per un mitj\u00e0 aeri, un oficial, un coordinador forestal, tres brigades BRIFO, i dos unitats de bombers forestals.<\/p>\n\n\n\n<p class=\"wp-block-paragraph\">Esta col\u00b7laboraci\u00f3 s&#8217;emmarca en els mecanismes habituals de coordinaci\u00f3 entre servicis d&#8217;emerg\u00e8ncies davant incendis forestals d&#8217;especial complexitat, especialment en contextos meteorol\u00f2gics marcats per les altes temperatures i la baixa humitat, per l&#8217;elevat risc de propagaci\u00f3 que suposen.<\/p>\n","protected":false},"excerpt":{"rendered":"<div class=\"mh-excerpt\">L&#8217;entitat de la Diputaci\u00f3 de Val\u00e8ncia refor\u00e7a el seu operatiu ordinari de 175 efectius amb 70 persones m\u00e9s per a refor\u00e7ar parcs, brigades forestals, comandaments, sala de comunicacions i bombers voluntaris. El president del Consorci <a class=\"mh-excerpt-more\" href=\"https:\/\/tucomarca.whitekongsoftware.com\/ca\/el-consorci-de-bombers-de-valencia-reforca-el-seu-dispositiu-davant-lonada-de-calor-i-el-risc-extrem-dincendis-forestals\/\" title=\"El Consorci de Bombers de Val\u00e8ncia refor\u00e7a el seu dispositiu davant l&#8217;onada de calor i el risc extrem d&#8217;incendis forestals\">[+] <\/a><\/div>\n","protected":false},"author":12,"featured_media":307292,"comment_status":"closed","ping_status":"open","sticky":false,"template":"","format":"standard","meta":{"footnotes":""},"categories":[10898,10948,10894,10904,10903,10947,10896,10897],"tags":[12162,22915,11246,11721],"class_list":["post-307300","post","type-post","status-publish","format-standard","has-post-thumbnail","category-ventana-ca","category-infraestructuras-ca","category-la-comarca-ca","category-sin-categorizar-ca","category-medio-ambiente-la-comarca-ca","category-politica","category-seccion-ca","category-sucesos-la-comarca-ca","tag-brigadas-forestales-ca","tag-consorcio-de-bomberos-de-valencia-2-ca","tag-diputacio-de-valencia-ca","tag-incendios-forestales-ca"],"_links":{"self":[{"href":"https:\/\/tucomarca.whitekongsoftware.com\/ca\/wp-json\/wp\/v2\/posts\/307300","targetHints":{"allow":["GET"]}}],"collection":[{"href":"https:\/\/tucomarca.whitekongsoftware.com\/ca\/wp-json\/wp\/v2\/posts"}],"about":[{"href":"https:\/\/tucomarca.whitekongsoftware.com\/ca\/wp-json\/wp\/v2\/types\/post"}],"author":[{"embeddable":true,"href":"https:\/\/tucomarca.whitekongsoftware.com\/ca\/wp-json\/wp\/v2\/users\/12"}],"replies":[{"embeddable":true,"href":"https:\/\/tucomarca.whitekongsoftware.com\/ca\/wp-json\/wp\/v2\/comments?post=307300"}],"version-history":[{"count":3,"href":"https:\/\/tucomarca.whitekongsoftware.com\/ca\/wp-json\/wp\/v2\/posts\/307300\/revisions"}],"predecessor-version":[{"id":307321,"href":"https:\/\/tucomarca.whitekongsoftware.com\/ca\/wp-json\/wp\/v2\/posts\/307300\/revisions\/307321"}],"wp:featuredmedia":[{"embeddable":true,"href":"https:\/\/tucomarca.whitekongsoftware.com\/ca\/wp-json\/wp\/v2\/media\/307292"}],"wp:attachment":[{"href":"https:\/\/tucomarca.whitekongsoftware.com\/ca\/wp-json\/wp\/v2\/media?parent=307300"}],"wp:term":[{"taxonomy":"category","embeddable":true,"href":"https:\/\/tucomarca.whitekongsoftware.com\/ca\/wp-json\/wp\/v2\/categories?post=307300"},{"taxonomy":"post_tag","embeddable":true,"href":"https:\/\/tucomarca.whitekongsoftware.com\/ca\/wp-json\/wp\/v2\/tags?post=307300"}],"curies":[{"name":"wp","href":"https:\/\/api.w.org\/{rel}","templated":true}]}}