{"id":307235,"date":"2026-07-06T12:00:00","date_gmt":"2026-07-06T10:00:00","guid":{"rendered":"https:\/\/www.tucomarca.com\/wordpress\/segunda\/?p=307235"},"modified":"2026-07-06T13:13:59","modified_gmt":"2026-07-06T11:13:59","slug":"perez-llorca-sollicita-a-la-poblacio-maxima-precaucio-i-collaboracio-davant-lonada-de-calor-i-el-risc-dincendis-forestals","status":"publish","type":"post","link":"https:\/\/tucomarca.whitekongsoftware.com\/ca\/perez-llorca-sollicita-a-la-poblacio-maxima-precaucio-i-collaboracio-davant-lonada-de-calor-i-el-risc-dincendis-forestals\/","title":{"rendered":"P\u00e9rez Llorca sol\u00b7licita a la poblaci\u00f3 \u201cm\u00e0xima precauci\u00f3 i col\u00b7laboraci\u00f3\u201d davant l&#8217;onada de calor i el risc d&#8217;incendis forestals"},"content":{"rendered":"\n<p class=\"wp-block-paragraph\">El president de la Generalitat assisteix a la reuni\u00f3 de coordinaci\u00f3 en el Lloc de Comandament Avan\u00e7at (PMA) per a avaluar l&#8217;evoluci\u00f3 de l&#8217;incendi forestal de Soneja en el qual treballen entorn de 300 efectius.<\/p>\n\n\n\n<p class=\"wp-block-paragraph\">El president de la Generalitat, Juanfran P\u00e9rez Llorca, ha llan\u00e7at un missatge de conscienciaci\u00f3 a tota la poblaci\u00f3 valenciana davant l&#8217;onada de calor decretada per als pr\u00f2xims dies i el risc d&#8217;incendis forestals, al mateix temps que ha sol\u00b7licitat \u201cm\u00e0xima precauci\u00f3 i col\u00b7laboraci\u00f3 amb els consells i les recomanacions dels organismes oficials\u201d.<\/p>\n\n\n\n<p class=\"wp-block-paragraph\">Aix\u00ed ho ha destacat despr\u00e9s de la reuni\u00f3 de coordinaci\u00f3 mantinguda en el Lloc de Comandament Avan\u00e7at (PMA) de Soneja per a fer seguiment de l&#8217;evoluci\u00f3 de l&#8217;incendi forestal declarat el diumenge en aquest terme municipal i del qual el president ha informat que \u201cen aquests moments no est\u00e0 perimetrado\u201d.<\/p>\n\n\n\n<p class=\"wp-block-paragraph\">El cap del Consell ha advertit que \u201centrarem en uns dies de molt\u00edssima calor\u201d i ha agregat que \u201cpossiblement a partir de dem\u00e0 vengen acompanyats de tempestes el\u00e8ctriques\u201d, per la qual cosa ha recalcat que \u201caix\u00f2 ens posar\u00e0 en una situaci\u00f3 molt complicada en tot el territori de la Comunitat Valenciana\u201d<\/p>\n\n\n\n<p class=\"wp-block-paragraph\">En refer\u00e8ncia a l&#8217;incendi forestal de Soneja, ha explicat que aquest mat\u00ed s&#8217;han reincorporat 16 mitjans aeris a les tasques d&#8217;extinci\u00f3 i ha destacat que \u201cencara que en aquests moments les condicions meteorol\u00f2giques s\u00f3n bastant bones, la previsi\u00f3 \u00e9s que a partir de les 11 del mat\u00ed empitjoren per l&#8217;onada de calor\u201d.&nbsp;<\/p>\n\n\n\n<p class=\"wp-block-paragraph\">Aix\u00ed mateix, s&#8217;ha referit a la previsi\u00f3 de \u201cratxes de vent que poden arribar als 40 km per hora\u201d i ha subratllat que \u201ctot el treball que s&#8217;avance ara ser\u00e0 important per a intentar contindre aquest incendi\u201d.<\/p>\n\n\n\n<p class=\"wp-block-paragraph\">El cap del Consell ha informat que finalment van ser 41 persones allotjades ahir en el Seminari de Soneja, i ha assegurat que \u201cde moment no es podr\u00e0 tornar al municipi\u201d. En aquest sentit, ha sol\u00b7licitat esperar a \u201cl&#8217;evoluci\u00f3 de l&#8217;incendi en les pr\u00f2ximes hores i a les previsions meteorol\u00f2giques\u201d.<\/p>\n\n\n\n<figure class=\"wp-block-image size-full\"><img loading=\"lazy\" decoding=\"async\" width=\"1740\" height=\"1160\" src=\"https:\/\/www.tucomarca.com\/wordpress\/segunda\/wp-content\/uploads\/2026\/07\/GVAPerezLlorcaincendios2.jpeg\" alt=\"\" class=\"wp-image-307232\" srcset=\"https:\/\/tucomarca.whitekongsoftware.com\/wp-content\/uploads\/2026\/07\/GVAPerezLlorcaincendios2.jpeg 1740w, https:\/\/tucomarca.whitekongsoftware.com\/wp-content\/uploads\/2026\/07\/GVAPerezLlorcaincendios2-572x381.jpeg 572w, https:\/\/tucomarca.whitekongsoftware.com\/wp-content\/uploads\/2026\/07\/GVAPerezLlorcaincendios2-768x512.jpeg 768w, https:\/\/tucomarca.whitekongsoftware.com\/wp-content\/uploads\/2026\/07\/GVAPerezLlorcaincendios2-1536x1024.jpeg 1536w\" sizes=\"auto, (max-width: 1740px) 100vw, 1740px\" \/><\/figure>\n\n\n\n<p class=\"wp-block-paragraph\"><\/p>\n\n\n\n<p class=\"wp-block-paragraph\"><strong>300 efec<\/strong>tius<\/p>\n\n\n\n<p class=\"wp-block-paragraph\">Entorn de 300 efectius estan actuant per a sufocar l&#8217;incendi forestal en el qual participen bombers forestals de la Generalitat, del consorci de Castell\u00f3 i Val\u00e8ncia, bombers municipals de Castell\u00f3, UME, policia de la Generalitat, personal de Medi Ambient, personal sanitari, Gu\u00e0rdia Civil, Protecci\u00f3 Civil, entre altres, a m\u00e9s de prop d&#8217;un centenar de vehicles.<\/p>\n\n\n\n<p class=\"wp-block-paragraph\">Al respecte, el president ha enaltit \u201cla fant\u00e0stica coordinaci\u00f3\u201d entre totes les administracions i ha agra\u00eft el treball i l&#8217;esfor\u00e7 als m\u00e9s de 240 efectius que van treballar durant tota la nit d&#8217;ahir.<\/p>\n\n\n\n<figure class=\"wp-block-image size-full\"><img loading=\"lazy\" decoding=\"async\" width=\"2087\" height=\"1391\" src=\"https:\/\/www.tucomarca.com\/wordpress\/segunda\/wp-content\/uploads\/2026\/07\/GVAPerezLlorcaincendios3.jpeg\" alt=\"\" class=\"wp-image-307230\" srcset=\"https:\/\/tucomarca.whitekongsoftware.com\/wp-content\/uploads\/2026\/07\/GVAPerezLlorcaincendios3.jpeg 2087w, https:\/\/tucomarca.whitekongsoftware.com\/wp-content\/uploads\/2026\/07\/GVAPerezLlorcaincendios3-572x381.jpeg 572w, https:\/\/tucomarca.whitekongsoftware.com\/wp-content\/uploads\/2026\/07\/GVAPerezLlorcaincendios3-768x512.jpeg 768w, https:\/\/tucomarca.whitekongsoftware.com\/wp-content\/uploads\/2026\/07\/GVAPerezLlorcaincendios3-1536x1024.jpeg 1536w, https:\/\/tucomarca.whitekongsoftware.com\/wp-content\/uploads\/2026\/07\/GVAPerezLlorcaincendios3-2048x1365.jpeg 2048w\" sizes=\"auto, (max-width: 2087px) 100vw, 2087px\" \/><\/figure>\n\n\n\n<p class=\"wp-block-paragraph\"><\/p>\n","protected":false},"excerpt":{"rendered":"<div class=\"mh-excerpt\">El president de la Generalitat assisteix a la reuni\u00f3 de coordinaci\u00f3 en el Lloc de Comandament Avan\u00e7at (PMA) per a avaluar l&#8217;evoluci\u00f3 de l&#8217;incendi forestal de Soneja en el qual treballen entorn de 300 efectius. <a class=\"mh-excerpt-more\" href=\"https:\/\/tucomarca.whitekongsoftware.com\/ca\/perez-llorca-sollicita-a-la-poblacio-maxima-precaucio-i-collaboracio-davant-lonada-de-calor-i-el-risc-dincendis-forestals\/\" title=\"P\u00e9rez Llorca sol\u00b7licita a la poblaci\u00f3 \u201cm\u00e0xima precauci\u00f3 i col\u00b7laboraci\u00f3\u201d davant l&#8217;onada de calor i el risc d&#8217;incendis forestals\">[+] <\/a><\/div>\n","protected":false},"author":1,"featured_media":307229,"comment_status":"closed","ping_status":"open","sticky":false,"template":"","format":"gallery","meta":{"footnotes":""},"categories":[11046,10898,10948,10894,10904,10903,10947,10896,10897],"tags":[22896,17660,23466,11199],"class_list":["post-307235","post","type-post","status-publish","format-gallery","has-post-thumbnail","category-los-serranos-ca","category-ventana-ca","category-infraestructuras-ca","category-la-comarca-ca","category-sin-categorizar-ca","category-medio-ambiente-la-comarca-ca","category-politica","category-seccion-ca","category-sucesos-la-comarca-ca","tag-calor-ca","tag-incendios-ca","tag-juanfran-perez-llorca-ca","tag-la-comunitat-ca","post_format-post-format-gallery"],"_links":{"self":[{"href":"https:\/\/tucomarca.whitekongsoftware.com\/ca\/wp-json\/wp\/v2\/posts\/307235","targetHints":{"allow":["GET"]}}],"collection":[{"href":"https:\/\/tucomarca.whitekongsoftware.com\/ca\/wp-json\/wp\/v2\/posts"}],"about":[{"href":"https:\/\/tucomarca.whitekongsoftware.com\/ca\/wp-json\/wp\/v2\/types\/post"}],"author":[{"embeddable":true,"href":"https:\/\/tucomarca.whitekongsoftware.com\/ca\/wp-json\/wp\/v2\/users\/1"}],"replies":[{"embeddable":true,"href":"https:\/\/tucomarca.whitekongsoftware.com\/ca\/wp-json\/wp\/v2\/comments?post=307235"}],"version-history":[{"count":2,"href":"https:\/\/tucomarca.whitekongsoftware.com\/ca\/wp-json\/wp\/v2\/posts\/307235\/revisions"}],"predecessor-version":[{"id":307237,"href":"https:\/\/tucomarca.whitekongsoftware.com\/ca\/wp-json\/wp\/v2\/posts\/307235\/revisions\/307237"}],"wp:featuredmedia":[{"embeddable":true,"href":"https:\/\/tucomarca.whitekongsoftware.com\/ca\/wp-json\/wp\/v2\/media\/307229"}],"wp:attachment":[{"href":"https:\/\/tucomarca.whitekongsoftware.com\/ca\/wp-json\/wp\/v2\/media?parent=307235"}],"wp:term":[{"taxonomy":"category","embeddable":true,"href":"https:\/\/tucomarca.whitekongsoftware.com\/ca\/wp-json\/wp\/v2\/categories?post=307235"},{"taxonomy":"post_tag","embeddable":true,"href":"https:\/\/tucomarca.whitekongsoftware.com\/ca\/wp-json\/wp\/v2\/tags?post=307235"}],"curies":[{"name":"wp","href":"https:\/\/api.w.org\/{rel}","templated":true}]}}