{"id":307186,"date":"2026-07-05T12:00:00","date_gmt":"2026-07-05T10:00:00","guid":{"rendered":"https:\/\/www.tucomarca.com\/wordpress\/segunda\/?p=307186"},"modified":"2026-07-06T12:42:20","modified_gmt":"2026-07-06T10:42:20","slug":"marian-cano-ressalta-el-potencial-del-turisme-dinterior-durant-la-jornada-de-la-floracio-de-la-lavanda-dademus","status":"publish","type":"post","link":"https:\/\/tucomarca.whitekongsoftware.com\/ca\/marian-cano-ressalta-el-potencial-del-turisme-dinterior-durant-la-jornada-de-la-floracio-de-la-lavanda-dademus\/","title":{"rendered":"Marian Cano ressalta el potencial del turisme d&#8217;interior durant la jornada de la Floraci\u00f3 de la Lavanda d&#8217;Adem\u00fas"},"content":{"rendered":"\n<h3 class=\"wp-block-heading\">La consellera assisteix a una cita que converteix Adem\u00fas en aparador d&#8217;artesania, gastronomia, cultura i experi\u00e8ncies vinculades al territori.<\/h3>\n\n\n\n<p class=\"wp-block-paragraph\">La consellera d&#8217;Ind\u00fastria, Turisme, Innovaci\u00f3 i Comer\u00e7, Mari\u00e1n Cano, ha assistit aquest divendres, juntament amb l&#8217;alcalde d&#8217;Adem\u00fas, \u00c1ngel Andr\u00e9s, a la Floraci\u00f3 de la Lavanda, una jornada en la qual s&#8217;ha inaugurat el mercat que es podr\u00e0 visitar en el municipi durant tot el cap de setmana.<\/p>\n\n\n\n<p class=\"wp-block-paragraph\">Cano ha destacat que aquesta cita \u201crepresenta molt b\u00e9 l&#8217;ess\u00e8ncia d&#8217;Adem\u00fas: naturalesa, tradici\u00f3, producte local, hospitalitat i orgull pel territori\u201d. Aix\u00ed mateix, ha assenyalat que el mercat \u201cconvida a descobrir un dest\u00ed amb identitat pr\u00f2pia i a gaudir dels seus paisatges\u201d.<\/p>\n\n\n\n<p class=\"wp-block-paragraph\">La consellera ha remarcat que la Floraci\u00f3 de la Lavanda a Adem\u00fas \u201cdemostra que el turisme d&#8217;interior t\u00e9 molt\u00edssim a oferir\u201d, especialment en un moment en el qual cada vegada m\u00e9s visitants busquen propostes basades en l&#8217;autenticitat, la tranquil\u00b7litat, el contacte amb la naturalesa i la sostenibilitat.<\/p>\n\n\n\n<p class=\"wp-block-paragraph\">En aquest sentit, ha recordat que Adem\u00fas compta amb el reconeixement de municipi tur\u00edstic de singularitat de la Comunitat Valenciana, forma part de la Xarxa de Destinacions Tur\u00edstiques Intel\u00b7ligents i ha sabut construir una oferta tur\u00edstica estretament vinculada al seu territori.<\/p>\n\n\n\n<p class=\"wp-block-paragraph\">Mari\u00e1n Cano ha incidit en qu\u00e8 la Generalitat aposta per \u201cun model tur\u00edstic que diversifica, contribueix a la desestacionalitzaci\u00f3 i genera oportunitats per tot el territori\u201d. Un model que, segons ha assenyalat, \u201cmira tamb\u00e9 cap a l&#8217;interior, posa en valor els nostres pobles i afavoreix la creaci\u00f3 d&#8217;activitat econ\u00f2mica, ocupaci\u00f3 i futur\u201d.<\/p>\n\n\n\n<p class=\"wp-block-paragraph\">Aix\u00ed mateix, ha assegurat que Turisme Comunitat Valenciana \u201ccontinuar\u00e0 acompanyant als municipis d&#8217;interior i donant suport a projectes que reforcen la seua competitivitat tur\u00edstica\u201d, al mateix temps que ha destacat que impulsar el turisme als pobles \u201csuposa fer costat tamb\u00e9 a les seues empreses, comer\u00e7os, productors, artesans i a totes les persones que mantenen viu el territori\u201d.<\/p>\n\n\n\n<p class=\"wp-block-paragraph\">La consellera ha felicitat l&#8217;Ajuntament d&#8217;Adem\u00fas, aix\u00ed com als artesans, productors i a totes les persones implicades en l&#8217;organitzaci\u00f3 de l&#8217;esdeveniment, per consolidar la Floraci\u00f3 de la Lavanda com una de les cites de refer\u00e8ncia de l&#8217;inici de l&#8217;estiu a l&#8217;interior de la Comunitat Valenciana.<\/p>\n\n\n\n<p class=\"wp-block-paragraph\">Finalment, Cano ha animat a ve\u00efns i visitants a gaudir del mercat artesanal, els tallers, la m\u00fasica, les rutes i el conjunt de propostes programades, aix\u00ed com a descobrir \u201cla bellesa d&#8217;aquest rac\u00f3 privilegiat, l&#8217;aroma de la lavanda i l&#8217;autenticitat d&#8217;Adem\u00fas\u201d.<\/p>\n","protected":false},"excerpt":{"rendered":"<div class=\"mh-excerpt\">La consellera assisteix a una cita que converteix Adem\u00fas en aparador d&#8217;artesania, gastronomia, cultura i experi\u00e8ncies vinculades al territori. La consellera d&#8217;Ind\u00fastria, Turisme, Innovaci\u00f3 i Comer\u00e7, Mari\u00e1n Cano, ha assistit aquest divendres, juntament amb l&#8217;alcalde <a class=\"mh-excerpt-more\" href=\"https:\/\/tucomarca.whitekongsoftware.com\/ca\/marian-cano-ressalta-el-potencial-del-turisme-dinterior-durant-la-jornada-de-la-floracio-de-la-lavanda-dademus\/\" title=\"Marian Cano ressalta el potencial del turisme d&#8217;interior durant la jornada de la Floraci\u00f3 de la Lavanda d&#8217;Adem\u00fas\">[+] <\/a><\/div>\n","protected":false},"author":12,"featured_media":307181,"comment_status":"closed","ping_status":"open","sticky":false,"template":"","format":"standard","meta":{"footnotes":""},"categories":[10890,10926,10898,10948,10894,10903,11007,10896],"tags":[11097,24640],"class_list":["post-307186","post","type-post","status-publish","format-standard","has-post-thumbnail","category-ademus","category-ademus-ca","category-ventana-ca","category-infraestructuras-ca","category-la-comarca-ca","category-medio-ambiente-la-comarca-ca","category-ocio-y-cultura-ca","category-seccion-ca","tag-ademuz-ca","tag-floracion-de-lavanda"],"_links":{"self":[{"href":"https:\/\/tucomarca.whitekongsoftware.com\/ca\/wp-json\/wp\/v2\/posts\/307186","targetHints":{"allow":["GET"]}}],"collection":[{"href":"https:\/\/tucomarca.whitekongsoftware.com\/ca\/wp-json\/wp\/v2\/posts"}],"about":[{"href":"https:\/\/tucomarca.whitekongsoftware.com\/ca\/wp-json\/wp\/v2\/types\/post"}],"author":[{"embeddable":true,"href":"https:\/\/tucomarca.whitekongsoftware.com\/ca\/wp-json\/wp\/v2\/users\/12"}],"replies":[{"embeddable":true,"href":"https:\/\/tucomarca.whitekongsoftware.com\/ca\/wp-json\/wp\/v2\/comments?post=307186"}],"version-history":[{"count":3,"href":"https:\/\/tucomarca.whitekongsoftware.com\/ca\/wp-json\/wp\/v2\/posts\/307186\/revisions"}],"predecessor-version":[{"id":307214,"href":"https:\/\/tucomarca.whitekongsoftware.com\/ca\/wp-json\/wp\/v2\/posts\/307186\/revisions\/307214"}],"wp:featuredmedia":[{"embeddable":true,"href":"https:\/\/tucomarca.whitekongsoftware.com\/ca\/wp-json\/wp\/v2\/media\/307181"}],"wp:attachment":[{"href":"https:\/\/tucomarca.whitekongsoftware.com\/ca\/wp-json\/wp\/v2\/media?parent=307186"}],"wp:term":[{"taxonomy":"category","embeddable":true,"href":"https:\/\/tucomarca.whitekongsoftware.com\/ca\/wp-json\/wp\/v2\/categories?post=307186"},{"taxonomy":"post_tag","embeddable":true,"href":"https:\/\/tucomarca.whitekongsoftware.com\/ca\/wp-json\/wp\/v2\/tags?post=307186"}],"curies":[{"name":"wp","href":"https:\/\/api.w.org\/{rel}","templated":true}]}}