{"id":307116,"date":"2026-07-03T09:35:00","date_gmt":"2026-07-03T07:35:00","guid":{"rendered":"https:\/\/www.tucomarca.com\/wordpress\/segunda\/?p=307116"},"modified":"2026-07-03T19:30:32","modified_gmt":"2026-07-03T17:30:32","slug":"els-socialistes-de-vilamarxant-exigeixen-la-inclusio-de-la-ronda-de-la-cv-50-en-els-pressupostos-de-la-generalitat","status":"publish","type":"post","link":"https:\/\/tucomarca.whitekongsoftware.com\/ca\/els-socialistes-de-vilamarxant-exigeixen-la-inclusio-de-la-ronda-de-la-cv-50-en-els-pressupostos-de-la-generalitat\/","title":{"rendered":"Els socialistes de Vilamarxant exigeixen la inclusi\u00f3 de la ronda de la CV-50 en els pressupostos de la Generalitat \u00a0"},"content":{"rendered":"\n<h3 class=\"wp-block-heading\">El grup municipal del PSPV-PSOE va presentar en l\u2019\u00faltim ple una moci\u00f3 per reclamar la recuperaci\u00f3 immediata dels fons destinats a la Ronda Oest i exigir que el Consell reactive el projecte immediatament.<\/h3>\n\n\n\n<p class=\"wp-block-paragraph\">La situaci\u00f3 del projecte de la Ronda Oest de la CV-50 continua tenint una falta clara de concreci\u00f3 per part del Consell, que va anunciar un projecte b\u00e0sic i una promesa de licitaci\u00f3 del projecte d\u2019execuci\u00f3. Per\u00f2 la sorpresa ha arribat en el esborrany dels pr\u00f2xims pressupostos de la Generalitat, la tramitaci\u00f3 final dels quals s\u2019est\u00e0 gestionant estos dies en les Corts i en els quals no s\u2019inclou l\u2019execuci\u00f3 d\u2019esta important infraestructura. &nbsp;<\/p>\n\n\n\n<p class=\"wp-block-paragraph\">Davant esta situaci\u00f3, la portaveu socialista en l\u2019Ajuntament de Vilamarxant, Vicky Sanchis, ha defensat en l\u2019\u00faltim ple una moci\u00f3 d\u2019urg\u00e8ncia on s\u2019exigeix la restituci\u00f3 dels fons eliminats dels pressupostos auton\u00f2mics i s\u2019insta la Conselleria d\u2019Infraestructures a agilitzar la licitaci\u00f3 del tram de la Ronda Oest de la CV-50. A m\u00e9s, es reclama a l\u2019equip de govern local que intensifique les gestions i encap\u00e7ale de manera activa les accions institucionals necess\u00e0ries davant la Generalitat Valenciana. &nbsp;<\/p>\n\n\n\n<p class=\"wp-block-paragraph\">La portaveu socialista ha subratllat que esta infraestructura \u201c\u00e9s irrenunciable i la seua execuci\u00f3 no pot esperar ni un dia m\u00e9s\u201d, ja que la situaci\u00f3 actual del tr\u00e0nsit en el municipi \u201cha superat qualsevol l\u00edmit tolerable per als ve\u00efns i ve\u00efnes de Vilamarxant, convertint-se en una emerg\u00e8ncia social poder solucionar este greu problema que patim en el municipi\u201d. &nbsp;<\/p>\n\n\n\n<p class=\"wp-block-paragraph\">Sanchis ha criticat la desaparici\u00f3 dels pressupostos dels prop de 23 milions d\u2019euros del projecte, cosa que fa que \u201cens continuen enganyant dient que \u00e9s immediata la seua construcci\u00f3 quan ni tan sols es contempla en els pr\u00f2xims comptes de la Generalitat\u201d. A m\u00e9s, la portaveu socialista ha denunciat \u201cl\u2019ambig\u00fcitat i falta de contund\u00e8ncia institucional que est\u00e0 tenint el partit del govern municipal amb el tema, que o b\u00e9 organitzen actes de cart\u00f3 ploma de cara a la galeria o simplement es posen de perfil sense exigir on s\u2019ha d\u2019exigir alt i clar que portem molts anys allargant la soluci\u00f3 del problema sense que de moment hi haja cap concreci\u00f3 de l\u2019inici real de les obres\u201d.<\/p>\n","protected":false},"excerpt":{"rendered":"<div class=\"mh-excerpt\">El grup municipal del PSPV-PSOE va presentar en l\u2019\u00faltim ple una moci\u00f3 per reclamar la recuperaci\u00f3 immediata dels fons destinats a la Ronda Oest i exigir que el Consell reactive el projecte immediatament. La situaci\u00f3 <a class=\"mh-excerpt-more\" href=\"https:\/\/tucomarca.whitekongsoftware.com\/ca\/els-socialistes-de-vilamarxant-exigeixen-la-inclusio-de-la-ronda-de-la-cv-50-en-els-pressupostos-de-la-generalitat\/\" title=\"Els socialistes de Vilamarxant exigeixen la inclusi\u00f3 de la ronda de la CV-50 en els pressupostos de la Generalitat \u00a0\">[+] <\/a><\/div>\n","protected":false},"author":13,"featured_media":307114,"comment_status":"closed","ping_status":"open","sticky":false,"template":"","format":"standard","meta":{"footnotes":""},"categories":[10892,10948,10894,10947,10896,10927],"tags":[10899,11140,11090],"class_list":["post-307116","post","type-post","status-publish","format-standard","has-post-thumbnail","category-camp-de-turia-ca","category-infraestructuras-ca","category-la-comarca-ca","category-politica","category-seccion-ca","category-vilamarxant-ca","tag-camp-de-turia-ca","tag-politica-ca","tag-vilamarxant-ca"],"_links":{"self":[{"href":"https:\/\/tucomarca.whitekongsoftware.com\/ca\/wp-json\/wp\/v2\/posts\/307116","targetHints":{"allow":["GET"]}}],"collection":[{"href":"https:\/\/tucomarca.whitekongsoftware.com\/ca\/wp-json\/wp\/v2\/posts"}],"about":[{"href":"https:\/\/tucomarca.whitekongsoftware.com\/ca\/wp-json\/wp\/v2\/types\/post"}],"author":[{"embeddable":true,"href":"https:\/\/tucomarca.whitekongsoftware.com\/ca\/wp-json\/wp\/v2\/users\/13"}],"replies":[{"embeddable":true,"href":"https:\/\/tucomarca.whitekongsoftware.com\/ca\/wp-json\/wp\/v2\/comments?post=307116"}],"version-history":[{"count":1,"href":"https:\/\/tucomarca.whitekongsoftware.com\/ca\/wp-json\/wp\/v2\/posts\/307116\/revisions"}],"predecessor-version":[{"id":307117,"href":"https:\/\/tucomarca.whitekongsoftware.com\/ca\/wp-json\/wp\/v2\/posts\/307116\/revisions\/307117"}],"wp:featuredmedia":[{"embeddable":true,"href":"https:\/\/tucomarca.whitekongsoftware.com\/ca\/wp-json\/wp\/v2\/media\/307114"}],"wp:attachment":[{"href":"https:\/\/tucomarca.whitekongsoftware.com\/ca\/wp-json\/wp\/v2\/media?parent=307116"}],"wp:term":[{"taxonomy":"category","embeddable":true,"href":"https:\/\/tucomarca.whitekongsoftware.com\/ca\/wp-json\/wp\/v2\/categories?post=307116"},{"taxonomy":"post_tag","embeddable":true,"href":"https:\/\/tucomarca.whitekongsoftware.com\/ca\/wp-json\/wp\/v2\/tags?post=307116"}],"curies":[{"name":"wp","href":"https:\/\/api.w.org\/{rel}","templated":true}]}}