{"id":307009,"date":"2026-07-02T11:05:00","date_gmt":"2026-07-02T09:05:00","guid":{"rendered":"https:\/\/www.tucomarca.com\/wordpress\/segunda\/?p=307009"},"modified":"2026-07-02T19:34:16","modified_gmt":"2026-07-02T17:34:16","slug":"godelleta-celebra-la-festivitat-del-seu-patro-sant-pere-apostol-amb-missa-mascleta-i-processo","status":"publish","type":"post","link":"https:\/\/tucomarca.whitekongsoftware.com\/ca\/godelleta-celebra-la-festivitat-del-seu-patro-sant-pere-apostol-amb-missa-mascleta-i-processo\/","title":{"rendered":"Godelleta celebra la festivitat del seu patr\u00f3, Sant Pere Ap\u00f3stol, amb missa, masclet\u00e0 i process\u00f3"},"content":{"rendered":"\n<p class=\"wp-block-paragraph\">El municipi de Godelleta va celebrar el dilluns, 29 de juny, la Festivitat de Sant Pere Ap\u00f3stol, patr\u00f3 del municipi, amb una jornada carregada de tradici\u00f3 i emoci\u00f3. El dia va arrancar amb la Solemne Missa a l&#8217;Esgl\u00e9sia Parroquial de Sant Pere Ap\u00f3stol i la Masclet\u00e0 en la Pla\u00e7a Espanya, per\u00f2 el moment m\u00e9s especial va arribar amb la tradicional Process\u00f3, que va rec\u00f3rrer els carrers de Godelleta acompanyada de tot el ve\u00efnat.<\/p>\n\n\n\n<p class=\"wp-block-paragraph\">La process\u00f3 va comptar amb la pres\u00e8ncia de diversos representants institucionals de la comarca que van voler acompanyar a l&#8217;alcaldessa Amparo Pardo i a la corporaci\u00f3 municipal en aquest acte tan significatiu per al poble. Van acudir l&#8217;alcalde d&#8217;Utiel i diputat provincial, Ricardo Gabald\u00f3n; l&#8217;alcalde de Tor\u00eds, Francisco Ricau Ib\u00e1\u00f1ez; l&#8217;alcalde de Macastre, Vicente M. Va muntar Miralles, i l&#8217;alcalde de Dosaig\u00fces, Juan Antonio D\u00edaz Torralba.<\/p>\n\n\n\n<p class=\"wp-block-paragraph\">La jornada va concloure amb l&#8217;actuaci\u00f3 de la Uni\u00f3 Musical de Godelleta, que va acompanyar la process\u00f3 i va posar el fermall d&#8217;or a una celebraci\u00f3 que, un any m\u00e9s, va reunir ve\u00efns i ve\u00efnes entorn de les tradicions m\u00e9s arrelades del municipi.<\/p>\n\n\n\n<p class=\"wp-block-paragraph\">L&#8217;alcaldessa Amparo Pardo va destacar que \u201cSant Pere \u00e9s una de les celebracions m\u00e9s especials per a Godelleta. Veure els carrers plens de ve\u00efns i ve\u00efnes i rebre a companys alcaldes de la comarca \u00e9s una mostra de la uni\u00f3 i l&#8217;afecte que ens uneix com a pobles.\u201d<\/p>\n\n\n\n<figure class=\"wp-block-gallery has-nested-images columns-default is-cropped wp-block-gallery-1 is-layout-flex wp-block-gallery-is-layout-flex\">\n<figure class=\"wp-block-image size-large\"><img loading=\"lazy\" decoding=\"async\" width=\"283\" height=\"378\" data-id=\"307004\" src=\"https:\/\/www.tucomarca.com\/wordpress\/segunda\/wp-content\/uploads\/2026\/07\/Godelleta_Patron02.jpeg\" alt=\"\" class=\"wp-image-307004\"\/><\/figure>\n\n\n\n<figure class=\"wp-block-image size-large\"><img loading=\"lazy\" decoding=\"async\" width=\"283\" height=\"378\" data-id=\"307002\" src=\"https:\/\/www.tucomarca.com\/wordpress\/segunda\/wp-content\/uploads\/2026\/07\/Godelleta_Patron01.jpeg\" alt=\"\" class=\"wp-image-307002\"\/><\/figure>\n<\/figure>\n","protected":false},"excerpt":{"rendered":"<div class=\"mh-excerpt\">El municipi de Godelleta va celebrar el dilluns, 29 de juny, la Festivitat de Sant Pere Ap\u00f3stol, patr\u00f3 del municipi, amb una jornada carregada de tradici\u00f3 i emoci\u00f3. El dia va arrancar amb la Solemne <a class=\"mh-excerpt-more\" href=\"https:\/\/tucomarca.whitekongsoftware.com\/ca\/godelleta-celebra-la-festivitat-del-seu-patro-sant-pere-apostol-amb-missa-mascleta-i-processo\/\" title=\"Godelleta celebra la festivitat del seu patr\u00f3, Sant Pere Ap\u00f3stol, amb missa, masclet\u00e0 i process\u00f3\">[+] <\/a><\/div>\n","protected":false},"author":13,"featured_media":307007,"comment_status":"closed","ping_status":"open","sticky":false,"template":"","format":"gallery","meta":{"footnotes":""},"categories":[10977,10894,10912,11004,11007,11008,10896],"tags":[11087,10914,15856],"class_list":["post-307009","post","type-post","status-publish","format-gallery","has-post-thumbnail","category-godelleta-ca","category-la-comarca-ca","category-la-hoya-ca","category-la-semana-en-imagenes-ca","category-ocio-y-cultura-ca","category-pueblos-en-fiestas-ca","category-seccion-ca","tag-godelleta-ca","tag-la-hoya-de-bunol-chiva-ca","tag-ocio-y-cultura-ca","post_format-post-format-gallery"],"_links":{"self":[{"href":"https:\/\/tucomarca.whitekongsoftware.com\/ca\/wp-json\/wp\/v2\/posts\/307009","targetHints":{"allow":["GET"]}}],"collection":[{"href":"https:\/\/tucomarca.whitekongsoftware.com\/ca\/wp-json\/wp\/v2\/posts"}],"about":[{"href":"https:\/\/tucomarca.whitekongsoftware.com\/ca\/wp-json\/wp\/v2\/types\/post"}],"author":[{"embeddable":true,"href":"https:\/\/tucomarca.whitekongsoftware.com\/ca\/wp-json\/wp\/v2\/users\/13"}],"replies":[{"embeddable":true,"href":"https:\/\/tucomarca.whitekongsoftware.com\/ca\/wp-json\/wp\/v2\/comments?post=307009"}],"version-history":[{"count":2,"href":"https:\/\/tucomarca.whitekongsoftware.com\/ca\/wp-json\/wp\/v2\/posts\/307009\/revisions"}],"predecessor-version":[{"id":307013,"href":"https:\/\/tucomarca.whitekongsoftware.com\/ca\/wp-json\/wp\/v2\/posts\/307009\/revisions\/307013"}],"wp:featuredmedia":[{"embeddable":true,"href":"https:\/\/tucomarca.whitekongsoftware.com\/ca\/wp-json\/wp\/v2\/media\/307007"}],"wp:attachment":[{"href":"https:\/\/tucomarca.whitekongsoftware.com\/ca\/wp-json\/wp\/v2\/media?parent=307009"}],"wp:term":[{"taxonomy":"category","embeddable":true,"href":"https:\/\/tucomarca.whitekongsoftware.com\/ca\/wp-json\/wp\/v2\/categories?post=307009"},{"taxonomy":"post_tag","embeddable":true,"href":"https:\/\/tucomarca.whitekongsoftware.com\/ca\/wp-json\/wp\/v2\/tags?post=307009"}],"curies":[{"name":"wp","href":"https:\/\/api.w.org\/{rel}","templated":true}]}}