{"id":306997,"date":"2026-07-02T11:15:00","date_gmt":"2026-07-02T09:15:00","guid":{"rendered":"https:\/\/www.tucomarca.com\/wordpress\/segunda\/?p=306997"},"modified":"2026-07-02T19:27:55","modified_gmt":"2026-07-02T17:27:55","slug":"mes-de-35-700-contribuents-presenten-la-declaracio-de-la-renda-gracies-a-lassistencia-de-lagencia-tributaria-valenciana-un-187-mes-que-en-lexercici-anterior","status":"publish","type":"post","link":"https:\/\/tucomarca.whitekongsoftware.com\/ca\/mes-de-35-700-contribuents-presenten-la-declaracio-de-la-renda-gracies-a-lassistencia-de-lagencia-tributaria-valenciana-un-187-mes-que-en-lexercici-anterior\/","title":{"rendered":"M\u00e9s de 35.700 contribuents presenten la declaraci\u00f3 de la renda gr\u00e0cies a l&#8217;assist\u00e8ncia de l&#8217;Ag\u00e8ncia Tribut\u00e0ria Valenciana, un 18,7% m\u00e9s que en l&#8217;exercici anterior"},"content":{"rendered":"\n<h3 class=\"wp-block-heading\">S&#8217;han tramitat 8.345 declaracions de l&#8217;IRPF per via telef\u00f2nica, 22.988 de manera presencial i 4.387 de persones tutelades per la Generalitat.<\/h3>\n\n\n\n<p class=\"wp-block-paragraph\">M\u00e9s de 35.700 contribuents de la Comunitat han presentat la declaraci\u00f3 de la Renda de les Persones F\u00edsiques (IRPF) corresponent a 2025 gr\u00e0cies a l&#8217;assist\u00e8ncia de l&#8217;Ag\u00e8ncia Tribut\u00e0ria Valenciana (ATV), la qual cosa suposa un 18,7% m\u00e9s que en l&#8217;exercici anterior. &nbsp;<\/p>\n\n\n\n<p class=\"wp-block-paragraph\">En conjunt, durant el mes de juny s&#8217;han presentat 22.988 declaracions mitjan\u00e7ant els serveis d&#8217;assist\u00e8ncia habilitats per la ATV, tant en la seua seu de Val\u00e8ncia com en les seues delegacions d&#8217;Alacant i Castell\u00f3 de la Plana, aix\u00ed com en les prop de 70 Oficines Liquidadores de Districte Hipotecari de la Comunitat Valenciana i en els municipis d&#8217;Adem\u00fas, Aiora i Paiporta.<\/p>\n\n\n\n<p class=\"wp-block-paragraph\">Aix\u00ed mateix, s&#8217;han oferit 26.639 cites, de les quals es van sol\u00b7licitar 24.726, un 20,7% m\u00e9s que en la campanya de l&#8217;any anterior.<\/p>\n\n\n\n<p class=\"wp-block-paragraph\">Els resultats d&#8217;aquesta campanya evidencien l&#8217;esfor\u00e7 realitzat per la ATV per a oferir una atenci\u00f3 efica\u00e7, pr\u00f2xima i adaptada a les necessitats dels contribuents en tota la Comunitat. L&#8217;objectiu era que cap ciutad\u00e0 quedara excl\u00f2s de l&#8217;acc\u00e9s a aquests serveis, especialment les persones majors, els qui resideixen en municipis allunyats dels grans nuclis urbans o els qui requereixen una atenci\u00f3 m\u00e9s personalitzada.<\/p>\n\n\n\n<p class=\"wp-block-paragraph\">L&#8217;\u00e0mplia xarxa d&#8217;oficines i punts d&#8217;atenci\u00f3 habilitats per la ATV ha perm\u00e9s que milers de contribuents hagen rebut assessorament especialitzat i pogueren presentar la seua declaraci\u00f3 amb totes les garanties.<\/p>\n\n\n\n<p class=\"wp-block-paragraph\">Aix\u00ed, durant el mes de maig, en el marc del programa \u2018Le Cridem\u2019, el personal de la ATV ha gestionat 9.851 cites telef\u00f2niques, que s&#8217;han tradu\u00eft en la presentaci\u00f3 de 8.345 declaracions, amb una mitjana de 464 rendes di\u00e0ries. Encara que cada vegada m\u00e9s contribuents utilitzen els canals digitals, des de la ATV es continua apostant per complementar eixa transformaci\u00f3 tecnol\u00f2gica amb una atenci\u00f3 telef\u00f2nica i presencial efica\u00e7 per als qui necessiten suport personalitzat.<\/p>\n\n\n\n<p class=\"wp-block-paragraph\">A m\u00e9s, com en anys anteriors, la ATV ha col\u00b7laborat amb l&#8217;Institut Valenci\u00e0 de Serveis Socials (IVASS) per a facilitar la presentaci\u00f3 i acc\u00e9s a les dades fiscals de les persones tutelades de la Generalitat. Gr\u00e0cies a aquesta col\u00b7laboraci\u00f3, s&#8217;han presentat un total de 4.387 declaracions.<\/p>\n","protected":false},"excerpt":{"rendered":"<div class=\"mh-excerpt\">S&#8217;han tramitat 8.345 declaracions de l&#8217;IRPF per via telef\u00f2nica, 22.988 de manera presencial i 4.387 de persones tutelades per la Generalitat. M\u00e9s de 35.700 contribuents de la Comunitat han presentat la declaraci\u00f3 de la Renda <a class=\"mh-excerpt-more\" href=\"https:\/\/tucomarca.whitekongsoftware.com\/ca\/mes-de-35-700-contribuents-presenten-la-declaracio-de-la-renda-gracies-a-lassistencia-de-lagencia-tributaria-valenciana-un-187-mes-que-en-lexercici-anterior\/\" title=\"M\u00e9s de 35.700 contribuents presenten la declaraci\u00f3 de la renda gr\u00e0cies a l&#8217;assist\u00e8ncia de l&#8217;Ag\u00e8ncia Tribut\u00e0ria Valenciana, un 18,7% m\u00e9s que en l&#8217;exercici anterior\">[+] <\/a><\/div>\n","protected":false},"author":13,"featured_media":306994,"comment_status":"closed","ping_status":"open","sticky":false,"template":"","format":"standard","meta":{"footnotes":""},"categories":[10898,10948,10894,10904,10947,10896],"tags":[11199],"class_list":["post-306997","post","type-post","status-publish","format-standard","has-post-thumbnail","category-ventana-ca","category-infraestructuras-ca","category-la-comarca-ca","category-sin-categorizar-ca","category-politica","category-seccion-ca","tag-la-comunitat-ca"],"_links":{"self":[{"href":"https:\/\/tucomarca.whitekongsoftware.com\/ca\/wp-json\/wp\/v2\/posts\/306997","targetHints":{"allow":["GET"]}}],"collection":[{"href":"https:\/\/tucomarca.whitekongsoftware.com\/ca\/wp-json\/wp\/v2\/posts"}],"about":[{"href":"https:\/\/tucomarca.whitekongsoftware.com\/ca\/wp-json\/wp\/v2\/types\/post"}],"author":[{"embeddable":true,"href":"https:\/\/tucomarca.whitekongsoftware.com\/ca\/wp-json\/wp\/v2\/users\/13"}],"replies":[{"embeddable":true,"href":"https:\/\/tucomarca.whitekongsoftware.com\/ca\/wp-json\/wp\/v2\/comments?post=306997"}],"version-history":[{"count":1,"href":"https:\/\/tucomarca.whitekongsoftware.com\/ca\/wp-json\/wp\/v2\/posts\/306997\/revisions"}],"predecessor-version":[{"id":306998,"href":"https:\/\/tucomarca.whitekongsoftware.com\/ca\/wp-json\/wp\/v2\/posts\/306997\/revisions\/306998"}],"wp:featuredmedia":[{"embeddable":true,"href":"https:\/\/tucomarca.whitekongsoftware.com\/ca\/wp-json\/wp\/v2\/media\/306994"}],"wp:attachment":[{"href":"https:\/\/tucomarca.whitekongsoftware.com\/ca\/wp-json\/wp\/v2\/media?parent=306997"}],"wp:term":[{"taxonomy":"category","embeddable":true,"href":"https:\/\/tucomarca.whitekongsoftware.com\/ca\/wp-json\/wp\/v2\/categories?post=306997"},{"taxonomy":"post_tag","embeddable":true,"href":"https:\/\/tucomarca.whitekongsoftware.com\/ca\/wp-json\/wp\/v2\/tags?post=306997"}],"curies":[{"name":"wp","href":"https:\/\/api.w.org\/{rel}","templated":true}]}}