{"id":306956,"date":"2026-07-02T11:00:00","date_gmt":"2026-07-02T09:00:00","guid":{"rendered":"https:\/\/www.tucomarca.com\/wordpress\/segunda\/?p=306956"},"modified":"2026-07-02T18:59:10","modified_gmt":"2026-07-02T16:59:10","slug":"la-diputacio-de-valencia-aposta-per-portar-als-creueristes-a-visitar-la-provincia-mes-enlla-de-la-capital","status":"publish","type":"post","link":"https:\/\/tucomarca.whitekongsoftware.com\/ca\/la-diputacio-de-valencia-aposta-per-portar-als-creueristes-a-visitar-la-provincia-mes-enlla-de-la-capital\/","title":{"rendered":"La Diputaci\u00f3 de Val\u00e8ncia aposta per portar als creueristes a visitar la prov\u00edncia m\u00e9s enll\u00e0 de la capital"},"content":{"rendered":"\n<h3 class=\"wp-block-heading\">La corporaci\u00f3 provincial reunix mig centenar de professionals d&#8217;empreses i a municipis valencians en la I Jornada Divaltur de Producte Tur\u00edstic Creuerista celebrada a Ll\u00edria.<\/h3>\n\n\n\n<h3 class=\"wp-block-heading\">El diputat de Turisme, Pedro Cuesta, destaca la col\u00b7laboraci\u00f3 p\u00fablic-privada i anima a &#8220;aprofitar els recursos que t\u00e9 cada municipi per a crear oportunitats i experi\u00e8ncies aut\u00e8ntiques adaptades al creuerista\u201d.<\/h3>\n\n\n\n<p class=\"wp-block-paragraph\">La Diputaci\u00f3 de Val\u00e8ncia ha celebrat este dijous a l&#8217;Ajuntament de Ll\u00edria la I Jornada Divaltur de Producte Tur\u00edstic Creuerista de la prov\u00edncia. L\u2019encontre formatiu ha reunit 50 professionals de destins de la prov\u00edncia de Val\u00e8ncia i empreses de servicis tur\u00edstics interessades a treballar este segment, amb l&#8217;objectiu d&#8217;impulsar la creaci\u00f3 d&#8217;excursions i experi\u00e8ncies que porten al turista d&#8217;un creuer a visitar destins de la prov\u00edncia Val\u00e8ncia, m\u00e9s enll\u00e0 de la ciutat.<\/p>\n\n\n\n<p class=\"wp-block-paragraph\">En este sentit, el diputat de Turisme de la Diputaci\u00f3, Pedro Cuesta, ha destacat la &#8220;imprescindible col\u00b7laboraci\u00f3 p\u00fablic-privada per a conjuminar la planificaci\u00f3, els recursos t\u00e8cnics, econ\u00f2mics i l&#8217;especialitzaci\u00f3 que requerix el disseny d&#8217;un bon producte tur\u00edstic creuerista&#8221; en un municipi de la prov\u00edncia.<\/p>\n\n\n\n<p class=\"wp-block-paragraph\">Cuesta ha animat tamb\u00e9 als participants a &#8220;aprofitar els recursos que t\u00e9 cada municipi per a crear oportunitats i productes aut\u00e8ntics adaptats al creuerista, al qual cal satisfer i atendre amb qualitat com a tot turista\u201d. \u201cNo es tracta nom\u00e9s de veure quins recursos t\u00e9 un dest\u00ed per a la creaci\u00f3 d&#8217;un producte exit\u00f3s, sin\u00f3 del mode en qu\u00e8 el fa i com l&#8217;adapta a les noves demandes i necessitats del turista d&#8217;un creuer&#8221;, ha agregat.&nbsp;<\/p>\n\n\n\n<p class=\"wp-block-paragraph\">Per a aix\u00f2 cal tindre en compte factors com el perfil, el nivell econ\u00f2mic, el seu objectiu experiencial, la seua disponibilitat en arribar al Port de Val\u00e8ncia i la seua experi\u00e8ncia pr\u00e8via com a creuerista, aspectes en els quals han coincidit tots els ponents de la jornada.<\/p>\n\n\n\n<p class=\"wp-block-paragraph\">La jornada tamb\u00e9 ha comptat amb la participaci\u00f3 de la responsable d&#8217;Head Cruises i M\u00e0rqueting de l&#8217;Autoritat Portu\u00e0ria del Port de Val\u00e8ncia, Francesca Antonelli, qui ha destacat el turisme de creuers com a oportunitat per a destins i empreses locals. Tamb\u00e9 ha assistit la directora d&#8217;Economia Blava de la Fundaci\u00f3 Valenciaport, Carolina Navarro, qui ha abordat el foment de l&#8217;ecoturisme i la descentralitzaci\u00f3 d&#8217;excursions en el sector; el regidor de Turisme i Ciutat Creativa de l&#8217;Ajuntament de Ll\u00edria, Paco Garc\u00eda; i Lorenzo Vera, de l&#8217;Autoritat Portu\u00e0ria del Puerto de Motril, com a destinaci\u00f3 convidada, que ha donat a con\u00e9ixer el producte creuerista a la prov\u00edncia de Granada.&nbsp;<\/p>\n\n\n\n<p class=\"wp-block-paragraph\"><strong>Jornades de Producte Tur\u00edstic Divaltur<\/strong><\/p>\n\n\n\n<p class=\"wp-block-paragraph\">Estes jornades perseguixen, en definitiva, millorar la capacitaci\u00f3 t\u00e8cnica dels agents locals per a dissenyar i adaptar productes i experi\u00e8ncies tur\u00edstiques per al mercat creuerista, amb un enfocament pr\u00e0ctic i orientat a la realitat dels municipis i del teixit empresarial tur\u00edstic de la prov\u00edncia.<\/p>\n\n\n\n<p class=\"wp-block-paragraph\">Per a aix\u00f2 s&#8217;han abordat aspectes com els requisits operatius, log\u00edstics i comercials del turisme de creuers; caracter\u00edstiques i necessitats del passatger de creuers; la diversificaci\u00f3 territorial de les excursions, tipologies i experi\u00e8ncies comercialitzables; adaptaci\u00f3 d&#8217;horaris, capacitats, accessibilitat i sostenibilitat de les propostes; relaci\u00f3 amb navilieres, receptius i operadors; i la cadena de valor del creuer.<\/p>\n\n\n\n<p class=\"wp-block-paragraph\">Finalment, s&#8217;han analitzat casos i bones pr\u00e0ctiques en destins creueristes, aix\u00ed com el del municipi de Riba-roja de T\u00faria a la prov\u00edncia de Val\u00e8ncia, que ja treballa amb el turisme de creuers. La I Jornada Divaltur de Producte Tur\u00edstic de la prov\u00edncia de Val\u00e8ncia tindr\u00e0 continu\u00eftat en els pr\u00f2xims mesos amb noves accions formatives en diferents localitats, dedicades al turisme MICE (reunions, incentius, congressos i esdeveniments) i al producte tur\u00edstic esportiu.<\/p>\n","protected":false},"excerpt":{"rendered":"<div class=\"mh-excerpt\">La corporaci\u00f3 provincial reunix mig centenar de professionals d&#8217;empreses i a municipis valencians en la I Jornada Divaltur de Producte Tur\u00edstic Creuerista celebrada a Ll\u00edria. El diputat de Turisme, Pedro Cuesta, destaca la col\u00b7laboraci\u00f3 p\u00fablic-privada <a class=\"mh-excerpt-more\" href=\"https:\/\/tucomarca.whitekongsoftware.com\/ca\/la-diputacio-de-valencia-aposta-per-portar-als-creueristes-a-visitar-la-provincia-mes-enlla-de-la-capital\/\" title=\"La Diputaci\u00f3 de Val\u00e8ncia aposta per portar als creueristes a visitar la prov\u00edncia m\u00e9s enll\u00e0 de la capital\">[+] <\/a><\/div>\n","protected":false},"author":12,"featured_media":306955,"comment_status":"closed","ping_status":"open","sticky":false,"template":"","format":"standard","meta":{"footnotes":""},"categories":[10892,10898,10948,10894,10904,10928,11007,10947,10906,10896],"tags":[11246,24626,24627],"class_list":["post-306956","post","type-post","status-publish","format-standard","has-post-thumbnail","category-camp-de-turia-ca","category-ventana-ca","category-infraestructuras-ca","category-la-comarca-ca","category-sin-categorizar-ca","category-lliria-ca","category-ocio-y-cultura-ca","category-politica","category-riba-roja-ca","category-seccion-ca","tag-diputacio-de-valencia-ca","tag-divaltur","tag-producto-turistico-crucerista"],"_links":{"self":[{"href":"https:\/\/tucomarca.whitekongsoftware.com\/ca\/wp-json\/wp\/v2\/posts\/306956","targetHints":{"allow":["GET"]}}],"collection":[{"href":"https:\/\/tucomarca.whitekongsoftware.com\/ca\/wp-json\/wp\/v2\/posts"}],"about":[{"href":"https:\/\/tucomarca.whitekongsoftware.com\/ca\/wp-json\/wp\/v2\/types\/post"}],"author":[{"embeddable":true,"href":"https:\/\/tucomarca.whitekongsoftware.com\/ca\/wp-json\/wp\/v2\/users\/12"}],"replies":[{"embeddable":true,"href":"https:\/\/tucomarca.whitekongsoftware.com\/ca\/wp-json\/wp\/v2\/comments?post=306956"}],"version-history":[{"count":2,"href":"https:\/\/tucomarca.whitekongsoftware.com\/ca\/wp-json\/wp\/v2\/posts\/306956\/revisions"}],"predecessor-version":[{"id":306974,"href":"https:\/\/tucomarca.whitekongsoftware.com\/ca\/wp-json\/wp\/v2\/posts\/306956\/revisions\/306974"}],"wp:featuredmedia":[{"embeddable":true,"href":"https:\/\/tucomarca.whitekongsoftware.com\/ca\/wp-json\/wp\/v2\/media\/306955"}],"wp:attachment":[{"href":"https:\/\/tucomarca.whitekongsoftware.com\/ca\/wp-json\/wp\/v2\/media?parent=306956"}],"wp:term":[{"taxonomy":"category","embeddable":true,"href":"https:\/\/tucomarca.whitekongsoftware.com\/ca\/wp-json\/wp\/v2\/categories?post=306956"},{"taxonomy":"post_tag","embeddable":true,"href":"https:\/\/tucomarca.whitekongsoftware.com\/ca\/wp-json\/wp\/v2\/tags?post=306956"}],"curies":[{"name":"wp","href":"https:\/\/api.w.org\/{rel}","templated":true}]}}