{"id":306941,"date":"2026-07-02T09:30:00","date_gmt":"2026-07-02T07:30:00","guid":{"rendered":"https:\/\/www.tucomarca.com\/wordpress\/segunda\/?p=306941"},"modified":"2026-07-02T18:55:39","modified_gmt":"2026-07-02T16:55:39","slug":"turis-celebrara-un-cap-de-setmana-solidari-a-favor-de-les-persones-amb-diversitat-funcional-i-intellectual-en-la-seua-22-fira-per-ells","status":"publish","type":"post","link":"https:\/\/tucomarca.whitekongsoftware.com\/ca\/turis-celebrara-un-cap-de-setmana-solidari-a-favor-de-les-persones-amb-diversitat-funcional-i-intellectual-en-la-seua-22-fira-per-ells\/","title":{"rendered":"Tur\u00eds celebrar\u00e0 un cap de setmana solidari a favor de les persones amb diversitat funcional i intel\u00b7lectual en la seua 22 Fira Per Ells"},"content":{"rendered":"\n<p class=\"wp-block-paragraph\">La pla\u00e7a <strong>Vicent Ribes<\/strong> de Tur\u00eds acollir\u00e0 els pr\u00f2xims <strong>10, 11 i 12 de juliol<\/strong> una nova edici\u00f3 de la <strong>22 Fira Per Ells<\/strong>, una iniciativa solid\u00e0ria organitzada a favor de les persones amb diversitat funcional i intel\u00b7lectual que tornar\u00e0 a reunir activitats per a tots els p\u00fablics amb un marcat car\u00e0cter ben\u00e8fic.<\/p>\n\n\n\n<p class=\"wp-block-paragraph\">Durant les tres jornades, ve\u00efns i visitants podran gaudir d&#8217;un complet programa que inclour\u00e0 una <strong>marxa a peu<\/strong>, un <strong>mercadet solidari<\/strong>, parades d&#8217;<strong>artesania<\/strong>, <strong>manualitats<\/strong>, <strong>plantes<\/strong>, a m\u00e9s de servei de <strong>dol\u00e7os i refrescos<\/strong>, una <strong>t\u00f2mbola<\/strong> i altres propostes destinades a recaptar fons per a l&#8217;entitat.<\/p>\n\n\n\n<p class=\"wp-block-paragraph\">Un dels actes centrals ser\u00e0 el <strong>Sopar Ben\u00e8fic<\/strong>, que se celebrar\u00e0 el <strong>dissabte 11 de juliol a les 21.30 hores<\/strong>, una cita que tornar\u00e0 a convertir-se en el principal punt de trobada d&#8217;aquesta iniciativa solid\u00e0ria.<\/p>\n\n\n\n<p class=\"wp-block-paragraph\">La fira, organitzada per l&#8217;associaci\u00f3 <strong>Per Ells<\/strong> amb la col\u00b7laboraci\u00f3 de l&#8217;Ajuntament de Tur\u00eds, t\u00e9 com a objectiu sensibilitzar la ciutadania sobre la diversitat funcional i intel\u00b7lectual i promoure la inclusi\u00f3 a trav\u00e9s d&#8217;activitats obertes a tota la poblaci\u00f3.<\/p>\n\n\n\n<p class=\"wp-block-paragraph\">Amb aquesta nova edici\u00f3, Tur\u00eds convida a ve\u00efns i visitants a col\u00b7laborar en una iniciativa que combina conviv\u00e8ncia, oci i suport a una causa social.<\/p>\n","protected":false},"excerpt":{"rendered":"<div class=\"mh-excerpt\">La pla\u00e7a Vicent Ribes de Tur\u00eds acollir\u00e0 els pr\u00f2xims 10, 11 i 12 de juliol una nova edici\u00f3 de la 22 Fira Per Ells, una iniciativa solid\u00e0ria organitzada a favor de les persones amb diversitat <a class=\"mh-excerpt-more\" href=\"https:\/\/tucomarca.whitekongsoftware.com\/ca\/turis-celebrara-un-cap-de-setmana-solidari-a-favor-de-les-persones-amb-diversitat-funcional-i-intellectual-en-la-seua-22-fira-per-ells\/\" title=\"Tur\u00eds celebrar\u00e0 un cap de setmana solidari a favor de les persones amb diversitat funcional i intel\u00b7lectual en la seua 22 Fira Per Ells\">[+] <\/a><\/div>\n","protected":false},"author":12,"featured_media":306940,"comment_status":"closed","ping_status":"open","sticky":false,"template":"","format":"standard","meta":{"footnotes":""},"categories":[11019,10894,10902,11007,10896,11047],"tags":[11482,11356,11093],"class_list":["post-306941","post","type-post","status-publish","format-standard","has-post-thumbnail","category-agenda-ca","category-la-comarca-ca","category-la-ribera-ca","category-ocio-y-cultura-ca","category-seccion-ca","category-turis-ca","tag-per-ells-ca","tag-ribera-alta-ca","tag-turis-ca"],"_links":{"self":[{"href":"https:\/\/tucomarca.whitekongsoftware.com\/ca\/wp-json\/wp\/v2\/posts\/306941","targetHints":{"allow":["GET"]}}],"collection":[{"href":"https:\/\/tucomarca.whitekongsoftware.com\/ca\/wp-json\/wp\/v2\/posts"}],"about":[{"href":"https:\/\/tucomarca.whitekongsoftware.com\/ca\/wp-json\/wp\/v2\/types\/post"}],"author":[{"embeddable":true,"href":"https:\/\/tucomarca.whitekongsoftware.com\/ca\/wp-json\/wp\/v2\/users\/12"}],"replies":[{"embeddable":true,"href":"https:\/\/tucomarca.whitekongsoftware.com\/ca\/wp-json\/wp\/v2\/comments?post=306941"}],"version-history":[{"count":1,"href":"https:\/\/tucomarca.whitekongsoftware.com\/ca\/wp-json\/wp\/v2\/posts\/306941\/revisions"}],"predecessor-version":[{"id":306942,"href":"https:\/\/tucomarca.whitekongsoftware.com\/ca\/wp-json\/wp\/v2\/posts\/306941\/revisions\/306942"}],"wp:featuredmedia":[{"embeddable":true,"href":"https:\/\/tucomarca.whitekongsoftware.com\/ca\/wp-json\/wp\/v2\/media\/306940"}],"wp:attachment":[{"href":"https:\/\/tucomarca.whitekongsoftware.com\/ca\/wp-json\/wp\/v2\/media?parent=306941"}],"wp:term":[{"taxonomy":"category","embeddable":true,"href":"https:\/\/tucomarca.whitekongsoftware.com\/ca\/wp-json\/wp\/v2\/categories?post=306941"},{"taxonomy":"post_tag","embeddable":true,"href":"https:\/\/tucomarca.whitekongsoftware.com\/ca\/wp-json\/wp\/v2\/tags?post=306941"}],"curies":[{"name":"wp","href":"https:\/\/api.w.org\/{rel}","templated":true}]}}