{"id":306868,"date":"2026-07-02T08:00:00","date_gmt":"2026-07-02T06:00:00","guid":{"rendered":"https:\/\/www.tucomarca.com\/wordpress\/segunda\/?p=306868"},"modified":"2026-07-03T18:53:00","modified_gmt":"2026-07-03T16:53:00","slug":"esquerra-unida-critica-lacte-public-de-nomenament-de-miguel-de-molina-com-a-fill-adoptiu-de-bunyol","status":"publish","type":"post","link":"https:\/\/tucomarca.whitekongsoftware.com\/ca\/esquerra-unida-critica-lacte-public-de-nomenament-de-miguel-de-molina-com-a-fill-adoptiu-de-bunyol\/","title":{"rendered":"Esquerra Unida critica l&#8217;acte p\u00fablic de nomenament de Miguel De Molina com a fill adoptiu de Bunyol"},"content":{"rendered":"\n<p class=\"wp-block-paragraph\">Des d&#8217;Esquerra Unida de Bunyol han em\u00e9s un comunicat sobre l&#8217;acte que del passat dijous, dia 25 de juny,, que es va celebrar a la sala Raga del Molino Gal\u00e0, l&#8217;acte de lliurament del diploma del nomenament de Miguel de Molina com a fill adoptiu de Bunyol.<\/p>\n\n\n\n<p class=\"wp-block-paragraph\">&#8220;Miguel de Molina va ser un fam\u00f3s cantant de cobla que va viure a Bunyol en 1940 despr\u00e9s d&#8217;haver sigut bandejat a Bunyol per una sent\u00e8ncia del govern franquista per la seua condici\u00f3 de Rojo i homosexual. L&#8217;Ajuntament fa ja una d\u00e8cada li vam posar el seu nom a un carrer de Bunyol&#8221;, han manifestat des d&#8217;EU.<\/p>\n\n\n\n<p class=\"wp-block-paragraph\">&#8220;L&#8217;acord plenari va ser per unanimitat de tots els membres del Ple municipal.&nbsp;No obstant aix\u00f2, l&#8217;acte del passat dijous no es va comptar amb els regidors de l&#8217;oposici\u00f3 que s\u00ed que assistim de manera personal&#8221;.<\/p>\n\n\n\n<p class=\"wp-block-paragraph\">&#8220;L&#8217;article 17 del Reglament d&#8217;honors i distincions de l&#8217;Ajuntament de Bunyol diu, que el lliurament de les distincions es realitzara amb la pres\u00e8ncia de tots els membres del Ple de la Corporaci\u00f3 municipal. Ressaltem el tema perqu\u00e8 siguem sabedors de la vulneraci\u00f3 del reglament org\u00e0nic de l&#8217;Ajuntament i del tarann\u00e0 autoritari, superb i prepotent de l&#8217;alcaldessa i de l&#8217;equip de govern del PP i X Bunyol&#8221;.<\/p>\n\n\n\n<p class=\"wp-block-paragraph\">&#8220;Continuen ignorant els m\u00ednims procediments b\u00e0sics, socials i reglamentaris que la Corporaci\u00f3 municipal est\u00e0 composta per tretze membres i el govern municipal en aquest cas per 7&#8221;.<\/p>\n\n\n\n<figure class=\"wp-block-gallery has-nested-images columns-default is-cropped wp-block-gallery-1 is-layout-flex wp-block-gallery-is-layout-flex\">\n<figure class=\"wp-block-image size-full\"><img loading=\"lazy\" decoding=\"async\" width=\"1181\" height=\"844\" data-id=\"306852\" src=\"https:\/\/www.tucomarca.com\/wordpress\/segunda\/wp-content\/uploads\/2026\/07\/EUHijoPredCarlosSimon1.jpg\" alt=\"\" class=\"wp-image-306852\" srcset=\"https:\/\/tucomarca.whitekongsoftware.com\/wp-content\/uploads\/2026\/07\/EUHijoPredCarlosSimon1.jpg 1181w, https:\/\/tucomarca.whitekongsoftware.com\/wp-content\/uploads\/2026\/07\/EUHijoPredCarlosSimon1-533x381.jpg 533w, https:\/\/tucomarca.whitekongsoftware.com\/wp-content\/uploads\/2026\/07\/EUHijoPredCarlosSimon1-768x549.jpg 768w\" sizes=\"auto, (max-width: 1181px) 100vw, 1181px\" \/><\/figure>\n\n\n\n<figure class=\"wp-block-image size-full\"><img loading=\"lazy\" decoding=\"async\" width=\"1181\" height=\"861\" data-id=\"306859\" src=\"https:\/\/www.tucomarca.com\/wordpress\/segunda\/wp-content\/uploads\/2026\/07\/EUHijoPredCarlosSimon2-1.jpg\" alt=\"\" class=\"wp-image-306859\" srcset=\"https:\/\/tucomarca.whitekongsoftware.com\/wp-content\/uploads\/2026\/07\/EUHijoPredCarlosSimon2-1.jpg 1181w, https:\/\/tucomarca.whitekongsoftware.com\/wp-content\/uploads\/2026\/07\/EUHijoPredCarlosSimon2-1-523x381.jpg 523w, https:\/\/tucomarca.whitekongsoftware.com\/wp-content\/uploads\/2026\/07\/EUHijoPredCarlosSimon2-1-768x560.jpg 768w\" sizes=\"auto, (max-width: 1181px) 100vw, 1181px\" \/><\/figure>\n<\/figure>\n\n\n\n<p class=\"wp-block-paragraph\">Fotos: <em>Acte p\u00fablic que va realitzar l&#8217;Ajuntament per a entregar el diploma i la ins\u00edgnia d&#8217;or de l&#8217;Ajuntament al doctor Carlos Sim\u00f3n Vall\u00e9s com a fill predilecte de Bunyol i l&#8217;alcalde del qual era d&#8217;Esquerra Unida.<\/em><\/p>\n\n\n\n<p class=\"wp-block-paragraph\">&#8220;Servisca aquest comunicat per a contrastar les diferents maneres de governar de cadasc\u00fa.\u00a0Deien que eren el canvi, i efectivament s\u00f3n el desastre del canvi\u201d, en paraules de <strong>Chimo Masmano Ruiz<\/strong>, Coordinador d&#8217;EU de Bunyol.<\/p>\n","protected":false},"excerpt":{"rendered":"<div class=\"mh-excerpt\">Des d&#8217;Esquerra Unida de Bunyol han em\u00e9s un comunicat sobre l&#8217;acte que del passat dijous, dia 25 de juny,, que es va celebrar a la sala Raga del Molino Gal\u00e0, l&#8217;acte de lliurament del diploma <a class=\"mh-excerpt-more\" href=\"https:\/\/tucomarca.whitekongsoftware.com\/ca\/esquerra-unida-critica-lacte-public-de-nomenament-de-miguel-de-molina-com-a-fill-adoptiu-de-bunyol\/\" title=\"Esquerra Unida critica l&#8217;acte p\u00fablic de nomenament de Miguel De Molina com a fill adoptiu de Bunyol\">[+] <\/a><\/div>\n","protected":false},"author":12,"featured_media":306869,"comment_status":"closed","ping_status":"open","sticky":false,"template":"","format":"standard","meta":{"footnotes":""},"categories":[10911,10894,10912,10947,10896],"tags":[10913,11569,10914,22166],"class_list":["post-306868","post","type-post","status-publish","format-standard","has-post-thumbnail","category-bunol-ca","category-la-comarca-ca","category-la-hoya-ca","category-politica","category-seccion-ca","tag-bunol-ca","tag-esquerra-unida-bunol-ca","tag-la-hoya-de-bunol-chiva-ca","tag-miguel-de-molina-ca"],"_links":{"self":[{"href":"https:\/\/tucomarca.whitekongsoftware.com\/ca\/wp-json\/wp\/v2\/posts\/306868","targetHints":{"allow":["GET"]}}],"collection":[{"href":"https:\/\/tucomarca.whitekongsoftware.com\/ca\/wp-json\/wp\/v2\/posts"}],"about":[{"href":"https:\/\/tucomarca.whitekongsoftware.com\/ca\/wp-json\/wp\/v2\/types\/post"}],"author":[{"embeddable":true,"href":"https:\/\/tucomarca.whitekongsoftware.com\/ca\/wp-json\/wp\/v2\/users\/12"}],"replies":[{"embeddable":true,"href":"https:\/\/tucomarca.whitekongsoftware.com\/ca\/wp-json\/wp\/v2\/comments?post=306868"}],"version-history":[{"count":2,"href":"https:\/\/tucomarca.whitekongsoftware.com\/ca\/wp-json\/wp\/v2\/posts\/306868\/revisions"}],"predecessor-version":[{"id":307104,"href":"https:\/\/tucomarca.whitekongsoftware.com\/ca\/wp-json\/wp\/v2\/posts\/306868\/revisions\/307104"}],"wp:featuredmedia":[{"embeddable":true,"href":"https:\/\/tucomarca.whitekongsoftware.com\/ca\/wp-json\/wp\/v2\/media\/306869"}],"wp:attachment":[{"href":"https:\/\/tucomarca.whitekongsoftware.com\/ca\/wp-json\/wp\/v2\/media?parent=306868"}],"wp:term":[{"taxonomy":"category","embeddable":true,"href":"https:\/\/tucomarca.whitekongsoftware.com\/ca\/wp-json\/wp\/v2\/categories?post=306868"},{"taxonomy":"post_tag","embeddable":true,"href":"https:\/\/tucomarca.whitekongsoftware.com\/ca\/wp-json\/wp\/v2\/tags?post=306868"}],"curies":[{"name":"wp","href":"https:\/\/api.w.org\/{rel}","templated":true}]}}