{"id":306831,"date":"2026-07-01T10:30:00","date_gmt":"2026-07-01T08:30:00","guid":{"rendered":"https:\/\/www.tucomarca.com\/wordpress\/segunda\/?p=306831"},"modified":"2026-07-01T19:54:10","modified_gmt":"2026-07-01T17:54:10","slug":"benaguasil-dona-la-benvinguda-a-una-nova-edicio-del-seu-campus-destiu","status":"publish","type":"post","link":"https:\/\/tucomarca.whitekongsoftware.com\/ca\/benaguasil-dona-la-benvinguda-a-una-nova-edicio-del-seu-campus-destiu\/","title":{"rendered":"Benaguasil dona la benvinguda a una nova edici\u00f3 del seu Campus d&#8217;Estiu"},"content":{"rendered":"\n<h3 class=\"wp-block-heading\">Fins al 31 de juliol els prop de 200 participants realitzaran jocs, tallers i manualitats, a m\u00e9s d&#8217;activitats esportives i piscina.<\/h3>\n\n\n\n<p class=\"wp-block-paragraph\">L&#8217;Ajuntament de Benaguasil ha donat inici hui a una nova edici\u00f3 del Campus d&#8217;Estiu, una iniciativa que torna a oferir a les fam\u00edlies un recurs per a facilitar la conciliaci\u00f3 durant les vacances escolars, al mateix temps que proporciona als m\u00e9s xicotets una \u00e0mplia oferta d&#8217;activitats d&#8217;oci, esport i conviv\u00e8ncia.<\/p>\n\n\n\n<p class=\"wp-block-paragraph\">En aquesta edici\u00f3, que es duu a terme en les instal\u00b7lacions del Poliesportiu i del CEIP Luis Vives, participen un total de 191 xiquets d&#8217;edats compreses entre els 3 i els 14 anys.<\/p>\n\n\n\n<p class=\"wp-block-paragraph\">Fins al 31 de juliol els participants podran gaudir d&#8217;una variada programaci\u00f3 que inclou tallers creatius, manualitats, jocs, activitats aqu\u00e0tiques, piscina, ball i propostes esportives adaptades a les diferents edats. Totes elles estan orientades al fet que els menors visquen un estiu actiu, divertit i ple d&#8217;experi\u00e8ncies.<\/p>\n\n\n\n<p class=\"wp-block-paragraph\">El Campus compta amb un equip de monitors i monitores especialitzats, que vetlen pel benestar dels menors i el correcte desenvolupament de les activitats, garantint un entorn segur, educatiu i adaptat a les necessitats de cada grup d&#8217;edat.&nbsp;<\/p>\n\n\n\n<p class=\"wp-block-paragraph\">Des de l&#8217;Ajuntament han destacat que aquesta iniciativa s&#8217;ha consolidat com una de les activitats estivals m\u00e9s esperades per les fam\u00edlies, ja que combina diversi\u00f3 i aprenentatge, al mateix temps que promou valors com la cooperaci\u00f3, la conviv\u00e8ncia i la socialitzaci\u00f3 i ofereix un important suport als pares i mares durant les vacances escolars.<\/p>\n","protected":false},"excerpt":{"rendered":"<div class=\"mh-excerpt\">Fins al 31 de juliol els prop de 200 participants realitzaran jocs, tallers i manualitats, a m\u00e9s d&#8217;activitats esportives i piscina. L&#8217;Ajuntament de Benaguasil ha donat inici hui a una nova edici\u00f3 del Campus d&#8217;Estiu, <a class=\"mh-excerpt-more\" href=\"https:\/\/tucomarca.whitekongsoftware.com\/ca\/benaguasil-dona-la-benvinguda-a-una-nova-edicio-del-seu-campus-destiu\/\" title=\"Benaguasil dona la benvinguda a una nova edici\u00f3 del seu Campus d&#8217;Estiu\">[+] <\/a><\/div>\n","protected":false},"author":13,"featured_media":306829,"comment_status":"closed","ping_status":"open","sticky":false,"template":"","format":"standard","meta":{"footnotes":""},"categories":[10952,10892,10894,11007,10896],"tags":[11136,10899,15856],"class_list":["post-306831","post","type-post","status-publish","format-standard","has-post-thumbnail","category-benaguasil-ca","category-camp-de-turia-ca","category-la-comarca-ca","category-ocio-y-cultura-ca","category-seccion-ca","tag-benaguasil-ca","tag-camp-de-turia-ca","tag-ocio-y-cultura-ca"],"_links":{"self":[{"href":"https:\/\/tucomarca.whitekongsoftware.com\/ca\/wp-json\/wp\/v2\/posts\/306831","targetHints":{"allow":["GET"]}}],"collection":[{"href":"https:\/\/tucomarca.whitekongsoftware.com\/ca\/wp-json\/wp\/v2\/posts"}],"about":[{"href":"https:\/\/tucomarca.whitekongsoftware.com\/ca\/wp-json\/wp\/v2\/types\/post"}],"author":[{"embeddable":true,"href":"https:\/\/tucomarca.whitekongsoftware.com\/ca\/wp-json\/wp\/v2\/users\/13"}],"replies":[{"embeddable":true,"href":"https:\/\/tucomarca.whitekongsoftware.com\/ca\/wp-json\/wp\/v2\/comments?post=306831"}],"version-history":[{"count":1,"href":"https:\/\/tucomarca.whitekongsoftware.com\/ca\/wp-json\/wp\/v2\/posts\/306831\/revisions"}],"predecessor-version":[{"id":306834,"href":"https:\/\/tucomarca.whitekongsoftware.com\/ca\/wp-json\/wp\/v2\/posts\/306831\/revisions\/306834"}],"wp:featuredmedia":[{"embeddable":true,"href":"https:\/\/tucomarca.whitekongsoftware.com\/ca\/wp-json\/wp\/v2\/media\/306829"}],"wp:attachment":[{"href":"https:\/\/tucomarca.whitekongsoftware.com\/ca\/wp-json\/wp\/v2\/media?parent=306831"}],"wp:term":[{"taxonomy":"category","embeddable":true,"href":"https:\/\/tucomarca.whitekongsoftware.com\/ca\/wp-json\/wp\/v2\/categories?post=306831"},{"taxonomy":"post_tag","embeddable":true,"href":"https:\/\/tucomarca.whitekongsoftware.com\/ca\/wp-json\/wp\/v2\/tags?post=306831"}],"curies":[{"name":"wp","href":"https:\/\/api.w.org\/{rel}","templated":true}]}}