{"id":306784,"date":"2026-07-01T09:30:00","date_gmt":"2026-07-01T07:30:00","guid":{"rendered":"https:\/\/www.tucomarca.com\/wordpress\/segunda\/?p=306784"},"modified":"2026-07-01T20:32:01","modified_gmt":"2026-07-01T18:32:01","slug":"lajuntament-de-turis-agraix-la-tasca-desenvolupada-pels-joves-de-turis-et-beca","status":"publish","type":"post","link":"https:\/\/tucomarca.whitekongsoftware.com\/ca\/lajuntament-de-turis-agraix-la-tasca-desenvolupada-pels-joves-de-turis-et-beca\/","title":{"rendered":"L\u2019Ajuntament de Tur\u00eds agra\u00efx la tasca desenvolupada pels joves de Tur\u00eds et beca"},"content":{"rendered":"\n<p class=\"wp-block-paragraph\">Ja est\u00e0 en marxa una nova edici\u00f3 de &#8220;Tur\u00eds et beca&#8221;, la iniciativa municipal que integra als j\u00f3vens del municipi en la gesti\u00f3 p\u00fablica durant els mesos estivals.<\/p>\n\n\n\n<p class=\"wp-block-paragraph\">L&#8217;objectiu d&#8217;estes pr\u00e0ctiques remunerades, finan\u00e7ades \u00edntegrament pel consistori, \u00e9s oferir una primera experi\u00e8ncia laboral adaptada als seus estudis acad\u00e8mics i fomentar la seua participaci\u00f3 activa en els projectes del municipi.<\/p>\n","protected":false},"excerpt":{"rendered":"<div class=\"mh-excerpt\">Ja est\u00e0 en marxa una nova edici\u00f3 de &#8220;Tur\u00eds et beca&#8221;, la iniciativa municipal que integra als j\u00f3vens del municipi en la gesti\u00f3 p\u00fablica durant els mesos estivals. L&#8217;objectiu d&#8217;estes pr\u00e0ctiques remunerades, finan\u00e7ades \u00edntegrament pel <a class=\"mh-excerpt-more\" href=\"https:\/\/tucomarca.whitekongsoftware.com\/ca\/lajuntament-de-turis-agraix-la-tasca-desenvolupada-pels-joves-de-turis-et-beca\/\" title=\"L\u2019Ajuntament de Tur\u00eds agra\u00efx la tasca desenvolupada pels joves de Tur\u00eds et beca\">[+] <\/a><\/div>\n","protected":false},"author":12,"featured_media":306783,"comment_status":"closed","ping_status":"open","sticky":false,"template":"","format":"standard","meta":{"footnotes":""},"categories":[10948,10894,10902,11007,10947,10896,11047],"tags":[11356,11093,24621],"class_list":["post-306784","post","type-post","status-publish","format-standard","has-post-thumbnail","category-infraestructuras-ca","category-la-comarca-ca","category-la-ribera-ca","category-ocio-y-cultura-ca","category-politica","category-seccion-ca","category-turis-ca","tag-ribera-alta-ca","tag-turis-ca","tag-turis-te-beca"],"_links":{"self":[{"href":"https:\/\/tucomarca.whitekongsoftware.com\/ca\/wp-json\/wp\/v2\/posts\/306784","targetHints":{"allow":["GET"]}}],"collection":[{"href":"https:\/\/tucomarca.whitekongsoftware.com\/ca\/wp-json\/wp\/v2\/posts"}],"about":[{"href":"https:\/\/tucomarca.whitekongsoftware.com\/ca\/wp-json\/wp\/v2\/types\/post"}],"author":[{"embeddable":true,"href":"https:\/\/tucomarca.whitekongsoftware.com\/ca\/wp-json\/wp\/v2\/users\/12"}],"replies":[{"embeddable":true,"href":"https:\/\/tucomarca.whitekongsoftware.com\/ca\/wp-json\/wp\/v2\/comments?post=306784"}],"version-history":[{"count":1,"href":"https:\/\/tucomarca.whitekongsoftware.com\/ca\/wp-json\/wp\/v2\/posts\/306784\/revisions"}],"predecessor-version":[{"id":306785,"href":"https:\/\/tucomarca.whitekongsoftware.com\/ca\/wp-json\/wp\/v2\/posts\/306784\/revisions\/306785"}],"wp:featuredmedia":[{"embeddable":true,"href":"https:\/\/tucomarca.whitekongsoftware.com\/ca\/wp-json\/wp\/v2\/media\/306783"}],"wp:attachment":[{"href":"https:\/\/tucomarca.whitekongsoftware.com\/ca\/wp-json\/wp\/v2\/media?parent=306784"}],"wp:term":[{"taxonomy":"category","embeddable":true,"href":"https:\/\/tucomarca.whitekongsoftware.com\/ca\/wp-json\/wp\/v2\/categories?post=306784"},{"taxonomy":"post_tag","embeddable":true,"href":"https:\/\/tucomarca.whitekongsoftware.com\/ca\/wp-json\/wp\/v2\/tags?post=306784"}],"curies":[{"name":"wp","href":"https:\/\/api.w.org\/{rel}","templated":true}]}}