{"id":306656,"date":"2026-07-02T11:10:00","date_gmt":"2026-07-02T09:10:00","guid":{"rendered":"https:\/\/www.tucomarca.com\/wordpress\/segunda\/?p=306656"},"modified":"2026-07-02T19:30:36","modified_gmt":"2026-07-02T17:30:36","slug":"la-generalitat-estableix-la-regulacio-de-la-caca-en-la-comunitat-valenciana-per-a-la-temporada-2026-2027","status":"publish","type":"post","link":"https:\/\/tucomarca.whitekongsoftware.com\/ca\/la-generalitat-estableix-la-regulacio-de-la-caca-en-la-comunitat-valenciana-per-a-la-temporada-2026-2027\/","title":{"rendered":"La Generalitat estableix la regulaci\u00f3 de la ca\u00e7a en la Comunitat Valenciana per a la temporada 2026-2027"},"content":{"rendered":"\n<h3 class=\"wp-block-heading\">La resoluci\u00f3 fixa les condicions per a l&#8217;activitat cineg\u00e8tica en les zones comunes, vedats i zones de ca\u00e7a controlada.<\/h3>\n\n\n\n<h3 class=\"wp-block-heading\">La norma consolida la continu\u00eftat de la ca\u00e7a de la t\u00f3rtora europea i adapta la de diferents esp\u00e8cies a les directrius europees.<\/h3>\n\n\n\n<p class=\"wp-block-paragraph\">la Generalitat ha publicat en el Diari Oficial de la Generalitat Valenciana (DOGV) la resoluci\u00f3 per la qual s&#8217;estableix la regulaci\u00f3 de l&#8217;activitat cineg\u00e8tica en les zones comunes, vedats i zones de ca\u00e7a controlada de la Comunitat Valenciana per a la temporada 2026-2027.&nbsp;<\/p>\n\n\n\n<p class=\"wp-block-paragraph\">La normativa consolida la continu\u00eftat de la ca\u00e7a de la t\u00f3rtora europea, amplia l&#8217;acc\u00e9s als contingents autoritzats per a aquesta esp\u00e8cie i adapta la regulaci\u00f3 de diferents aus cineg\u00e8tiques a les directrius europees, mantenint el comprom\u00eds amb una gesti\u00f3 sostenible de la fauna silvestre.&nbsp;<\/p>\n\n\n\n<p class=\"wp-block-paragraph\">En concret, la resoluci\u00f3 amplia la possibilitat d&#8217;accedir als contingents autoritzats per a la ca\u00e7a de la t\u00f3rtora europea a tots els delimitats de la Comunitat Valenciana, i no \u00fanicament a determinats delimitats de les prov\u00edncies d&#8217;Alacant i Val\u00e8ncia, com va oc\u00f3rrer durant la temporada anterior.<\/p>\n\n\n\n<p class=\"wp-block-paragraph\">Aix\u00ed mateix, la normativa mant\u00e9 el comprom\u00eds del sector cineg\u00e8tic amb la gesti\u00f3 sostenible i la millora de l&#8217;h\u00e0bitat d&#8217;aquesta esp\u00e8cie mitjan\u00e7ant la incorporaci\u00f3 de sistemes de control i seguiment de captures.<\/p>\n\n\n\n<p class=\"wp-block-paragraph\">En relaci\u00f3 amb la resta de les aus cineg\u00e8tiques, la resoluci\u00f3 adapta la regulaci\u00f3 a les directrius europees, establint una morat\u00f2ria temporal per al porr\u00f3 com\u00fa i el piul\u00f3, a m\u00e9s de fixar les condicions necess\u00e0ries per a garantir la continu\u00eftat de l&#8217;aprofitament sostenible de la guatla comuna.<\/p>\n\n\n\n<p class=\"wp-block-paragraph\">Els detalls de la norma poden consultara en el seg\u00fcent\u00a0<a href=\"https:\/\/dogv.gva.es\/es\/resultat-dogv?signatura=2026\/21926\" target=\"_blank\" rel=\"noreferrer noopener\">enlla\u00e7<\/a>.<\/p>\n\n\n\n<p class=\"wp-block-paragraph\"><strong>Control del senglar i conill de mont<\/strong><\/p>\n\n\n\n<p class=\"wp-block-paragraph\">la Generalitat continua, a m\u00e9s, desenvolupant el pla de xoc per al control de la poblaci\u00f3 de senglars i previndre l&#8217;arribada de la Pesta Porcina Africana (PPA), dotat amb sis milions d&#8217;euros. Aix\u00ed mateix, s&#8217;ha iniciat la tramitaci\u00f3 d&#8217;una nova ordre destinada a actualitzar el marc regulador de l&#8217;aprofitament, la ca\u00e7a i el control del conill de muntanya en la Comunitat Valenciana.<\/p>\n\n\n\n<p class=\"wp-block-paragraph\">Respecte al senglar, en el que va de 2026 ja s&#8217;han retirat m\u00e9s de 3.000 exemplars, dels quals prop de 2.000 han sigut aportats per ca\u00e7adors i al voltant de 1.000 capturats mitjan\u00e7ant g\u00e0bies. Per prov\u00edncies, Val\u00e8ncia registra 1.489 senglars retirats, seguida de Castell\u00f3, amb 788, i Alacant, amb 856.<\/p>\n\n\n\n<p class=\"wp-block-paragraph\">Quant al conill de muntanya, la futura norma permetr\u00e0 millorar la capacitat de resposta davant els danys ocasionats per la sobreabund\u00e0ncia d&#8217;aquesta esp\u00e8cie en determinades zones, al mateix temps que garantir\u00e0 una gesti\u00f3 sostenible d&#8217;una esp\u00e8cie clau per a l&#8217;equilibri dels ecosistemes mediterranis.<\/p>\n\n\n\n<p class=\"wp-block-paragraph\">L&#8217;objectiu \u00e9s adaptar la gesti\u00f3 del conill de muntanya a la realitat actual del territori, oferir eines m\u00e9s eficaces enfront dels danys agr\u00edcoles i refor\u00e7ar la coordinaci\u00f3 entre agricultors, ca\u00e7adors i administracions.<\/p>\n\n\n\n<p class=\"wp-block-paragraph\">Per a aix\u00f2, la nova regulaci\u00f3 simplificar\u00e0 els procediments i facilitar\u00e0 una interlocuci\u00f3 m\u00e9s \u00e0gil i efica\u00e7 entre tots els sectors implicats per a accelerar la resposta davant les situacions de danys agr\u00edcoles. Entre les principals novetats previstes destaca la definici\u00f3 espec\u00edfica de les modalitats esportives de ca\u00e7a i de les t\u00e8cniques de control per raons de gesti\u00f3, aix\u00ed com la regulaci\u00f3 dels seus corresponents per\u00edodes h\u00e0bils.\u00a0<\/p>\n\n\n\n<p class=\"wp-block-paragraph\"><strong>Control del jabal\u00ed y conejo de monte<\/strong><\/p>\n\n\n\n<p class=\"wp-block-paragraph\">La Generalitat contin\u00faa, adem\u00e1s, desarrollando el plan de choque para el control de la poblaci\u00f3n de jabal\u00edes y prevenir la llegada de la Peste Porcina Africana (PPA), dotado con seis millones de euros. Asimismo, se ha iniciado la tramitaci\u00f3n de una nueva orden destinada a actualizar el marco regulatorio del aprovechamiento, la caza y el control del conejo de monte en la Comunitat Valenciana.<\/p>\n\n\n\n<p class=\"wp-block-paragraph\">Respecto al jabal\u00ed, en lo que va de 2026 ya se han retirado m\u00e1s de 3.000 ejemplares, de los que cerca de 2.000 han sido aportados por cazadores y alrededor de 1.000 capturados mediante jaulas. Por provincias, Valencia registra 1.489 jabal\u00edes retirados, seguida de Castell\u00f3n, con 788, y Alicante, con 856.<\/p>\n\n\n\n<p class=\"wp-block-paragraph\">En cuanto al conejo de monte, la futura norma permitir\u00e1 mejorar la capacidad de respuesta ante los da\u00f1os ocasionados por la sobreabundancia de esta especie en determinadas zonas, al tiempo que garantizar\u00e1 una gesti\u00f3n sostenible de una especie clave para el equilibrio de los ecosistemas mediterr\u00e1neos.<\/p>\n\n\n\n<p class=\"wp-block-paragraph\">El objetivo es adaptar la gesti\u00f3n del conejo de monte a la realidad actual del territorio, ofrecer herramientas m\u00e1s eficaces frente a los da\u00f1os agr\u00edcolas y reforzar la coordinaci\u00f3n entre agricultores, cazadores y administraciones.<\/p>\n\n\n\n<p class=\"wp-block-paragraph\">Para ello, la nueva regulaci\u00f3n simplificar\u00e1 los procedimientos y facilitar\u00e1 una interlocuci\u00f3n m\u00e1s \u00e1gil y eficaz entre todos los sectores implicados para acelerar la respuesta ante las situaciones de da\u00f1os agr\u00edcolas. Entre las principales novedades previstas destaca la definici\u00f3n espec\u00edfica de las modalidades deportivas de caza y de las t\u00e9cnicas de control por razones de gesti\u00f3n, as\u00ed como la regulaci\u00f3n de sus correspondientes periodos h\u00e1biles.<\/p>\n","protected":false},"excerpt":{"rendered":"<div class=\"mh-excerpt\">La resoluci\u00f3 fixa les condicions per a l&#8217;activitat cineg\u00e8tica en les zones comunes, vedats i zones de ca\u00e7a controlada. La norma consolida la continu\u00eftat de la ca\u00e7a de la t\u00f3rtora europea i adapta la de <a class=\"mh-excerpt-more\" href=\"https:\/\/tucomarca.whitekongsoftware.com\/ca\/la-generalitat-estableix-la-regulacio-de-la-caca-en-la-comunitat-valenciana-per-a-la-temporada-2026-2027\/\" title=\"La Generalitat estableix la regulaci\u00f3 de la ca\u00e7a en la Comunitat Valenciana per a la temporada 2026-2027\">[+] <\/a><\/div>\n","protected":false},"author":13,"featured_media":128295,"comment_status":"closed","ping_status":"open","sticky":false,"template":"","format":"standard","meta":{"footnotes":""},"categories":[10905,10898,10894,10904,10903,10947,10896],"tags":[14456,11498,15325,11199],"class_list":["post-306656","post","type-post","status-publish","format-standard","has-post-thumbnail","category-agricultura-la-comarca-ca","category-ventana-ca","category-la-comarca-ca","category-sin-categorizar-ca","category-medio-ambiente-la-comarca-ca","category-politica","category-seccion-ca","tag-caza-ca","tag-generalitat-valenciana-ca","tag-gva-ca","tag-la-comunitat-ca"],"_links":{"self":[{"href":"https:\/\/tucomarca.whitekongsoftware.com\/ca\/wp-json\/wp\/v2\/posts\/306656","targetHints":{"allow":["GET"]}}],"collection":[{"href":"https:\/\/tucomarca.whitekongsoftware.com\/ca\/wp-json\/wp\/v2\/posts"}],"about":[{"href":"https:\/\/tucomarca.whitekongsoftware.com\/ca\/wp-json\/wp\/v2\/types\/post"}],"author":[{"embeddable":true,"href":"https:\/\/tucomarca.whitekongsoftware.com\/ca\/wp-json\/wp\/v2\/users\/13"}],"replies":[{"embeddable":true,"href":"https:\/\/tucomarca.whitekongsoftware.com\/ca\/wp-json\/wp\/v2\/comments?post=306656"}],"version-history":[{"count":2,"href":"https:\/\/tucomarca.whitekongsoftware.com\/ca\/wp-json\/wp\/v2\/posts\/306656\/revisions"}],"predecessor-version":[{"id":306986,"href":"https:\/\/tucomarca.whitekongsoftware.com\/ca\/wp-json\/wp\/v2\/posts\/306656\/revisions\/306986"}],"wp:featuredmedia":[{"embeddable":true,"href":"https:\/\/tucomarca.whitekongsoftware.com\/ca\/wp-json\/wp\/v2\/media\/128295"}],"wp:attachment":[{"href":"https:\/\/tucomarca.whitekongsoftware.com\/ca\/wp-json\/wp\/v2\/media?parent=306656"}],"wp:term":[{"taxonomy":"category","embeddable":true,"href":"https:\/\/tucomarca.whitekongsoftware.com\/ca\/wp-json\/wp\/v2\/categories?post=306656"},{"taxonomy":"post_tag","embeddable":true,"href":"https:\/\/tucomarca.whitekongsoftware.com\/ca\/wp-json\/wp\/v2\/tags?post=306656"}],"curies":[{"name":"wp","href":"https:\/\/api.w.org\/{rel}","templated":true}]}}