{"id":306591,"date":"2026-06-30T09:30:00","date_gmt":"2026-06-30T07:30:00","guid":{"rendered":"https:\/\/www.tucomarca.com\/wordpress\/segunda\/?p=306591"},"modified":"2026-06-30T18:52:22","modified_gmt":"2026-06-30T16:52:22","slug":"siete-aguas-rep-lestiu-amb-les-seues-festes-patronals-en-honor-a-sant-joan-baptista","status":"publish","type":"post","link":"https:\/\/tucomarca.whitekongsoftware.com\/ca\/siete-aguas-rep-lestiu-amb-les-seues-festes-patronals-en-honor-a-sant-joan-baptista\/","title":{"rendered":"Siete Aguas rep l\u2019estiu amb les seues Festes Patronals en honor a Sant Joan Baptista"},"content":{"rendered":"\n<h3 class=\"wp-block-heading\">L&#8217;Ajuntament agra\u00efx la implicaci\u00f3 de col\u00b7lectius, associacions, voluntariat i ve\u00efnat en unes celebracions que donen la benvinguda a l&#8217;estiu i mantenen vives les tradicions del municipi.<\/h3>\n\n\n\n<p class=\"wp-block-paragraph\">Siete Aguas ha tornat a celebrar amb intensitat les seues <strong>Festes Patronals en honor a Sant Joan Baptista<\/strong>, unes jornades que cada any reunixen ve\u00efns, ve\u00efnes i visitants al voltant de la tradici\u00f3, la conviv\u00e8ncia i el sentiment de pertinen\u00e7a al municipi.<\/p>\n\n\n\n<p class=\"wp-block-paragraph\">La programaci\u00f3 festiva va arrancar amb la celebraci\u00f3 de la <strong>Nit de Sant Joan<\/strong>, una de les cites m\u00e9s esperades del calendari local. L&#8217;espectacle de focs artificials, la tradicional foguera, l&#8217;emblem\u00e0tica <strong>Fuente de los Siete Ca\u00f1os<\/strong> i l&#8217;actuaci\u00f3 de l&#8217;orquestra <strong>Bella Donna<\/strong> van ser alguns dels principals atractius d&#8217;una vetlada que va tornar a congregar un nombr\u00f3s p\u00fablic.<\/p>\n\n\n\n<p class=\"wp-block-paragraph\">Des de l&#8217;Ajuntament han destacat que \u00abamb l&#8217;arribada de l&#8217;estiu, Siete Aguas torna a convertir-se en un punt de trobada per a ve\u00efns, ve\u00efnes i visitants que tornen amb la il\u00b7lusi\u00f3 de compartir tradicions, gaudir de les nostres festes i reviure aquells moments que, any rere any, formen part de la nostra mem\u00f2ria col\u00b7lectiva\u00bb.<\/p>\n\n\n\n<p class=\"wp-block-paragraph\">El consistori tamb\u00e9 ha volgut posar en valor el treball de totes les persones i entitats que fan possible el desenvolupament de les festes. En este sentit, ha expressat el seu agra\u00efment a la <strong>Brigada Municipal<\/strong>, l&#8217;<strong>Associaci\u00f3 d&#8217;Ames de Casa<\/strong>, la <strong>Policia Local<\/strong>, els establiments col\u00b7laboradors i totes les persones que han contribu\u00eft amb el seu esfor\u00e7 i dedicaci\u00f3 a l&#8217;\u00e8xit de la celebraci\u00f3 de la Nit de Sant Joan.<\/p>\n\n\n\n<p class=\"wp-block-paragraph\">Aix\u00ed mateix, l&#8217;Ajuntament ha volgut recon\u00e9ixer la tasca de la <strong>Banda Simf\u00f2nica<\/strong> i la <strong>Coral Polif\u00f2nica de la Societat Musical La Paz<\/strong>, dels portadors de l&#8217;anda de Sant Joan, de l&#8217;Esgl\u00e9sia Parroquial, de <strong>Lola<\/strong> i dels negocis i empreses col\u00b7laboradores, la participaci\u00f3 dels quals resulta fonamental per al desenvolupament dels diferents actes festius.<\/p>\n\n\n\n<p class=\"wp-block-paragraph\">Des del consistori han assenyalat que \u00abany rere any, les nostres festes patronals representen un repte i, al mateix temps, una gran il\u00b7lusi\u00f3. S\u00f3n les festes que donen la benvinguda a l&#8217;estiu i les que millor reflectixen tot all\u00f2 que som i sentim com a setaig\u00fcencs i setaig\u00fcenques\u00bb.<\/p>\n\n\n\n<p class=\"wp-block-paragraph\">L&#8217;Ajuntament ha concl\u00f2s destacant que \u00abentre tots i totes constru\u00efm poble, mantenim vives les nostres tradicions i fem de Siete Aguas un lloc del qual sentir-nos orgullosos\u00bb, subratllant que el comprom\u00eds col\u00b7lectiu continua sent el principal motor perqu\u00e8 les festes patronals continuen sent una de les celebracions m\u00e9s representatives del municipi.<\/p>\n\n\n\n<figure class=\"wp-block-gallery has-nested-images columns-2 is-cropped wp-block-gallery-1 is-layout-flex wp-block-gallery-is-layout-flex\">\n<figure class=\"wp-block-image size-large\"><img loading=\"lazy\" decoding=\"async\" width=\"787\" height=\"531\" data-id=\"306584\" src=\"https:\/\/www.tucomarca.com\/wordpress\/segunda\/wp-content\/uploads\/2026\/06\/SieteaguasSanJuan3.jpg\" alt=\"\" class=\"wp-image-306584\" srcset=\"https:\/\/tucomarca.whitekongsoftware.com\/wp-content\/uploads\/2026\/06\/SieteaguasSanJuan3.jpg 787w, https:\/\/tucomarca.whitekongsoftware.com\/wp-content\/uploads\/2026\/06\/SieteaguasSanJuan3-565x381.jpg 565w, https:\/\/tucomarca.whitekongsoftware.com\/wp-content\/uploads\/2026\/06\/SieteaguasSanJuan3-768x518.jpg 768w\" sizes=\"auto, (max-width: 787px) 100vw, 787px\" \/><\/figure>\n\n\n\n<figure class=\"wp-block-image size-large\"><img loading=\"lazy\" decoding=\"async\" width=\"787\" height=\"531\" data-id=\"306582\" src=\"https:\/\/www.tucomarca.com\/wordpress\/segunda\/wp-content\/uploads\/2026\/06\/SieteaguasSanJuan2.jpg\" alt=\"\" class=\"wp-image-306582\" srcset=\"https:\/\/tucomarca.whitekongsoftware.com\/wp-content\/uploads\/2026\/06\/SieteaguasSanJuan2.jpg 787w, https:\/\/tucomarca.whitekongsoftware.com\/wp-content\/uploads\/2026\/06\/SieteaguasSanJuan2-565x381.jpg 565w, https:\/\/tucomarca.whitekongsoftware.com\/wp-content\/uploads\/2026\/06\/SieteaguasSanJuan2-768x518.jpg 768w\" sizes=\"auto, (max-width: 787px) 100vw, 787px\" \/><\/figure>\n\n\n\n<figure class=\"wp-block-image size-large\"><img loading=\"lazy\" decoding=\"async\" width=\"787\" height=\"531\" data-id=\"306580\" src=\"https:\/\/www.tucomarca.com\/wordpress\/segunda\/wp-content\/uploads\/2026\/06\/SieteaguasSanJuan1.jpg\" alt=\"\" class=\"wp-image-306580\" srcset=\"https:\/\/tucomarca.whitekongsoftware.com\/wp-content\/uploads\/2026\/06\/SieteaguasSanJuan1.jpg 787w, https:\/\/tucomarca.whitekongsoftware.com\/wp-content\/uploads\/2026\/06\/SieteaguasSanJuan1-565x381.jpg 565w, https:\/\/tucomarca.whitekongsoftware.com\/wp-content\/uploads\/2026\/06\/SieteaguasSanJuan1-768x518.jpg 768w\" sizes=\"auto, (max-width: 787px) 100vw, 787px\" \/><\/figure>\n\n\n\n<figure class=\"wp-block-image size-large\"><img loading=\"lazy\" decoding=\"async\" width=\"787\" height=\"531\" data-id=\"306586\" src=\"https:\/\/www.tucomarca.com\/wordpress\/segunda\/wp-content\/uploads\/2026\/06\/SieteaguasSanJuan4.jpg\" alt=\"\" class=\"wp-image-306586\" srcset=\"https:\/\/tucomarca.whitekongsoftware.com\/wp-content\/uploads\/2026\/06\/SieteaguasSanJuan4.jpg 787w, https:\/\/tucomarca.whitekongsoftware.com\/wp-content\/uploads\/2026\/06\/SieteaguasSanJuan4-565x381.jpg 565w, https:\/\/tucomarca.whitekongsoftware.com\/wp-content\/uploads\/2026\/06\/SieteaguasSanJuan4-768x518.jpg 768w\" sizes=\"auto, (max-width: 787px) 100vw, 787px\" \/><\/figure>\n\n\n\n<figure class=\"wp-block-image size-large\"><img loading=\"lazy\" decoding=\"async\" width=\"787\" height=\"531\" data-id=\"306588\" src=\"https:\/\/www.tucomarca.com\/wordpress\/segunda\/wp-content\/uploads\/2026\/06\/SieteaguasSanJuan6.jpg\" alt=\"\" class=\"wp-image-306588\" srcset=\"https:\/\/tucomarca.whitekongsoftware.com\/wp-content\/uploads\/2026\/06\/SieteaguasSanJuan6.jpg 787w, https:\/\/tucomarca.whitekongsoftware.com\/wp-content\/uploads\/2026\/06\/SieteaguasSanJuan6-565x381.jpg 565w, https:\/\/tucomarca.whitekongsoftware.com\/wp-content\/uploads\/2026\/06\/SieteaguasSanJuan6-768x518.jpg 768w\" sizes=\"auto, (max-width: 787px) 100vw, 787px\" \/><\/figure>\n<\/figure>\n","protected":false},"excerpt":{"rendered":"<div class=\"mh-excerpt\">L&#8217;Ajuntament agra\u00efx la implicaci\u00f3 de col\u00b7lectius, associacions, voluntariat i ve\u00efnat en unes celebracions que donen la benvinguda a l&#8217;estiu i mantenen vives les tradicions del municipi. Siete Aguas ha tornat a celebrar amb intensitat les <a class=\"mh-excerpt-more\" href=\"https:\/\/tucomarca.whitekongsoftware.com\/ca\/siete-aguas-rep-lestiu-amb-les-seues-festes-patronals-en-honor-a-sant-joan-baptista\/\" title=\"Siete Aguas rep l\u2019estiu amb les seues Festes Patronals en honor a Sant Joan Baptista\">[+] <\/a><\/div>\n","protected":false},"author":12,"featured_media":306579,"comment_status":"closed","ping_status":"open","sticky":false,"template":"","format":"gallery","meta":{"footnotes":""},"categories":[10894,10912,11004,11007,11008,10896,10979],"tags":[24596,10914,11157],"class_list":["post-306591","post","type-post","status-publish","format-gallery","has-post-thumbnail","category-la-comarca-ca","category-la-hoya-ca","category-la-semana-en-imagenes-ca","category-ocio-y-cultura-ca","category-pueblos-en-fiestas-ca","category-seccion-ca","category-siete-aguas-ca","tag-fiestas-de-san-juan","tag-la-hoya-de-bunol-chiva-ca","tag-siete-aguas-ca","post_format-post-format-gallery"],"_links":{"self":[{"href":"https:\/\/tucomarca.whitekongsoftware.com\/ca\/wp-json\/wp\/v2\/posts\/306591","targetHints":{"allow":["GET"]}}],"collection":[{"href":"https:\/\/tucomarca.whitekongsoftware.com\/ca\/wp-json\/wp\/v2\/posts"}],"about":[{"href":"https:\/\/tucomarca.whitekongsoftware.com\/ca\/wp-json\/wp\/v2\/types\/post"}],"author":[{"embeddable":true,"href":"https:\/\/tucomarca.whitekongsoftware.com\/ca\/wp-json\/wp\/v2\/users\/12"}],"replies":[{"embeddable":true,"href":"https:\/\/tucomarca.whitekongsoftware.com\/ca\/wp-json\/wp\/v2\/comments?post=306591"}],"version-history":[{"count":4,"href":"https:\/\/tucomarca.whitekongsoftware.com\/ca\/wp-json\/wp\/v2\/posts\/306591\/revisions"}],"predecessor-version":[{"id":306595,"href":"https:\/\/tucomarca.whitekongsoftware.com\/ca\/wp-json\/wp\/v2\/posts\/306591\/revisions\/306595"}],"wp:featuredmedia":[{"embeddable":true,"href":"https:\/\/tucomarca.whitekongsoftware.com\/ca\/wp-json\/wp\/v2\/media\/306579"}],"wp:attachment":[{"href":"https:\/\/tucomarca.whitekongsoftware.com\/ca\/wp-json\/wp\/v2\/media?parent=306591"}],"wp:term":[{"taxonomy":"category","embeddable":true,"href":"https:\/\/tucomarca.whitekongsoftware.com\/ca\/wp-json\/wp\/v2\/categories?post=306591"},{"taxonomy":"post_tag","embeddable":true,"href":"https:\/\/tucomarca.whitekongsoftware.com\/ca\/wp-json\/wp\/v2\/tags?post=306591"}],"curies":[{"name":"wp","href":"https:\/\/api.w.org\/{rel}","templated":true}]}}