{"id":306395,"date":"2026-06-26T13:55:00","date_gmt":"2026-06-26T11:55:00","guid":{"rendered":"https:\/\/www.tucomarca.com\/wordpress\/segunda\/?p=306395"},"modified":"2026-06-27T00:40:07","modified_gmt":"2026-06-26T22:40:07","slug":"perez-llorca-insta-el-govern-a-accelerar-lexecucio-de-les-obres-hidrauliques-i-les-ajudes-als-ajuntaments-per-a-la-licitacio-dobres-despres-de-la-dana","status":"publish","type":"post","link":"https:\/\/tucomarca.whitekongsoftware.com\/ca\/perez-llorca-insta-el-govern-a-accelerar-lexecucio-de-les-obres-hidrauliques-i-les-ajudes-als-ajuntaments-per-a-la-licitacio-dobres-despres-de-la-dana\/","title":{"rendered":"P\u00e9rez Llorca insta el Govern a accelerar l&#8217;execuci\u00f3 de les obres hidr\u00e0uliques i les ajudes als ajuntaments per a la licitaci\u00f3 d&#8217;obres despr\u00e9s de la DANA"},"content":{"rendered":"\n<h3 class=\"wp-block-heading\">El president de la Generalitat assisteix a la reuni\u00f3 de la Comissi\u00f3 Mixta per a la reconstrucci\u00f3 despr\u00e9s de les riuades d&#8217;octubre de 2024 on destaca els assoliments aconseguits i reivindica les actuacions pendents.&nbsp;<\/h3>\n\n\n\n<h3 class=\"wp-block-heading\">Reclama a l&#8217;Executiu central l&#8217;ampliaci\u00f3 dels municipis afectats, la revisi\u00f3 de preus de les obres p\u00fabliques i que el Fons Europeu de Solidaritat es gestione des de la Comissi\u00f3 Mixta, entre altres demandes.<\/h3>\n\n\n\n<h3 class=\"wp-block-heading\">Assegura que la Generalitat \u201cha complit en tot el que es va comprometre a mobilitzar\u201d amb m\u00e9s de 3.100 milions i anuncia que \u201cen el mes vinent\u201d s&#8217;iniciar\u00e0 el pagament de les ajudes de 80.000 euros a les fam\u00edlies de les persones mortes.<\/h3>\n\n\n\n<p class=\"wp-block-paragraph\">El president de la Generalitat, Juanfran P\u00e9rez Llorca, ha instat el Govern d&#8217;Espanya a accelerar l&#8217;execuci\u00f3 de les obres hidr\u00e0uliques i les ajudes als ajuntaments per a la licitaci\u00f3 de les obres despr\u00e9s de la dana d&#8217;octubre de 2024.<\/p>\n\n\n\n<p class=\"wp-block-paragraph\">Aix\u00ed ho ha destacat al final de la celebraci\u00f3 de la segona Comissi\u00f3 Mixta per a la reconstrucci\u00f3, on ha ressaltat els assoliments aconseguits i ha reivindicat les actuacions pendents.&nbsp;<\/p>\n\n\n\n<p class=\"wp-block-paragraph\">El president ha lamentat que aquesta Comissi\u00f3, que s&#8217;ha iniciat hui amb un minut de silenci pels morts en el terratr\u00e9mol de Vene\u00e7uela, es posara en marxa amb m\u00e9s d&#8217;un any de retard \u201cperqu\u00e8 segurament i despr\u00e9s de veure com est\u00e0 funcionant hagu\u00e9rem aconseguit majors objectius si els primers mesos despr\u00e9s de la riuada s&#8217;haguera constitu\u00eft aquesta comissi\u00f3\u201d, com va succeir en el volc\u00e0 de La Palma.&nbsp;<\/p>\n\n\n\n<p class=\"wp-block-paragraph\">En aquest sentit, s&#8217;ha referit \u201cal retard en l&#8217;execuci\u00f3 de les obres que desgraciadament tenen els ajuntaments\u201d, dels quals ha recordat que \u201cs\u00ed que tenen els diners transferits per part del Govern d&#8217;Espanya, per\u00f2 no han pogut executar-lo perqu\u00e8 no han pogut tramitar contractes per emerg\u00e8ncia i no hi ha hagut un canvi normatiu\u201d.&nbsp;<\/p>\n\n\n\n<p class=\"wp-block-paragraph\">Per tot aix\u00f2, ha sol\u00b7licitat la modificaci\u00f3 de la normativa per a facilitar als ajuntaments la licitaci\u00f3 de les obres perqu\u00e8, dels m\u00e9s de 1.700 milions d&#8217;euros transferits pel Govern \u201cnom\u00e9s s&#8217;han executat el 5% per aquesta causa\u201d, segons ha indicat. \u201cSi no canvia la normativa i s&#8217;estableixen terminis m\u00e9s r\u00e0pids, aix\u00f2 tardar\u00e0 molt a posar-se en marxa\u201d, ha incidit el president.&nbsp;<\/p>\n\n\n\n<p class=\"wp-block-paragraph\">En l&#8217;\u00e0mbit de les actuacions h\u00eddriques, ha instat la Confederaci\u00f3 Hidrogr\u00e0fica del X\u00faquer a accelerar les obres de defensa h\u00eddrica \u201cque dotaran de major seguretat als municipis\u201d i ha retret que \u201cencara no han comen\u00e7at\u201d.<\/p>\n\n\n\n<figure class=\"wp-block-image size-full\"><img loading=\"lazy\" decoding=\"async\" width=\"945\" height=\"638\" src=\"https:\/\/www.tucomarca.com\/wordpress\/segunda\/wp-content\/uploads\/2026\/06\/GVAComisionDANA2.jpg\" alt=\"\" class=\"wp-image-306388\" srcset=\"https:\/\/tucomarca.whitekongsoftware.com\/wp-content\/uploads\/2026\/06\/GVAComisionDANA2.jpg 945w, https:\/\/tucomarca.whitekongsoftware.com\/wp-content\/uploads\/2026\/06\/GVAComisionDANA2-564x381.jpg 564w, https:\/\/tucomarca.whitekongsoftware.com\/wp-content\/uploads\/2026\/06\/GVAComisionDANA2-768x519.jpg 768w\" sizes=\"auto, (max-width: 945px) 100vw, 945px\" \/><\/figure>\n\n\n\n<p class=\"wp-block-paragraph\"><\/p>\n\n\n\n<p class=\"wp-block-paragraph\"><strong>Altres reivindicacions<\/strong><\/p>\n\n\n\n<p class=\"wp-block-paragraph\">Durant la seua intervenci\u00f3, el cap del Consell ha reclamat al Govern l&#8217;ampliaci\u00f3 de la llista de municipis afectats dels 75 que va incloure en el Reial decret llei 6\/2024 enfront dels 103 reconeguts per la Generalitat perqu\u00e8 accedisquen a ajudes estatals i europees.&nbsp;<\/p>\n\n\n\n<p class=\"wp-block-paragraph\">Aix\u00ed mateix, ha sol\u00b7licitat la revisi\u00f3 dels preus de les obres p\u00fabliques, com s&#8217;ha produ\u00eft amb TRAGSA, per a compensar les pujades dels costos, que segons ha assegurat, \u201cha provocat que 118 concursos hagen quedat deserts i bloquejat inversions per 150 milions d&#8217;euros\u201d.&nbsp;<\/p>\n\n\n\n<p class=\"wp-block-paragraph\">La devoluci\u00f3 a la Generalitat dels 82 milions d&#8217;euros que va abonar en concepte d&#8217;IVA despr\u00e9s de formalitzar els contractes d&#8217;emerg\u00e8ncia i l&#8217;exoneraci\u00f3 del pagament d&#8217;interessos per devoluci\u00f3 de les subvencions estatals i europees, han sigut unes altres de les demandes realitzades pel president de la Generalitat.<\/p>\n\n\n\n<p class=\"wp-block-paragraph\"><strong>Fons europeus i altres demandes<\/strong><\/p>\n\n\n\n<p class=\"wp-block-paragraph\">D&#8217;altra banda, P\u00e9rez Llorca ha reclamat al Govern que el Fons Europeu de Solidaritat concedit per valor de 946 milions es cogestione des de la Comissi\u00f3 Mixta \u201ci que no siga nom\u00e9s el Govern d&#8217;Espanya el que efectue el repartiment perqu\u00e8 ac\u00ed estem tots representats i ac\u00ed veiem totes les necessitats que tenim\u201d, ha subratllat.&nbsp;<\/p>\n\n\n\n<p class=\"wp-block-paragraph\">En refer\u00e8ncia als 1.250 milions dels fons Next Generation que la Uni\u00f3 Europea va autoritzar que es desviaren per a la recuperaci\u00f3 de les zones afectades a l&#8217;octubre de 2025 ha reclamat \u201cque se&#8217;ns diga qu\u00e8 s&#8217;ha fet amb eixos diners o quins diners li podria correspondre a la Generalitat\u201d, i ha recordat que \u201ctota l&#8217;aportaci\u00f3 que ha fet la Generalitat \u00e9s sobre la base de cr\u00e8dits que al final hem de pagar entre tots els valencians i les valencianes\u201d.<\/p>\n\n\n\n<p class=\"wp-block-paragraph\">El cap del Consell tamb\u00e9 ha al\u00b7ludit a la petici\u00f3 dels alcaldes dels municipis afectats per la dana perqu\u00e8 s&#8217;active la taula de treball sobre L\u2019Albufera i la demanda perqu\u00e8 es pose en marxa una altra referent a l&#8217;agricultura.<\/p>\n\n\n\n<p class=\"wp-block-paragraph\">El president s&#8217;ha referit a la necessitat de solucionar aspectes com \u201cels camps que han quedat inservibles per la deterioraci\u00f3 de la riuada\u201d i aquells que es troben ara dins del domini p\u00fablic hidr\u00e0ulic a causa de l&#8217;ampliaci\u00f3 dels llits de barrancs i rius, la qual cosa ha provocat que aquestes parcel\u00b7les agr\u00e0ries \u201cja no es poden cultivar i tampoc s&#8217;indemnitzen als agricultors\u201d.<\/p>\n\n\n\n<p class=\"wp-block-paragraph\"><strong>Pla \u2018Endavant\u2019<\/strong><\/p>\n\n\n\n<p class=\"wp-block-paragraph\">Des de la reuni\u00f3 constitutiva d&#8217;aquesta Comissi\u00f3 fa 128 dies, s&#8217;han impulsat diverses taules de treball amb avan\u00e7os rellevants en infraestructures h\u00eddriques, salut mental, parcs naturals i emerg\u00e8ncies.&nbsp;<\/p>\n\n\n\n<p class=\"wp-block-paragraph\">En refer\u00e8ncia al Pla \u2018Endavant\u2019, ja estan en marxa o finalitzades el 91% de les mesures (311 de 343) de les diferents administracions de l&#8217;Estat. Respecte a les iniciatives que corresponen exclusivament a la Generalitat, el 100% de les 296 iniciatives ja estan en execuci\u00f3 i s&#8217;han finalitzat 59 de les 60 obres locals assumides per l&#8217;Executiu valenci\u00e0, entre altres actuacions realitzades.<\/p>\n\n\n\n<p class=\"wp-block-paragraph\">En conjunt, la Generalitat ha mobilitzat m\u00e9s de 3.100 milions d&#8217;euros, dels quals case 1.800 milions s\u00f3n ajudes directes a v\u00edctimes, damnificats, aut\u00f2noms i empreses. Entre elles, el cap del Consell ha avan\u00e7at que \u201cen el mes vinent\u201d la Generalitat iniciar\u00e0 el pagament de les ajudes per valor de 80.000 euros a les fam\u00edlies de les persones mortes.&nbsp;<\/p>\n\n\n\n<p class=\"wp-block-paragraph\">Segons el parer del cap del Consell, la Generalitat, \u201cha complit en tot all\u00f2 que es va comprometre a mobilitzar\u201d i ha destacat \u201cla r\u00e0pida execuci\u00f3 de les obres\u201d de reconstrucci\u00f3 i \u201cla tramitaci\u00f3 express\u201d de les ajudes als damnificats.&nbsp;&nbsp;<\/p>\n\n\n\n<p class=\"wp-block-paragraph\">En contraposici\u00f3, s&#8217;ha referit a les ajudes del Govern, de les quals ha recordat que \u201cdels 9.600 milions d&#8217;euros que diuen que han executat, hi ha m\u00e9s de 4.000 milions que s\u00f3n del Consorci d&#8217;Assegurances\u201d, i ha enlletgit al Govern \u201cdir veritats a mig fer\u201d.&nbsp;<\/p>\n\n\n\n<p class=\"wp-block-paragraph\">\u201cEl que no podem pretendre \u00e9s vendre com a ajuda alguna cosa que paguem tots amb la nostra butxaca tots els dies\u201d i ha urgit al Consorci d&#8217;Assegurances \u00a0a pagar les indemnitzacions corresponents ja que en aquesta mateixa setmana i l&#8217;anterior l&#8217;entitat \u201ccontinua efectuant els \u00faltims pagaments i estem parlant ja de quasi dos anys despr\u00e9s\u201d, ha concl\u00f2s el president.<\/p>\n","protected":false},"excerpt":{"rendered":"<div class=\"mh-excerpt\">El president de la Generalitat assisteix a la reuni\u00f3 de la Comissi\u00f3 Mixta per a la reconstrucci\u00f3 despr\u00e9s de les riuades d&#8217;octubre de 2024 on destaca els assoliments aconseguits i reivindica les actuacions pendents.&nbsp; Reclama <a class=\"mh-excerpt-more\" href=\"https:\/\/tucomarca.whitekongsoftware.com\/ca\/perez-llorca-insta-el-govern-a-accelerar-lexecucio-de-les-obres-hidrauliques-i-les-ajudes-als-ajuntaments-per-a-la-licitacio-dobres-despres-de-la-dana\/\" title=\"P\u00e9rez Llorca insta el Govern a accelerar l&#8217;execuci\u00f3 de les obres hidr\u00e0uliques i les ajudes als ajuntaments per a la licitaci\u00f3 d&#8217;obres despr\u00e9s de la DANA\">[+] <\/a><\/div>\n","protected":false},"author":12,"featured_media":306392,"comment_status":"closed","ping_status":"open","sticky":false,"template":"","format":"standard","meta":{"footnotes":""},"categories":[10983,21466,10898,10948,10894,10904,10902,10903,10947,10896,10897],"tags":[15674,15409,10914,11077,10910],"class_list":["post-306395","post","type-post","status-publish","format-standard","has-post-thumbnail","category-algemesi-ca","category-dana-ca","category-ventana-ca","category-infraestructuras-ca","category-la-comarca-ca","category-sin-categorizar-ca","category-la-ribera-ca","category-medio-ambiente-la-comarca-ca","category-politica","category-seccion-ca","category-sucesos-la-comarca-ca","tag-camp-de-turia-2-ca","tag-dana-2-ca","tag-la-hoya-de-bunol-chiva-ca","tag-la-ribera-alta-ca","tag-requena-utiel-ca"],"_links":{"self":[{"href":"https:\/\/tucomarca.whitekongsoftware.com\/ca\/wp-json\/wp\/v2\/posts\/306395","targetHints":{"allow":["GET"]}}],"collection":[{"href":"https:\/\/tucomarca.whitekongsoftware.com\/ca\/wp-json\/wp\/v2\/posts"}],"about":[{"href":"https:\/\/tucomarca.whitekongsoftware.com\/ca\/wp-json\/wp\/v2\/types\/post"}],"author":[{"embeddable":true,"href":"https:\/\/tucomarca.whitekongsoftware.com\/ca\/wp-json\/wp\/v2\/users\/12"}],"replies":[{"embeddable":true,"href":"https:\/\/tucomarca.whitekongsoftware.com\/ca\/wp-json\/wp\/v2\/comments?post=306395"}],"version-history":[{"count":2,"href":"https:\/\/tucomarca.whitekongsoftware.com\/ca\/wp-json\/wp\/v2\/posts\/306395\/revisions"}],"predecessor-version":[{"id":306398,"href":"https:\/\/tucomarca.whitekongsoftware.com\/ca\/wp-json\/wp\/v2\/posts\/306395\/revisions\/306398"}],"wp:featuredmedia":[{"embeddable":true,"href":"https:\/\/tucomarca.whitekongsoftware.com\/ca\/wp-json\/wp\/v2\/media\/306392"}],"wp:attachment":[{"href":"https:\/\/tucomarca.whitekongsoftware.com\/ca\/wp-json\/wp\/v2\/media?parent=306395"}],"wp:term":[{"taxonomy":"category","embeddable":true,"href":"https:\/\/tucomarca.whitekongsoftware.com\/ca\/wp-json\/wp\/v2\/categories?post=306395"},{"taxonomy":"post_tag","embeddable":true,"href":"https:\/\/tucomarca.whitekongsoftware.com\/ca\/wp-json\/wp\/v2\/tags?post=306395"}],"curies":[{"name":"wp","href":"https:\/\/api.w.org\/{rel}","templated":true}]}}