{"id":306335,"date":"2026-06-26T13:15:00","date_gmt":"2026-06-26T11:15:00","guid":{"rendered":"https:\/\/www.tucomarca.com\/wordpress\/segunda\/?p=306335"},"modified":"2026-06-26T15:40:35","modified_gmt":"2026-06-26T13:40:35","slug":"turis-ha-commemorat-el-dia-de-lorgull-lgtbi-amb-activitats-per-a-reivindicar-la-igualtat-i-el-respecte","status":"publish","type":"post","link":"https:\/\/tucomarca.whitekongsoftware.com\/ca\/turis-ha-commemorat-el-dia-de-lorgull-lgtbi-amb-activitats-per-a-reivindicar-la-igualtat-i-el-respecte\/","title":{"rendered":"Tur\u00eds ha commemorat el Dia de l&#8217;Orgull LGTBI amb activitats per a reivindicar la igualtat i el respecte"},"content":{"rendered":"\n<p class=\"wp-block-paragraph\">L&#8217;Ajuntament de Tur\u00eds ha celebrat el Dia Internacional de l&#8217;Orgull LGTBI amb un programa d&#8217;activitats destinat a promoure la igualtat, la llibertat i el respecte cap a la diversitat afectivosexual i de g\u00e8nere.<\/p>\n\n\n\n<p class=\"wp-block-paragraph\">La programaci\u00f3 ha comen\u00e7at amb una sessi\u00f3 de curtmetratges de tem\u00e0tica LGTBI celebrada al Centre de Joventut, una iniciativa dirigida a fomentar la reflexi\u00f3 i la sensibilitzaci\u00f3 entre la ciutadania.<\/p>\n\n\n\n<p class=\"wp-block-paragraph\">Els actes han culminat amb la lectura del manifest institucional a les portes de l&#8217;Ajuntament. Durant l&#8217;acte, la regidora de Serveis Socials i Igualtat, Carmela Collado, ha destacat que \u00abla dignitat de les persones no dep\u00e9n de la seua orientaci\u00f3 sexual o expressi\u00f3 de g\u00e8nere\u00bb i ha reivindicat una societat \u00abon la diversitat no siga simplement tolerada, sin\u00f3 tamb\u00e9 respectada i reconeguda com una font de riquesa\u00bb.<\/p>\n\n\n\n<p class=\"wp-block-paragraph\">Aix\u00ed mateix, des del consistori s&#8217;ha fet una crida a continuar construint una societat m\u00e9s justa i inclusiva, promovent espais segurs i acollidors on totes les persones puguen viure amb llibertat i sense discriminaci\u00f3. L&#8217;acte ha concl\u00f2s amb el desig de continuar fent de Tur\u00eds \u00abun poble del qual sentir-se orgullosos\u00bb.<\/p>\n\n\n\n<p class=\"wp-block-paragraph\">Amb esta programaci\u00f3, l&#8217;Ajuntament ha reafirmat el seu comprom\u00eds amb la defensa dels drets del col\u00b7lectiu LGTBI i amb la promoci\u00f3 dels valors de conviv\u00e8ncia, igualtat i respecte entre tota la ciutadania.<\/p>\n\n\n\n<figure class=\"wp-block-gallery has-nested-images columns-default is-cropped wp-block-gallery-1 is-layout-flex wp-block-gallery-is-layout-flex\">\n<figure class=\"wp-block-image size-large\"><img loading=\"lazy\" decoding=\"async\" width=\"709\" height=\"886\" data-id=\"306329\" src=\"https:\/\/www.tucomarca.com\/wordpress\/segunda\/wp-content\/uploads\/2026\/06\/TurisLGTBI3.jpg\" alt=\"\" class=\"wp-image-306329\" srcset=\"https:\/\/tucomarca.whitekongsoftware.com\/wp-content\/uploads\/2026\/06\/TurisLGTBI3.jpg 709w, https:\/\/tucomarca.whitekongsoftware.com\/wp-content\/uploads\/2026\/06\/TurisLGTBI3-305x381.jpg 305w\" sizes=\"auto, (max-width: 709px) 100vw, 709px\" \/><\/figure>\n\n\n\n<figure class=\"wp-block-image size-large\"><img loading=\"lazy\" decoding=\"async\" width=\"945\" height=\"638\" data-id=\"306327\" src=\"https:\/\/www.tucomarca.com\/wordpress\/segunda\/wp-content\/uploads\/2026\/06\/TurisLGTBI2.jpg\" alt=\"\" class=\"wp-image-306327\" srcset=\"https:\/\/tucomarca.whitekongsoftware.com\/wp-content\/uploads\/2026\/06\/TurisLGTBI2.jpg 945w, https:\/\/tucomarca.whitekongsoftware.com\/wp-content\/uploads\/2026\/06\/TurisLGTBI2-564x381.jpg 564w, https:\/\/tucomarca.whitekongsoftware.com\/wp-content\/uploads\/2026\/06\/TurisLGTBI2-768x519.jpg 768w\" sizes=\"auto, (max-width: 945px) 100vw, 945px\" \/><\/figure>\n<\/figure>\n","protected":false},"excerpt":{"rendered":"<div class=\"mh-excerpt\">L&#8217;Ajuntament de Tur\u00eds ha celebrat el Dia Internacional de l&#8217;Orgull LGTBI amb un programa d&#8217;activitats destinat a promoure la igualtat, la llibertat i el respecte cap a la diversitat afectivosexual i de g\u00e8nere. La programaci\u00f3 <a class=\"mh-excerpt-more\" href=\"https:\/\/tucomarca.whitekongsoftware.com\/ca\/turis-ha-commemorat-el-dia-de-lorgull-lgtbi-amb-activitats-per-a-reivindicar-la-igualtat-i-el-respecte\/\" title=\"Tur\u00eds ha commemorat el Dia de l&#8217;Orgull LGTBI amb activitats per a reivindicar la igualtat i el respecte\">[+] <\/a><\/div>\n","protected":false},"author":12,"featured_media":306326,"comment_status":"closed","ping_status":"open","sticky":false,"template":"","format":"standard","meta":{"footnotes":""},"categories":[10894,10902,11007,10947,10896,11047],"tags":[20863,11356,11093],"class_list":["post-306335","post","type-post","status-publish","format-standard","has-post-thumbnail","category-la-comarca-ca","category-la-ribera-ca","category-ocio-y-cultura-ca","category-politica","category-seccion-ca","category-turis-ca","tag-orgullo-lgtbiq-ca","tag-ribera-alta-ca","tag-turis-ca"],"_links":{"self":[{"href":"https:\/\/tucomarca.whitekongsoftware.com\/ca\/wp-json\/wp\/v2\/posts\/306335","targetHints":{"allow":["GET"]}}],"collection":[{"href":"https:\/\/tucomarca.whitekongsoftware.com\/ca\/wp-json\/wp\/v2\/posts"}],"about":[{"href":"https:\/\/tucomarca.whitekongsoftware.com\/ca\/wp-json\/wp\/v2\/types\/post"}],"author":[{"embeddable":true,"href":"https:\/\/tucomarca.whitekongsoftware.com\/ca\/wp-json\/wp\/v2\/users\/12"}],"replies":[{"embeddable":true,"href":"https:\/\/tucomarca.whitekongsoftware.com\/ca\/wp-json\/wp\/v2\/comments?post=306335"}],"version-history":[{"count":2,"href":"https:\/\/tucomarca.whitekongsoftware.com\/ca\/wp-json\/wp\/v2\/posts\/306335\/revisions"}],"predecessor-version":[{"id":306337,"href":"https:\/\/tucomarca.whitekongsoftware.com\/ca\/wp-json\/wp\/v2\/posts\/306335\/revisions\/306337"}],"wp:featuredmedia":[{"embeddable":true,"href":"https:\/\/tucomarca.whitekongsoftware.com\/ca\/wp-json\/wp\/v2\/media\/306326"}],"wp:attachment":[{"href":"https:\/\/tucomarca.whitekongsoftware.com\/ca\/wp-json\/wp\/v2\/media?parent=306335"}],"wp:term":[{"taxonomy":"category","embeddable":true,"href":"https:\/\/tucomarca.whitekongsoftware.com\/ca\/wp-json\/wp\/v2\/categories?post=306335"},{"taxonomy":"post_tag","embeddable":true,"href":"https:\/\/tucomarca.whitekongsoftware.com\/ca\/wp-json\/wp\/v2\/tags?post=306335"}],"curies":[{"name":"wp","href":"https:\/\/api.w.org\/{rel}","templated":true}]}}