{"id":306292,"date":"2026-06-26T12:00:00","date_gmt":"2026-06-26T10:00:00","guid":{"rendered":"https:\/\/www.tucomarca.com\/wordpress\/segunda\/?p=306292"},"modified":"2026-06-26T15:06:51","modified_gmt":"2026-06-26T13:06:51","slug":"detingut-per-robar-a-persones-davancada-edat-en-caixers-automatics-de-huit-municipis-entre-ells-benifaio","status":"publish","type":"post","link":"https:\/\/tucomarca.whitekongsoftware.com\/ca\/detingut-per-robar-a-persones-davancada-edat-en-caixers-automatics-de-huit-municipis-entre-ells-benifaio\/","title":{"rendered":"Detingut per robar a persones d&#8217;avan\u00e7ada edat en caixers autom\u00e0tics de huit municipis, entre ells Benifai\u00f3"},"content":{"rendered":"\n<h3 class=\"wp-block-heading\">De moment, se li atribueixen 13 delictes contra el patrimoni, encara que es continuen les gestions per a tractar de localitzar a m\u00e9s possibles v\u00edctimes.<\/h3>\n\n\n\n<h3 class=\"wp-block-heading\">Els fets van ser comesos entre abril del 2025 i maig del 2026 en les seg\u00fcents localitats de les prov\u00edncies de Val\u00e8ncia i Alacant: el Puig, Pu\u00e7ol, Tavernes de la Valldigna, Sant Joan d&#8217;Alacant, Saix, Cullera, Benifai\u00f3 i Montcada.<\/h3>\n\n\n\n<p class=\"wp-block-paragraph\">La Gu\u00e0rdia Civil ha detingut a una persona com a presumpta autora d&#8217;una s\u00e8rie de delictes contra el patrimoni comesos mitjan\u00e7ant el conegut m\u00e8tode del \u201ccaixer avariat\u201d, una modalitat delictiva especialment dirigida contra persones majors quan realitzen operacions de retirada d&#8217;efectiu en caixers autom\u00e0tics.<\/p>\n\n\n\n<p class=\"wp-block-paragraph\">La investigaci\u00f3 es va iniciar despr\u00e9s de detectar-se un increment de den\u00fancies i comunicacions operatives relacionades amb fets de similars caracter\u00edstiques ocorreguts en diferents localitats de la Comunitat Valenciana i altres prov\u00edncies del llevant espanyol. L&#8217;an\u00e0lisi conjunta de les den\u00fancies va permetre identificar un patr\u00f3 com\u00fa tant en la selecci\u00f3 de les v\u00edctimes com en la forma d&#8217;actuaci\u00f3 emprada.<\/p>\n\n\n\n<p class=\"wp-block-paragraph\">El denominat m\u00e8tode del Scalping, caixer avariat o distracci\u00f3 en caixer, consisteix a generar una situaci\u00f3 de confusi\u00f3 sobre la v\u00edctima mentre aquesta \u00f2pera en un caixer autom\u00e0tic. El presumpte autor s&#8217;aproxima a la persona, habitualment d&#8217;avan\u00e7ada edat, simulant que el terminal presenta una avaria o incid\u00e8ncia t\u00e8cnica. Aprofitant la distracci\u00f3 provocada, manipula el caixer ocultant parcialment el teclat o la safata dispensadora mitjan\u00e7ant fullets, peri\u00f2dics o documents, aconseguint realitzar disposicions d&#8217;efectiu sense que la v\u00edctima perceba inicialment la sostracci\u00f3.<\/p>\n\n\n\n<p class=\"wp-block-paragraph\">Les investigacions van permetre constatar que els fets es produ\u00efen principalment en dates coincidents amb l&#8217;abonament de pensions, prestacions socials o n\u00f2mines, moments en els quals augmenta considerablement l&#8217;aflu\u00e8ncia de persones majors a les entitats banc\u00e0ries.<\/p>\n\n\n\n<p class=\"wp-block-paragraph\">La detenci\u00f3 es va produir el passat 10 de juny durant un dels dispositius de vigil\u00e0ncia en els voltants d&#8217;una entitat banc\u00e0ria d&#8217;aquesta localitat. Els investigadors van observar com un individu, les caracter\u00edstiques del qual coincidien amb les de l&#8217;autor buscat, interactuava amb una persona d&#8217;avan\u00e7ada edat que es trobava realitzant una operaci\u00f3 en un caixer autom\u00e0tic, reproduint el mateix patr\u00f3 d&#8217;actuaci\u00f3 investigat.<\/p>\n\n\n\n<p class=\"wp-block-paragraph\">Davant la immediatesa dels fets, els agents van intervindre, produint a la detenci\u00f3 del sospit\u00f3s quan presumptament acabava de realitzar una disposici\u00f3 d&#8217;efectiu no autoritzada per import de 900 euros. Durant l&#8217;actuaci\u00f3, es van recuperar efectes relacionats amb el fet investigat i es va garantir la protecci\u00f3 de la v\u00edctima.<\/p>\n\n\n\n<p class=\"wp-block-paragraph\">Despr\u00e9s de la detenci\u00f3, la Gu\u00e0rdia Civil va impulsar un ampli intercanvi d&#8217;informaci\u00f3 amb diferents Unitats territorials i amb altres Forces i Cossos de Seguretat. Fruit d&#8217;aquestes gestions s&#8217;han esclarit fins al moment un total de tretze fets delictius, concretament dotze delictes de furt i un delicte de robatori amb viol\u00e8ncia i intimidaci\u00f3, comesos entre abril de 2025 i maig de 2026 en diferents localitats de les prov\u00edncies de Val\u00e8ncia i Alacant.<\/p>\n\n\n\n<p class=\"wp-block-paragraph\">Les localitats afectades comprenen, entre altres el Puig, Pu\u00e7ol, Tavernes de la Valldigna, Sant Joan d&#8217;Alacant, Saix, Cullera, Benifai\u00f3 i Montcada.<\/p>\n\n\n\n<p class=\"wp-block-paragraph\">La investigaci\u00f3 ha perm\u00e9s determinar una notable coincid\u00e8ncia en tots els fets esclarits: v\u00edctimes d&#8217;edat avan\u00e7ada, actuaci\u00f3 en caixers autom\u00e0tics d&#8217;entitats banc\u00e0ries, utilitzaci\u00f3 de gorra i m\u00e0scara per a dificultar la identificaci\u00f3 i una reiterada sostracci\u00f3 de quantitats pr\u00f2ximes als 900 euros.<\/p>\n\n\n\n<p class=\"wp-block-paragraph\">La Gu\u00e0rdia Civil mant\u00e9 oberta l&#8217;operaci\u00f3, continuant les gestions per a determinar la possible exist\u00e8ncia de noves v\u00edctimes, esclarir altres fets similars que pogueren haver-se com\u00e9s en diferents punts del territori nacional i identificar possibles col\u00b7laboradors relacionats amb l&#8217;activitat investigada.<\/p>\n\n\n\n<p class=\"wp-block-paragraph\">El detingut es tracta d&#8217;un home de 20 anys i nacionalitat romanesa. Es t\u00e9 coneixement que Policia Nacional va procedir a la detenci\u00f3 del mateix home per mateixos fets comesos en la seua demarcaci\u00f3 territorial.<\/p>\n\n\n\n<p class=\"wp-block-paragraph\">La investigaci\u00f3 ha sigut duta a terme per agents del Lloc Principal de Montcada. Les dilig\u00e8ncies van ser entregades en la Secci\u00f3 Civil i d&#8217;Instrucci\u00f3 del Tribunal de Montcada Plaza n\u00famero 1.<\/p>\n","protected":false},"excerpt":{"rendered":"<div class=\"mh-excerpt\">De moment, se li atribueixen 13 delictes contra el patrimoni, encara que es continuen les gestions per a tractar de localitzar a m\u00e9s possibles v\u00edctimes. Els fets van ser comesos entre abril del 2025 i <a class=\"mh-excerpt-more\" href=\"https:\/\/tucomarca.whitekongsoftware.com\/ca\/detingut-per-robar-a-persones-davancada-edat-en-caixers-automatics-de-huit-municipis-entre-ells-benifaio\/\" title=\"Detingut per robar a persones d&#8217;avan\u00e7ada edat en caixers autom\u00e0tics de huit municipis, entre ells Benifai\u00f3\">[+] <\/a><\/div>\n","protected":false},"author":12,"featured_media":287075,"comment_status":"closed","ping_status":"open","sticky":false,"template":"","format":"standard","meta":{"footnotes":""},"categories":[10987,10898,10948,10894,10904,10902,10896,10897],"tags":[12046,17107,11118,11077],"class_list":["post-306292","post","type-post","status-publish","format-standard","has-post-thumbnail","category-benifaio-ca","category-ventana-ca","category-infraestructuras-ca","category-la-comarca-ca","category-sin-categorizar-ca","category-la-ribera-ca","category-seccion-ca","category-sucesos-la-comarca-ca","tag-benifaio-ca","tag-detenido-ca","tag-guardia-civil-ca","tag-la-ribera-alta-ca"],"_links":{"self":[{"href":"https:\/\/tucomarca.whitekongsoftware.com\/ca\/wp-json\/wp\/v2\/posts\/306292","targetHints":{"allow":["GET"]}}],"collection":[{"href":"https:\/\/tucomarca.whitekongsoftware.com\/ca\/wp-json\/wp\/v2\/posts"}],"about":[{"href":"https:\/\/tucomarca.whitekongsoftware.com\/ca\/wp-json\/wp\/v2\/types\/post"}],"author":[{"embeddable":true,"href":"https:\/\/tucomarca.whitekongsoftware.com\/ca\/wp-json\/wp\/v2\/users\/12"}],"replies":[{"embeddable":true,"href":"https:\/\/tucomarca.whitekongsoftware.com\/ca\/wp-json\/wp\/v2\/comments?post=306292"}],"version-history":[{"count":4,"href":"https:\/\/tucomarca.whitekongsoftware.com\/ca\/wp-json\/wp\/v2\/posts\/306292\/revisions"}],"predecessor-version":[{"id":306302,"href":"https:\/\/tucomarca.whitekongsoftware.com\/ca\/wp-json\/wp\/v2\/posts\/306292\/revisions\/306302"}],"wp:featuredmedia":[{"embeddable":true,"href":"https:\/\/tucomarca.whitekongsoftware.com\/ca\/wp-json\/wp\/v2\/media\/287075"}],"wp:attachment":[{"href":"https:\/\/tucomarca.whitekongsoftware.com\/ca\/wp-json\/wp\/v2\/media?parent=306292"}],"wp:term":[{"taxonomy":"category","embeddable":true,"href":"https:\/\/tucomarca.whitekongsoftware.com\/ca\/wp-json\/wp\/v2\/categories?post=306292"},{"taxonomy":"post_tag","embeddable":true,"href":"https:\/\/tucomarca.whitekongsoftware.com\/ca\/wp-json\/wp\/v2\/tags?post=306292"}],"curies":[{"name":"wp","href":"https:\/\/api.w.org\/{rel}","templated":true}]}}