{"id":306214,"date":"2026-06-25T12:00:00","date_gmt":"2026-06-25T10:00:00","guid":{"rendered":"https:\/\/www.tucomarca.com\/wordpress\/segunda\/?p=306214"},"modified":"2026-06-25T18:20:27","modified_gmt":"2026-06-25T16:20:27","slug":"perez-llorca-disposem-del-major-operatiu-de-prevencio-i-extincio-dincendis-forestals-de-la-historia-amb-4-400-professionals","status":"publish","type":"post","link":"https:\/\/tucomarca.whitekongsoftware.com\/ca\/perez-llorca-disposem-del-major-operatiu-de-prevencio-i-extincio-dincendis-forestals-de-la-historia-amb-4-400-professionals\/","title":{"rendered":"P\u00e9rez Llorca: \u201cDisposem del major operatiu de prevenci\u00f3 i extinci\u00f3 d\u2019incendis forestals de la hist\u00f2ria amb 4.400 professionals\u201d"},"content":{"rendered":"\n<h3 class=\"wp-block-heading\"><strong>El president de la Generalitat assistix a la presentaci\u00f3 del dispositiu estival de prevenci\u00f3 i extinci\u00f3 d\u2019incendis que disposa de mitjans aeris i terrestres desplegats per tota la Comunitat Valenciana<\/strong>.<\/h3>\n\n\n\n<h3 class=\"wp-block-heading\"><strong>Assenyala la import\u00e0ncia de les campanyes de conscienciaci\u00f3 com \u2018Stop al Foc\u2019 i apel\u00b7la al \u201ctreball de tots\u201d per a minimitzar els riscos<\/strong>.<\/h3>\n\n\n\n<h3 class=\"wp-block-heading\"><strong>El cap del Consell posa a la disposici\u00f3 del Govern d\u2019Espanya els mitjans de la Generalitat per a ajudar Vene\u00e7uela despr\u00e9s dels terratr\u00e9mols que ha patit el pa\u00eds<\/strong>.<\/h3>\n\n\n\n<p class=\"wp-block-paragraph\">El president de la Generalitat, Juanfran P\u00e9rez Llorca, ha subratllat que \u201cla Comunitat Valenciana compta amb el major operatiu de prevenci\u00f3 i extinci\u00f3 d\u2019incendis forestals de la seua hist\u00f2ria amb la participaci\u00f3 de 4.400 professionals\u201d.<\/p>\n\n\n\n<p class=\"wp-block-paragraph\">Aix\u00ed ho ha assenyalat durant la presentaci\u00f3 del dispositiu de prevenci\u00f3 i extinci\u00f3 d\u2019incendis per a la temporada estival que ha tingut lloc en la base a\u00e8ria d\u2019Enguera i en la qual tamb\u00e9 han participat el vicepresident tercer i conseller de Medi Ambient, Infraestructures i Territori i de la Recuperaci\u00f3, Vicente Mart\u00ednez Mus, el conseller d\u2019Emerg\u00e8ncies i Interior, Juan Carlos Valderrama i l\u2019alcaldessa del municipi, Matilde Mar\u00edn.<\/p>\n\n\n\n<p class=\"wp-block-paragraph\">En conjunt, la Generalitat destina 298,47 milions d\u2019euros a la prevenci\u00f3 i extinci\u00f3 d\u2019incendis, dels quals 173 corresponen a la prevenci\u00f3 i la recuperaci\u00f3 d\u2019infraestructures forestals i 125,47 a l\u2019extinci\u00f3.&nbsp;<\/p>\n\n\n\n<p class=\"wp-block-paragraph\">\u201cUna inversi\u00f3 r\u00e8cord en efectius i dotaci\u00f3 per a la prevenci\u00f3, la vigil\u00e0ncia de les nostres muntanyes i l\u2019extinci\u00f3 d\u2019incendis forestals\u201d, ha precisat el cap del Consell, qui ha agra\u00eft la labor de \u201ctotes les persones que participen en el dispositiu d\u2019incendis en la Comunitat Valenciana\u201d.<\/p>\n\n\n\n<p class=\"wp-block-paragraph\">Enguany s\u2019arriba a 4.401 efectius en coordinaci\u00f3 amb diferents administracions, dels quals 2.313 estan situats en la prov\u00edncia de Val\u00e8ncia, 977 en la prov\u00edncia d\u2019Alacant, 973 en la prov\u00edncia de Castell\u00f3, a la qual cosa cal afegir m\u00e9s d\u2019un centenar de t\u00e8cnics assignats a tota la Comunitat Valenciana.<\/p>\n\n\n\n<p class=\"wp-block-paragraph\">L\u2019operatiu integra bombers forestals de la Generalitat, consorcis provincials, bombers municipals, brigades forestals, bombers voluntaris, Policia de la Generalitat, agents mediambientals, unitats de vigil\u00e0ncia preventiva i t\u00e8cnics forestals propis i de l\u2019empresa p\u00fablica Vaersa, que desenrotllen tasques de vigil\u00e0ncia, intervenci\u00f3 r\u00e0pida i coordinaci\u00f3 t\u00e8cnica.<\/p>\n\n\n\n<p class=\"wp-block-paragraph\">Durant la seua intervenci\u00f3, el cap del Consell ha real\u00e7at que \u201csom una de les comunitats aut\u00f2nomes d\u2019Espanya que m\u00e9s ha invertit en el servici de vigil\u00e0ncia preventiva i extinci\u00f3 amb un treball tant en el disseny d\u2019estrat\u00e8gies, com en observatoris i personal\u201d.<\/p>\n\n\n\n<p class=\"wp-block-paragraph\"><strong>Ampli desplegament de mitjans<\/strong><\/p>\n\n\n\n<p class=\"wp-block-paragraph\">El dispositiu estival de prevenci\u00f3 i extinci\u00f3 d\u2019incendis es compon de 20 mitjans aeris amb huit helic\u00f2pters (6 a la disposici\u00f3 de les unitats helitransportades i dos de coordinaci\u00f3), un helic\u00f2pter de vigil\u00e0ncia i dos m\u00e9s medicalitzats, aix\u00ed com 9 avions (set de c\u00e0rrega en terra i dos amfibis). A estos se sumen tres helic\u00f2pters dels consorcis d\u2019Alacant i Val\u00e8ncia (dos de rescat i un de coordinaci\u00f3), i tres avions del MITECO (dos amfibis i un de coordinaci\u00f3).&nbsp;<\/p>\n\n\n\n<p class=\"wp-block-paragraph\">Al respecte, el president ha ressaltat que \u201csom de les regions que m\u00e9s mitjans aeris disposa per al treball de prevenci\u00f3, i especialment per a l\u2019extensi\u00f3 d\u2019incendis\u201d.<\/p>\n\n\n\n<p class=\"wp-block-paragraph\">Aix\u00ed mateix, estan activades 56 unitats de bombers forestals terrestres, de les quals 45 estan dotades amb cami\u00f3 autobomba forestal d\u2019extinci\u00f3 d\u2019incendis, i totes estes unitats disposen de vehicles lleugers, aix\u00ed com una unitat de drons. A m\u00e9s, els sis servicis de Prevenci\u00f3, Extinci\u00f3 d\u2019Incendis i Salvament (SPEIS) tenen els seus propis vehicles, autobombes i drons.&nbsp;<\/p>\n\n\n\n<p class=\"wp-block-paragraph\">El dispositiu es completa amb 132 unitats m\u00f2bils de vigil\u00e0ncia preventiva; 65 observatoris forestals actius, dels quals deu mantenen vigil\u00e0ncia permanent durant les 24 hores del dia; tres Centrals Provincials de Prevenci\u00f3 d\u2019Incendis Forestals; 17 Equips de Coordinadors Forestals de Zona; una Unitat T\u00e8cnica de Prevenci\u00f3 d\u2019Incendis i 17 camions autobomba, dels quals 6 s\u00f3n nous, coordinant tot el dispositiu en temps real amb el Centre de Coordinaci\u00f3 d\u2019Emerg\u00e8ncies de la Generalitat.<\/p>\n\n\n\n<p class=\"wp-block-paragraph\"><strong>Col\u00b7laboraci\u00f3 ciutadana<\/strong><\/p>\n\n\n\n<p class=\"wp-block-paragraph\">El cap del Consell ha enaltit la campanya \u2018Stop al Foc\u2019 i ha apel\u00b7lat a la responsabilitat i a la col\u00b7laboraci\u00f3 de la societat davant el risc d\u2019incendis forestals ja que, segons ha recordat, nou de cada deu incendis forestals tenen origen hum\u00e0.<\/p>\n\n\n\n<p class=\"wp-block-paragraph\">En este sentit, ha fet una crida p\u00fablica per a extremar les precaucions, seguir totes les recomanacions i complir la normativa, com la prohibici\u00f3 de fer foc en zones forestals, al mateix temps que ha instat la poblaci\u00f3 a avisar al tel\u00e8fon d\u2019emerg\u00e8ncies 1\u00b71\u00b72 quan es detecte qualsevol columna de fum.&nbsp;<\/p>\n\n\n\n<p class=\"wp-block-paragraph\">P\u00e9rez Llorca ha recalcat \u201cla import\u00e0ncia d\u2019estes campanyes de conscienciaci\u00f3\u201d i ha apel\u00b7lat \u201cal treball de tots per a minimitzar riscos perqu\u00e8 la millor manera d\u2019extingir un incendi \u00e9s que no es produ\u00efsca\u201d.<\/p>\n\n\n\n<p class=\"wp-block-paragraph\"><strong>Solidaritat amb el poble vene\u00e7ol\u00e0<\/strong><\/p>\n\n\n\n<p class=\"wp-block-paragraph\">Finalment, el president ha reiterat la solidaritat de la Comunitat Valenciana amb el poble vene\u00e7ol\u00e0 despr\u00e9s dels terratr\u00e9mols patits en el pa\u00eds, i ha posat a la disposici\u00f3 del Govern d\u2019Espanya els mitjans de la Generalitat Valenciana per a ajudar Vene\u00e7uela.<\/p>\n\n\n\n<p class=\"wp-block-paragraph\">El cap del Consell tamb\u00e9 ha indicat la disposici\u00f3 del Govern Valenci\u00e0 per a col\u00b7laborar amb altres comunitats aut\u00f2nomes que requerisquen ajuda durant la temporada d\u2019incendis i ha agra\u00eft la solidaritat d\u2019altres regions amb la Comunitat Valenciana durant la dana.<\/p>\n\n\n\n<figure class=\"wp-block-gallery has-nested-images columns-2 is-cropped wp-block-gallery-1 is-layout-flex wp-block-gallery-is-layout-flex\">\n<figure class=\"wp-block-image size-large\"><img loading=\"lazy\" decoding=\"async\" width=\"1772\" height=\"1181\" data-id=\"306208\" src=\"https:\/\/www.tucomarca.com\/wordpress\/segunda\/wp-content\/uploads\/2026\/06\/GVA_ExtincionIncendios_03.jpeg\" alt=\"\" class=\"wp-image-306208\" srcset=\"https:\/\/tucomarca.whitekongsoftware.com\/wp-content\/uploads\/2026\/06\/GVA_ExtincionIncendios_03.jpeg 1772w, https:\/\/tucomarca.whitekongsoftware.com\/wp-content\/uploads\/2026\/06\/GVA_ExtincionIncendios_03-572x381.jpeg 572w, https:\/\/tucomarca.whitekongsoftware.com\/wp-content\/uploads\/2026\/06\/GVA_ExtincionIncendios_03-768x512.jpeg 768w, https:\/\/tucomarca.whitekongsoftware.com\/wp-content\/uploads\/2026\/06\/GVA_ExtincionIncendios_03-1536x1024.jpeg 1536w\" sizes=\"auto, (max-width: 1772px) 100vw, 1772px\" \/><\/figure>\n\n\n\n<figure class=\"wp-block-image size-large\"><img loading=\"lazy\" decoding=\"async\" width=\"1772\" height=\"1181\" data-id=\"306206\" src=\"https:\/\/www.tucomarca.com\/wordpress\/segunda\/wp-content\/uploads\/2026\/06\/GVA_ExtincionIncendios_02.jpeg\" alt=\"\" class=\"wp-image-306206\" srcset=\"https:\/\/tucomarca.whitekongsoftware.com\/wp-content\/uploads\/2026\/06\/GVA_ExtincionIncendios_02.jpeg 1772w, https:\/\/tucomarca.whitekongsoftware.com\/wp-content\/uploads\/2026\/06\/GVA_ExtincionIncendios_02-572x381.jpeg 572w, https:\/\/tucomarca.whitekongsoftware.com\/wp-content\/uploads\/2026\/06\/GVA_ExtincionIncendios_02-768x512.jpeg 768w, https:\/\/tucomarca.whitekongsoftware.com\/wp-content\/uploads\/2026\/06\/GVA_ExtincionIncendios_02-1536x1024.jpeg 1536w\" sizes=\"auto, (max-width: 1772px) 100vw, 1772px\" \/><\/figure>\n\n\n\n<figure class=\"wp-block-image size-large\"><img loading=\"lazy\" decoding=\"async\" width=\"1772\" height=\"1181\" data-id=\"306204\" src=\"https:\/\/www.tucomarca.com\/wordpress\/segunda\/wp-content\/uploads\/2026\/06\/GVA_ExtincionIncendios_01.jpeg\" alt=\"\" class=\"wp-image-306204\" srcset=\"https:\/\/tucomarca.whitekongsoftware.com\/wp-content\/uploads\/2026\/06\/GVA_ExtincionIncendios_01.jpeg 1772w, https:\/\/tucomarca.whitekongsoftware.com\/wp-content\/uploads\/2026\/06\/GVA_ExtincionIncendios_01-572x381.jpeg 572w, https:\/\/tucomarca.whitekongsoftware.com\/wp-content\/uploads\/2026\/06\/GVA_ExtincionIncendios_01-768x512.jpeg 768w, https:\/\/tucomarca.whitekongsoftware.com\/wp-content\/uploads\/2026\/06\/GVA_ExtincionIncendios_01-1536x1024.jpeg 1536w\" sizes=\"auto, (max-width: 1772px) 100vw, 1772px\" \/><\/figure>\n<\/figure>\n\n\n\n<p class=\"wp-block-paragraph\"><\/p>\n","protected":false},"excerpt":{"rendered":"<div class=\"mh-excerpt\">El president de la Generalitat assistix a la presentaci\u00f3 del dispositiu estival de prevenci\u00f3 i extinci\u00f3 d\u2019incendis que disposa de mitjans aeris i terrestres desplegats per tota la Comunitat Valenciana. Assenyala la import\u00e0ncia de les <a class=\"mh-excerpt-more\" href=\"https:\/\/tucomarca.whitekongsoftware.com\/ca\/perez-llorca-disposem-del-major-operatiu-de-prevencio-i-extincio-dincendis-forestals-de-la-historia-amb-4-400-professionals\/\" title=\"P\u00e9rez Llorca: \u201cDisposem del major operatiu de prevenci\u00f3 i extinci\u00f3 d\u2019incendis forestals de la hist\u00f2ria amb 4.400 professionals\u201d\">[+] <\/a><\/div>\n","protected":false},"author":13,"featured_media":306211,"comment_status":"closed","ping_status":"open","sticky":false,"template":"","format":"gallery","meta":{"footnotes":""},"categories":[10898,10948,10894,10904,10903,10947,10896,10897],"tags":[11498,15325,11199,12166,22781],"class_list":["post-306214","post","type-post","status-publish","format-gallery","has-post-thumbnail","category-ventana-ca","category-infraestructuras-ca","category-la-comarca-ca","category-sin-categorizar-ca","category-medio-ambiente-la-comarca-ca","category-politica","category-seccion-ca","category-sucesos-la-comarca-ca","tag-generalitat-valenciana-ca","tag-gva-ca","tag-la-comunitat-ca","tag-medio-ambiente-ca","tag-stop-al-foc-ca","post_format-post-format-gallery"],"_links":{"self":[{"href":"https:\/\/tucomarca.whitekongsoftware.com\/ca\/wp-json\/wp\/v2\/posts\/306214","targetHints":{"allow":["GET"]}}],"collection":[{"href":"https:\/\/tucomarca.whitekongsoftware.com\/ca\/wp-json\/wp\/v2\/posts"}],"about":[{"href":"https:\/\/tucomarca.whitekongsoftware.com\/ca\/wp-json\/wp\/v2\/types\/post"}],"author":[{"embeddable":true,"href":"https:\/\/tucomarca.whitekongsoftware.com\/ca\/wp-json\/wp\/v2\/users\/13"}],"replies":[{"embeddable":true,"href":"https:\/\/tucomarca.whitekongsoftware.com\/ca\/wp-json\/wp\/v2\/comments?post=306214"}],"version-history":[{"count":3,"href":"https:\/\/tucomarca.whitekongsoftware.com\/ca\/wp-json\/wp\/v2\/posts\/306214\/revisions"}],"predecessor-version":[{"id":306259,"href":"https:\/\/tucomarca.whitekongsoftware.com\/ca\/wp-json\/wp\/v2\/posts\/306214\/revisions\/306259"}],"wp:featuredmedia":[{"embeddable":true,"href":"https:\/\/tucomarca.whitekongsoftware.com\/ca\/wp-json\/wp\/v2\/media\/306211"}],"wp:attachment":[{"href":"https:\/\/tucomarca.whitekongsoftware.com\/ca\/wp-json\/wp\/v2\/media?parent=306214"}],"wp:term":[{"taxonomy":"category","embeddable":true,"href":"https:\/\/tucomarca.whitekongsoftware.com\/ca\/wp-json\/wp\/v2\/categories?post=306214"},{"taxonomy":"post_tag","embeddable":true,"href":"https:\/\/tucomarca.whitekongsoftware.com\/ca\/wp-json\/wp\/v2\/tags?post=306214"}],"curies":[{"name":"wp","href":"https:\/\/api.w.org\/{rel}","templated":true}]}}