{"id":306202,"date":"2026-06-25T08:45:00","date_gmt":"2026-06-25T06:45:00","guid":{"rendered":"https:\/\/www.tucomarca.com\/wordpress\/segunda\/?p=306202"},"modified":"2026-06-25T18:09:18","modified_gmt":"2026-06-25T16:09:18","slug":"cinema-jove-projecta-chronovisor-en-la-filmoteca-valenciana","status":"publish","type":"post","link":"https:\/\/tucomarca.whitekongsoftware.com\/ca\/cinema-jove-projecta-chronovisor-en-la-filmoteca-valenciana\/","title":{"rendered":"Cinema Jove projecta \u2018Chronovisor\u2019 en la Filmoteca Valenciana"},"content":{"rendered":"\n<h3 class=\"wp-block-heading\">La pel\u00b7l\u00edcula pot veure&#8217;s el 26 de juny, a les 22.00 hores.<\/h3>\n\n\n\n<h3 class=\"wp-block-heading\">La Trobada Audiovisual de Joves inicia la mentoritzaci\u00f3 de 13 creadors d&#8217;entre 16 i 25 anys en l&#8217;Edifici Rialto.<\/h3>\n\n\n\n<p class=\"wp-block-paragraph\">Cinema Jove, el festival internacional de cinema de la Comunitat Valenciana organitzat per la Conselleria d&#8217;Educaci\u00f3, Cultura i Universitats i impulsat pel Institut Valenci\u00e0 de Cultura (IVC), projecta la pel\u00b7l\u00edcula \u2018Chronovisor\u2019, dels directors estatunidencs Jack Auen i Kevin Walker, basada en la investigaci\u00f3 d&#8217;un dispositiu capa\u00e7 de fotografiar el passat.<\/p>\n\n\n\n<p class=\"wp-block-paragraph\">El llargmetratge, que pot veure&#8217;s el 26 de juny en la Filmoteca Valenciana, a les 22.00 hores, presenta una posada en escena minimalista, rodada en 16 mil\u00b7l\u00edmetres, amb una narrativa que gira entorn de l&#8217;obsessi\u00f3 intel\u00b7lectual del seu protagonista.<\/p>\n\n\n\n<p class=\"wp-block-paragraph\">L&#8217;argument s&#8217;articula a partir del misteri entorn de l&#8217;invent atribu\u00eft al monjo itali\u00e0 Pellegrino Ernetti en 1972. Els seus autors van rastrejar internet durant mesos fins a compilar el que consideren l&#8217;arxiu privat m\u00e9s complet del m\u00f3n sobre aquest mite.<\/p>\n\n\n\n<p class=\"wp-block-paragraph\"><strong>Trobada Audiovisual de Joves<\/strong><\/p>\n\n\n\n<p class=\"wp-block-paragraph\">La Trobada Audiovisual de Joves (EAJ), secci\u00f3 fundacional dedicada al talent emergent, celebra una jornada de mentoritzaci\u00f3 a la Sala 7 de l&#8217;Edifici Rialto que comptar\u00e0 amb la participaci\u00f3 dels directors de 13 curtmetratges seleccionats, procedents de Can\u00e0ries, Catalunya, Cant\u00e0bria, Gal\u00edcia i la Comunitat Valenciana.<\/p>\n\n\n\n<p class=\"wp-block-paragraph\">En aquesta edici\u00f3, els projectes s&#8217;agrupen en una \u00fanica categoria dirigida a creadors d&#8217;entre 16 i 25 anys. L&#8217;activitat inclou sessions de tutoria i an\u00e0lisi t\u00e8cnica condu\u00efdes pel director, guionista i docent Gabi Ochoa i la directora i guionista Bego\u00f1a Soler.<\/p>\n\n\n\n<p class=\"wp-block-paragraph\"><strong>Programaci\u00f3 paral\u00b7lela<\/strong><\/p>\n\n\n\n<p class=\"wp-block-paragraph\">El cicle \u2018La jove Greta Gerwig\u2019, programat en el Centre del Carme Cultura Contempor\u00e0nia (CCCC), conclou amb la projecci\u00f3 sorpresa d&#8217;una pel\u00b7l\u00edcula triada per una espectadora ass\u00eddua al festival, Carolina Serra.<\/p>\n\n\n\n<p class=\"wp-block-paragraph\">L&#8217;obra seleccionada guardar\u00e0 coher\u00e8ncia conceptual i est\u00e8tica amb la filmografia d&#8217;una cineasta que, per la seua evoluci\u00f3 del cinema independent al lideratge de grans produccions, s&#8217;ha convertit en un referent per a les noves generacions.<\/p>\n\n\n\n<p class=\"wp-block-paragraph\">En l&#8217;apartat d&#8217;ind\u00fastria es presenta l&#8217;estudi \u2018El curtmetratge espanyol en 50 dades\u2019, promogut per la Coordinadora del Curtmetratge Espanyol amb el suport institucional de l&#8217;Institut de la Cinematografia i de les Arts Audiovisuals (ICAA), l&#8217;entitat Drets d&#8217;Autor de Mitjans Audiovisuals (DAMA) i l&#8217;Entitat de Gesti\u00f3 de Drets dels Productors Audiovisuals (EGEDA). L&#8217;informe arreplega una an\u00e0lisi quantitativa i qualitativa del sector, que donar\u00e0 peu a la reflexi\u00f3 i el debat sectorial dels i les assistents a l&#8217;acte, que tindr\u00e0 lloc en la Fnac, a les 12.00 hores.<\/p>\n\n\n\n<p class=\"wp-block-paragraph\">Precisament la Fnac acollir\u00e0, a les 18.00 hores, la gravaci\u00f3 en directe d&#8217;un episodi del p\u00f2dcast \u2018Tallen! Descodificant la ficci\u00f3\u2019, promogut per l&#8217;Observatori de la Diversitat en els Mitjans Audiovisuals (ODA).<\/p>\n\n\n\n<p class=\"wp-block-paragraph\">La sessi\u00f3 estar\u00e0 condu\u00efda per Jorge Gonzalo (ODA) i Jes\u00fas Blanqui\u00f1o (Podium P\u00f2dcast), que analitzaran al costat de les actrius Patty Bonet i Celia Mor\u00e1n els desafiaments entorn de la representaci\u00f3 dels cossos no normatius dins de les narratives audiovisuals de la ficci\u00f3 contempor\u00e0nia.<\/p>\n","protected":false},"excerpt":{"rendered":"<div class=\"mh-excerpt\">La pel\u00b7l\u00edcula pot veure&#8217;s el 26 de juny, a les 22.00 hores. La Trobada Audiovisual de Joves inicia la mentoritzaci\u00f3 de 13 creadors d&#8217;entre 16 i 25 anys en l&#8217;Edifici Rialto. Cinema Jove, el festival <a class=\"mh-excerpt-more\" href=\"https:\/\/tucomarca.whitekongsoftware.com\/ca\/cinema-jove-projecta-chronovisor-en-la-filmoteca-valenciana\/\" title=\"Cinema Jove projecta \u2018Chronovisor\u2019 en la Filmoteca Valenciana\">[+] <\/a><\/div>\n","protected":false},"author":12,"featured_media":306200,"comment_status":"closed","ping_status":"open","sticky":false,"template":"","format":"standard","meta":{"footnotes":""},"categories":[11019,10894,10904,11007,10896],"tags":[22446,13274,17761],"class_list":["post-306202","post","type-post","status-publish","format-standard","has-post-thumbnail","category-agenda-ca","category-la-comarca-ca","category-sin-categorizar-ca","category-ocio-y-cultura-ca","category-seccion-ca","tag-cinema-jove-ca","tag-institut-valencia-de-cultura-ca","tag-ivc-ca"],"_links":{"self":[{"href":"https:\/\/tucomarca.whitekongsoftware.com\/ca\/wp-json\/wp\/v2\/posts\/306202","targetHints":{"allow":["GET"]}}],"collection":[{"href":"https:\/\/tucomarca.whitekongsoftware.com\/ca\/wp-json\/wp\/v2\/posts"}],"about":[{"href":"https:\/\/tucomarca.whitekongsoftware.com\/ca\/wp-json\/wp\/v2\/types\/post"}],"author":[{"embeddable":true,"href":"https:\/\/tucomarca.whitekongsoftware.com\/ca\/wp-json\/wp\/v2\/users\/12"}],"replies":[{"embeddable":true,"href":"https:\/\/tucomarca.whitekongsoftware.com\/ca\/wp-json\/wp\/v2\/comments?post=306202"}],"version-history":[{"count":3,"href":"https:\/\/tucomarca.whitekongsoftware.com\/ca\/wp-json\/wp\/v2\/posts\/306202\/revisions"}],"predecessor-version":[{"id":306217,"href":"https:\/\/tucomarca.whitekongsoftware.com\/ca\/wp-json\/wp\/v2\/posts\/306202\/revisions\/306217"}],"wp:featuredmedia":[{"embeddable":true,"href":"https:\/\/tucomarca.whitekongsoftware.com\/ca\/wp-json\/wp\/v2\/media\/306200"}],"wp:attachment":[{"href":"https:\/\/tucomarca.whitekongsoftware.com\/ca\/wp-json\/wp\/v2\/media?parent=306202"}],"wp:term":[{"taxonomy":"category","embeddable":true,"href":"https:\/\/tucomarca.whitekongsoftware.com\/ca\/wp-json\/wp\/v2\/categories?post=306202"},{"taxonomy":"post_tag","embeddable":true,"href":"https:\/\/tucomarca.whitekongsoftware.com\/ca\/wp-json\/wp\/v2\/tags?post=306202"}],"curies":[{"name":"wp","href":"https:\/\/api.w.org\/{rel}","templated":true}]}}