{"id":306194,"date":"2026-06-25T11:00:00","date_gmt":"2026-06-25T09:00:00","guid":{"rendered":"https:\/\/www.tucomarca.com\/wordpress\/segunda\/?p=306194"},"modified":"2026-06-25T18:15:38","modified_gmt":"2026-06-25T16:15:38","slug":"ava-asaja-denuncia-que-els-voltors-maten-a-valencia-una-ovella-i-un-xaiet-despres-del-part","status":"publish","type":"post","link":"https:\/\/tucomarca.whitekongsoftware.com\/ca\/ava-asaja-denuncia-que-els-voltors-maten-a-valencia-una-ovella-i-un-xaiet-despres-del-part\/","title":{"rendered":"AVA-Asaja den\u00fancia que els voltors maten a Val\u00e8ncia una ovella i un xaiet despr\u00e9s del part"},"content":{"rendered":"\n<h3 class=\"wp-block-heading\">L&#8217;associaci\u00f3 reclama un sistema d&#8217;indemnitzacions amb menys burocr\u00e0cia i quanties que cobrisquen les p\u00e8rdues reals que els ramaders pateixen en les seues explotacions.<\/h3>\n\n\n\n<p class=\"wp-block-paragraph\">L&#8217;Associaci\u00f3 Valenciana d&#8217;Agricultors (AVA-Asaja) den\u00fancia una escalada dels atacs de voltors a bestiar viu, sobretot en un moment d&#8217;especial vulnerabilitat com \u00e9s l&#8217;\u00e8poca de parts, que aguaita la viabilitat de les explotacions ramaderes. L&#8217;\u00faltim atac va succeir en una granja d&#8217;Aras de los Olmos, a la comarca valenciana dels Serrans, on els voltors van matar una ovella que acaba de donar a llum i, posteriorment, quan el pastor va anar a vigilar un altre ramat, tamb\u00e9 es van menjar el corder nounat.<\/p>\n\n\n\n<p class=\"wp-block-paragraph\">El ramader afectat, \u00d3scar Morales, que \u00e9s associat de AVA-Asaja, va afirmar que \u201cels voltors devoren les ovelles en tot just tres minuts i al dep\u00f2sit d&#8217;animals morts nom\u00e9s podem portar els ossos. No \u00e9s el primer atac que patisc. Fa un any ja van matar a 12 corders. Quan va vindre el t\u00e8cnic de la Conselleria de Medi Ambient a peritar, els voltors nom\u00e9s havien deixat tres cad\u00e0vers perqu\u00e8 els altres se&#8217;ls havien menjats per complet, i dels tres nom\u00e9s va certificar que els voltors havien matat un. Per a demanar la indemnitzaci\u00f3 tamb\u00e9 va resultar un proc\u00e9s farrag\u00f3s, amb molts tr\u00e0mits burocr\u00e0tics, i la quantia establida no va contemplar altres p\u00e8rdues indirectes com l&#8217;estr\u00e9s, els avortaments, els danys per aixafament de les ovelles o les despeses de la retirada de cad\u00e0vers, que el ramader no t\u00e9 per qu\u00e8 assumir. En data de hui, un any despr\u00e9s, encara no he cobrat\u201d.<\/p>\n\n\n\n<p class=\"wp-block-paragraph\">Per aix\u00f2, AVA-Asaja reclama un sistema d&#8217;indemnitzacions per danys de voltors i altres animals de fauna silvestre que supose per als ramaders menys burocr\u00e0cia; que, davant el dubte sobre la xifra d&#8217;animals morts, els perits es posen a favor del ramader i no en contra seua; que agilitze els pagaments, que en casos de morts de vaques a Castell\u00f3 els retards arriben a l&#8217;any i mig; i que establisca quanties econ\u00f2miques m\u00e9s concordes a les p\u00e8rdues reals, directes i indirectes, que els ramaders acaben patint en les seues explotacions.<\/p>\n\n\n\n<p class=\"wp-block-paragraph\"><strong>Problema social<\/strong><\/p>\n\n\n\n<p class=\"wp-block-paragraph\">El president de AVA-Asaja, Crist\u00f3bal Aguado, va assegurar que \u201caquest \u00faltim exemple demostra que la fauna silvestre es radicalitza i ja \u00e9s habitual que atac a animals vius, especialment als m\u00e9s vulnerables. Aix\u00f2 no \u00e9s un problema sol de la ramaderia o de l&#8217;agricultura, \u00e9s de tots. Molta cura, per exemple, amb les mascotes i els xiquets que passegen pel camp, no tinguem cap esglai. Els voltors sempre estan a l&#8217;aguait, esperant la seua oportunitat per a atacar. L&#8217;exc\u00e9s de voltors, aix\u00ed com aquestes altes temperatures -que provoquen escassetat d&#8217;aliment en les muntanyes- fa que hagen d&#8217;ampliar el seu radi d&#8217;acci\u00f3 en la naturalesa\u201d.<\/p>\n\n\n\n<p class=\"wp-block-paragraph\">Al respecte, AVA-Asaja reitera a les administracions la posada en marxa de mesures per a previndre els atacs de voltors. Reclama, en primer lloc, un cens actualitzat de la poblaci\u00f3 de voltors en la Comunitat Valenciana i a les regions confrontants des d&#8217;on pot procedir, a fi d&#8217;avaluar les mesures de protecci\u00f3, dissuasi\u00f3 o aquelles que els experts consideren necess\u00e0ries. Aix\u00ed mateix, demana mesures preventives en els abeuradors i basses de les explotacions ramaderes per a evitar que els voltors contaminen les aig\u00fces que requereix el bestiar en el seu dia a dia, aix\u00ed com millores en la gesti\u00f3 dels muladares on les aus carronyeres puguen trobar suficient aliment amb les m\u00e0ximes garanties sanit\u00e0ries i, d&#8217;eixa forma, no hagen de buscar m\u00e9s menjar fora de la muntanya.<\/p>\n\n\n\n<p class=\"wp-block-paragraph\">\u201cA tothom li agrada veure voltors volant pel nostre cel, per\u00f2 no hem de continuar permetent que siguen els ramaders els qui assumisquen tot eixe cost amb el pa dels seus fills. Ja estem desesperats\u201d, va lamentar Morales.<\/p>\n","protected":false},"excerpt":{"rendered":"<div class=\"mh-excerpt\">L&#8217;associaci\u00f3 reclama un sistema d&#8217;indemnitzacions amb menys burocr\u00e0cia i quanties que cobrisquen les p\u00e8rdues reals que els ramaders pateixen en les seues explotacions. L&#8217;Associaci\u00f3 Valenciana d&#8217;Agricultors (AVA-Asaja) den\u00fancia una escalada dels atacs de voltors a <a class=\"mh-excerpt-more\" href=\"https:\/\/tucomarca.whitekongsoftware.com\/ca\/ava-asaja-denuncia-que-els-voltors-maten-a-valencia-una-ovella-i-un-xaiet-despres-del-part\/\" title=\"AVA-Asaja den\u00fancia que els voltors maten a Val\u00e8ncia una ovella i un xaiet despr\u00e9s del part\">[+] <\/a><\/div>\n","protected":false},"author":12,"featured_media":306193,"comment_status":"closed","ping_status":"open","sticky":false,"template":"","format":"standard","meta":{"footnotes":""},"categories":[10905,11042,11046,10898,10948,10894,10904,10903,10896,10897],"tags":[11924,22820,11080],"class_list":["post-306194","post","type-post","status-publish","format-standard","has-post-thumbnail","category-agricultura-la-comarca-ca","category-aras-de-olmos-ca","category-los-serranos-ca","category-ventana-ca","category-infraestructuras-ca","category-la-comarca-ca","category-sin-categorizar-ca","category-medio-ambiente-la-comarca-ca","category-seccion-ca","category-sucesos-la-comarca-ca","tag-ava-asaja-ca","tag-buitres-ca","tag-los-serranos-ca"],"_links":{"self":[{"href":"https:\/\/tucomarca.whitekongsoftware.com\/ca\/wp-json\/wp\/v2\/posts\/306194","targetHints":{"allow":["GET"]}}],"collection":[{"href":"https:\/\/tucomarca.whitekongsoftware.com\/ca\/wp-json\/wp\/v2\/posts"}],"about":[{"href":"https:\/\/tucomarca.whitekongsoftware.com\/ca\/wp-json\/wp\/v2\/types\/post"}],"author":[{"embeddable":true,"href":"https:\/\/tucomarca.whitekongsoftware.com\/ca\/wp-json\/wp\/v2\/users\/12"}],"replies":[{"embeddable":true,"href":"https:\/\/tucomarca.whitekongsoftware.com\/ca\/wp-json\/wp\/v2\/comments?post=306194"}],"version-history":[{"count":2,"href":"https:\/\/tucomarca.whitekongsoftware.com\/ca\/wp-json\/wp\/v2\/posts\/306194\/revisions"}],"predecessor-version":[{"id":306226,"href":"https:\/\/tucomarca.whitekongsoftware.com\/ca\/wp-json\/wp\/v2\/posts\/306194\/revisions\/306226"}],"wp:featuredmedia":[{"embeddable":true,"href":"https:\/\/tucomarca.whitekongsoftware.com\/ca\/wp-json\/wp\/v2\/media\/306193"}],"wp:attachment":[{"href":"https:\/\/tucomarca.whitekongsoftware.com\/ca\/wp-json\/wp\/v2\/media?parent=306194"}],"wp:term":[{"taxonomy":"category","embeddable":true,"href":"https:\/\/tucomarca.whitekongsoftware.com\/ca\/wp-json\/wp\/v2\/categories?post=306194"},{"taxonomy":"post_tag","embeddable":true,"href":"https:\/\/tucomarca.whitekongsoftware.com\/ca\/wp-json\/wp\/v2\/tags?post=306194"}],"curies":[{"name":"wp","href":"https:\/\/api.w.org\/{rel}","templated":true}]}}