{"id":306168,"date":"2026-06-25T11:30:00","date_gmt":"2026-06-25T09:30:00","guid":{"rendered":"https:\/\/www.tucomarca.com\/wordpress\/segunda\/?p=306168"},"modified":"2026-06-25T18:37:32","modified_gmt":"2026-06-25T16:37:32","slug":"fotogaleria-julia-alis-es-presenta-com-a-reina-de-la-fira-i-festes-de-bunyol-en-una-multitudinaria-nit-de-sant-joan","status":"publish","type":"post","link":"https:\/\/tucomarca.whitekongsoftware.com\/ca\/fotogaleria-julia-alis-es-presenta-com-a-reina-de-la-fira-i-festes-de-bunyol-en-una-multitudinaria-nit-de-sant-joan\/","title":{"rendered":"Fotogaler\u00eda: J\u00falia Al\u00eds es presenta com a Reina de la Fira i Festes de Bunyol en una multitudin\u00e0ria Nit de Sant Joan"},"content":{"rendered":"\n<p class=\"wp-block-paragraph\">J\u00falia Al\u00eds va donar aquest dimarts el primer pas del seu regnat en presentar-se oficialment com a Reina de la Fira i Festes de Bunyol en un acte celebrat al Parc de Borrunes, que va registrar una gran aflu\u00e8ncia de p\u00fablic amb motiu de la tradicional Nit de Sant Joan.<\/p>\n\n\n\n<p class=\"wp-block-paragraph\">Acompanyada per la seua cort d&#8217;honor i abrigallada per familiars, amics i nombrosos ve\u00efns, la nova representant festiva va rebre el testimoni de Carmen Al\u00eds Marzal en una emotiva cerim\u00f2nia carregada de simbolisme i il\u00b7lusi\u00f3.<\/p>\n\n\n\n<p class=\"wp-block-paragraph\">La vetlada, marcada per l&#8217;ambient festiu i la participaci\u00f3 ciutadana, va servir per a donar la benvinguda a J\u00falia Al\u00eds com a m\u00e0xima representant de les festes de Bunyol, iniciant aix\u00ed un cam\u00ed que culminar\u00e0 amb la seua presentaci\u00f3 oficial davant el municipi el mes vinent d&#8217;agost.<\/p>\n\n\n\n<figure class=\"wp-block-gallery has-nested-images columns-1 is-cropped wp-block-gallery-1 is-layout-flex wp-block-gallery-is-layout-flex\">\n<figure class=\"wp-block-image size-large\"><img loading=\"lazy\" decoding=\"async\" width=\"945\" height=\"628\" data-id=\"306228\" src=\"https:\/\/www.tucomarca.com\/wordpress\/segunda\/wp-content\/uploads\/2026\/06\/BunolSanJuan26_01-1.jpg\" alt=\"\" class=\"wp-image-306228\" srcset=\"https:\/\/tucomarca.whitekongsoftware.com\/wp-content\/uploads\/2026\/06\/BunolSanJuan26_01-1.jpg 945w, https:\/\/tucomarca.whitekongsoftware.com\/wp-content\/uploads\/2026\/06\/BunolSanJuan26_01-1-573x381.jpg 573w, https:\/\/tucomarca.whitekongsoftware.com\/wp-content\/uploads\/2026\/06\/BunolSanJuan26_01-1-768x510.jpg 768w\" sizes=\"auto, (max-width: 945px) 100vw, 945px\" \/><\/figure>\n\n\n\n<figure class=\"wp-block-image size-large\"><img loading=\"lazy\" decoding=\"async\" width=\"945\" height=\"628\" data-id=\"306230\" src=\"https:\/\/www.tucomarca.com\/wordpress\/segunda\/wp-content\/uploads\/2026\/06\/BunolSanJuan26_03-1.jpg\" alt=\"\" class=\"wp-image-306230\" srcset=\"https:\/\/tucomarca.whitekongsoftware.com\/wp-content\/uploads\/2026\/06\/BunolSanJuan26_03-1.jpg 945w, https:\/\/tucomarca.whitekongsoftware.com\/wp-content\/uploads\/2026\/06\/BunolSanJuan26_03-1-573x381.jpg 573w, https:\/\/tucomarca.whitekongsoftware.com\/wp-content\/uploads\/2026\/06\/BunolSanJuan26_03-1-768x510.jpg 768w\" sizes=\"auto, (max-width: 945px) 100vw, 945px\" \/><\/figure>\n\n\n\n<figure class=\"wp-block-image size-large\"><img loading=\"lazy\" decoding=\"async\" width=\"945\" height=\"550\" data-id=\"306173\" src=\"https:\/\/www.tucomarca.com\/wordpress\/segunda\/wp-content\/uploads\/2026\/06\/BunolSanJuan26_05-1.jpg\" alt=\"\" class=\"wp-image-306173\" srcset=\"https:\/\/tucomarca.whitekongsoftware.com\/wp-content\/uploads\/2026\/06\/BunolSanJuan26_05-1.jpg 945w, https:\/\/tucomarca.whitekongsoftware.com\/wp-content\/uploads\/2026\/06\/BunolSanJuan26_05-1-655x381.jpg 655w, https:\/\/tucomarca.whitekongsoftware.com\/wp-content\/uploads\/2026\/06\/BunolSanJuan26_05-1-768x447.jpg 768w\" sizes=\"auto, (max-width: 945px) 100vw, 945px\" \/><\/figure>\n\n\n\n<figure class=\"wp-block-image size-large\"><img loading=\"lazy\" decoding=\"async\" width=\"945\" height=\"638\" data-id=\"306232\" src=\"https:\/\/www.tucomarca.com\/wordpress\/segunda\/wp-content\/uploads\/2026\/06\/BunolSanJuan26_06-1.jpg\" alt=\"\" class=\"wp-image-306232\" srcset=\"https:\/\/tucomarca.whitekongsoftware.com\/wp-content\/uploads\/2026\/06\/BunolSanJuan26_06-1.jpg 945w, https:\/\/tucomarca.whitekongsoftware.com\/wp-content\/uploads\/2026\/06\/BunolSanJuan26_06-1-564x381.jpg 564w, https:\/\/tucomarca.whitekongsoftware.com\/wp-content\/uploads\/2026\/06\/BunolSanJuan26_06-1-768x519.jpg 768w\" sizes=\"auto, (max-width: 945px) 100vw, 945px\" \/><\/figure>\n\n\n\n<figure class=\"wp-block-image size-large\"><img loading=\"lazy\" decoding=\"async\" width=\"945\" height=\"638\" data-id=\"306234\" src=\"https:\/\/www.tucomarca.com\/wordpress\/segunda\/wp-content\/uploads\/2026\/06\/BunolSanJuan26_07-1.jpg\" alt=\"\" class=\"wp-image-306234\" srcset=\"https:\/\/tucomarca.whitekongsoftware.com\/wp-content\/uploads\/2026\/06\/BunolSanJuan26_07-1.jpg 945w, https:\/\/tucomarca.whitekongsoftware.com\/wp-content\/uploads\/2026\/06\/BunolSanJuan26_07-1-564x381.jpg 564w, https:\/\/tucomarca.whitekongsoftware.com\/wp-content\/uploads\/2026\/06\/BunolSanJuan26_07-1-768x519.jpg 768w\" sizes=\"auto, (max-width: 945px) 100vw, 945px\" \/><\/figure>\n\n\n\n<figure class=\"wp-block-image size-large\"><img loading=\"lazy\" decoding=\"async\" width=\"945\" height=\"638\" data-id=\"306236\" src=\"https:\/\/www.tucomarca.com\/wordpress\/segunda\/wp-content\/uploads\/2026\/06\/BunolSanJuan26_08-1.jpg\" alt=\"\" class=\"wp-image-306236\" srcset=\"https:\/\/tucomarca.whitekongsoftware.com\/wp-content\/uploads\/2026\/06\/BunolSanJuan26_08-1.jpg 945w, https:\/\/tucomarca.whitekongsoftware.com\/wp-content\/uploads\/2026\/06\/BunolSanJuan26_08-1-564x381.jpg 564w, https:\/\/tucomarca.whitekongsoftware.com\/wp-content\/uploads\/2026\/06\/BunolSanJuan26_08-1-768x519.jpg 768w\" sizes=\"auto, (max-width: 945px) 100vw, 945px\" \/><\/figure>\n\n\n\n<figure class=\"wp-block-image size-large\"><img loading=\"lazy\" decoding=\"async\" width=\"945\" height=\"638\" data-id=\"306238\" src=\"https:\/\/www.tucomarca.com\/wordpress\/segunda\/wp-content\/uploads\/2026\/06\/BunolSanJuan26_09-1.jpg\" alt=\"\" class=\"wp-image-306238\" srcset=\"https:\/\/tucomarca.whitekongsoftware.com\/wp-content\/uploads\/2026\/06\/BunolSanJuan26_09-1.jpg 945w, https:\/\/tucomarca.whitekongsoftware.com\/wp-content\/uploads\/2026\/06\/BunolSanJuan26_09-1-564x381.jpg 564w, https:\/\/tucomarca.whitekongsoftware.com\/wp-content\/uploads\/2026\/06\/BunolSanJuan26_09-1-768x519.jpg 768w\" sizes=\"auto, (max-width: 945px) 100vw, 945px\" \/><\/figure>\n\n\n\n<figure class=\"wp-block-image size-large\"><img loading=\"lazy\" decoding=\"async\" width=\"945\" height=\"638\" data-id=\"306240\" src=\"https:\/\/www.tucomarca.com\/wordpress\/segunda\/wp-content\/uploads\/2026\/06\/BunolSanJuan26_10-1.jpg\" alt=\"\" class=\"wp-image-306240\" srcset=\"https:\/\/tucomarca.whitekongsoftware.com\/wp-content\/uploads\/2026\/06\/BunolSanJuan26_10-1.jpg 945w, https:\/\/tucomarca.whitekongsoftware.com\/wp-content\/uploads\/2026\/06\/BunolSanJuan26_10-1-564x381.jpg 564w, https:\/\/tucomarca.whitekongsoftware.com\/wp-content\/uploads\/2026\/06\/BunolSanJuan26_10-1-768x519.jpg 768w\" sizes=\"auto, (max-width: 945px) 100vw, 945px\" \/><\/figure>\n\n\n\n<figure class=\"wp-block-image size-large\"><img loading=\"lazy\" decoding=\"async\" width=\"945\" height=\"638\" data-id=\"306243\" src=\"https:\/\/www.tucomarca.com\/wordpress\/segunda\/wp-content\/uploads\/2026\/06\/BunolSanJuan26_11-1.jpg\" alt=\"\" class=\"wp-image-306243\" srcset=\"https:\/\/tucomarca.whitekongsoftware.com\/wp-content\/uploads\/2026\/06\/BunolSanJuan26_11-1.jpg 945w, https:\/\/tucomarca.whitekongsoftware.com\/wp-content\/uploads\/2026\/06\/BunolSanJuan26_11-1-564x381.jpg 564w, https:\/\/tucomarca.whitekongsoftware.com\/wp-content\/uploads\/2026\/06\/BunolSanJuan26_11-1-768x519.jpg 768w\" sizes=\"auto, (max-width: 945px) 100vw, 945px\" \/><\/figure>\n\n\n\n<figure class=\"wp-block-image size-large\"><img loading=\"lazy\" decoding=\"async\" width=\"945\" height=\"628\" data-id=\"306253\" src=\"https:\/\/www.tucomarca.com\/wordpress\/segunda\/wp-content\/uploads\/2026\/06\/BunolSanJuan26_19-1.jpg\" alt=\"\" class=\"wp-image-306253\" srcset=\"https:\/\/tucomarca.whitekongsoftware.com\/wp-content\/uploads\/2026\/06\/BunolSanJuan26_19-1.jpg 945w, https:\/\/tucomarca.whitekongsoftware.com\/wp-content\/uploads\/2026\/06\/BunolSanJuan26_19-1-573x381.jpg 573w, https:\/\/tucomarca.whitekongsoftware.com\/wp-content\/uploads\/2026\/06\/BunolSanJuan26_19-1-768x510.jpg 768w\" sizes=\"auto, (max-width: 945px) 100vw, 945px\" \/><\/figure>\n\n\n\n<figure class=\"wp-block-image size-large\"><img loading=\"lazy\" decoding=\"async\" width=\"945\" height=\"638\" data-id=\"306247\" src=\"https:\/\/www.tucomarca.com\/wordpress\/segunda\/wp-content\/uploads\/2026\/06\/BunolSanJuan26_14-1.jpg\" alt=\"\" class=\"wp-image-306247\" srcset=\"https:\/\/tucomarca.whitekongsoftware.com\/wp-content\/uploads\/2026\/06\/BunolSanJuan26_14-1.jpg 945w, https:\/\/tucomarca.whitekongsoftware.com\/wp-content\/uploads\/2026\/06\/BunolSanJuan26_14-1-564x381.jpg 564w, https:\/\/tucomarca.whitekongsoftware.com\/wp-content\/uploads\/2026\/06\/BunolSanJuan26_14-1-768x519.jpg 768w\" sizes=\"auto, (max-width: 945px) 100vw, 945px\" \/><\/figure>\n\n\n\n<figure class=\"wp-block-image size-thumbnail\"><img loading=\"lazy\" decoding=\"async\" width=\"326\" height=\"245\" data-id=\"306249\" src=\"https:\/\/www.tucomarca.com\/wordpress\/segunda\/wp-content\/uploads\/2026\/06\/BunolSanJuan26_16-1-326x245.jpg\" alt=\"\" class=\"wp-image-306249\" srcset=\"https:\/\/tucomarca.whitekongsoftware.com\/wp-content\/uploads\/2026\/06\/BunolSanJuan26_16-1-326x245.jpg 326w, https:\/\/tucomarca.whitekongsoftware.com\/wp-content\/uploads\/2026\/06\/BunolSanJuan26_16-1-678x509.jpg 678w, https:\/\/tucomarca.whitekongsoftware.com\/wp-content\/uploads\/2026\/06\/BunolSanJuan26_16-1-80x60.jpg 80w\" sizes=\"auto, (max-width: 326px) 100vw, 326px\" \/><\/figure>\n\n\n\n<figure class=\"wp-block-image size-large\"><img loading=\"lazy\" decoding=\"async\" width=\"945\" height=\"628\" data-id=\"306251\" src=\"https:\/\/www.tucomarca.com\/wordpress\/segunda\/wp-content\/uploads\/2026\/06\/BunolSanJuan26_17-1.jpg\" alt=\"\" class=\"wp-image-306251\" srcset=\"https:\/\/tucomarca.whitekongsoftware.com\/wp-content\/uploads\/2026\/06\/BunolSanJuan26_17-1.jpg 945w, https:\/\/tucomarca.whitekongsoftware.com\/wp-content\/uploads\/2026\/06\/BunolSanJuan26_17-1-573x381.jpg 573w, https:\/\/tucomarca.whitekongsoftware.com\/wp-content\/uploads\/2026\/06\/BunolSanJuan26_17-1-768x510.jpg 768w\" sizes=\"auto, (max-width: 945px) 100vw, 945px\" \/><\/figure>\n\n\n\n<figure class=\"wp-block-image size-large\"><img loading=\"lazy\" decoding=\"async\" width=\"945\" height=\"638\" data-id=\"306245\" src=\"https:\/\/www.tucomarca.com\/wordpress\/segunda\/wp-content\/uploads\/2026\/06\/BunolSanJuan26_12-1.jpg\" alt=\"\" class=\"wp-image-306245\" srcset=\"https:\/\/tucomarca.whitekongsoftware.com\/wp-content\/uploads\/2026\/06\/BunolSanJuan26_12-1.jpg 945w, https:\/\/tucomarca.whitekongsoftware.com\/wp-content\/uploads\/2026\/06\/BunolSanJuan26_12-1-564x381.jpg 564w, https:\/\/tucomarca.whitekongsoftware.com\/wp-content\/uploads\/2026\/06\/BunolSanJuan26_12-1-768x519.jpg 768w\" sizes=\"auto, (max-width: 945px) 100vw, 945px\" \/><\/figure>\n<\/figure>\n","protected":false},"excerpt":{"rendered":"<div class=\"mh-excerpt\">J\u00falia Al\u00eds va donar aquest dimarts el primer pas del seu regnat en presentar-se oficialment com a Reina de la Fira i Festes de Bunyol en un acte celebrat al Parc de Borrunes, que va <a class=\"mh-excerpt-more\" href=\"https:\/\/tucomarca.whitekongsoftware.com\/ca\/fotogaleria-julia-alis-es-presenta-com-a-reina-de-la-fira-i-festes-de-bunyol-en-una-multitudinaria-nit-de-sant-joan\/\" title=\"Fotogaler\u00eda: J\u00falia Al\u00eds es presenta com a Reina de la Fira i Festes de Bunyol en una multitudin\u00e0ria Nit de Sant Joan\">[+] <\/a><\/div>\n","protected":false},"author":12,"featured_media":306173,"comment_status":"closed","ping_status":"open","sticky":false,"template":"","format":"standard","meta":{"footnotes":""},"categories":[10911,10894,10912,11004,11007,11008,10896],"tags":[10913,24593,10914,24510,24594],"class_list":["post-306168","post","type-post","status-publish","format-standard","has-post-thumbnail","category-bunol-ca","category-la-comarca-ca","category-la-hoya-ca","category-la-semana-en-imagenes-ca","category-ocio-y-cultura-ca","category-pueblos-en-fiestas-ca","category-seccion-ca","tag-bunol-ca","tag-julia-alis","tag-la-hoya-de-bunol-chiva-ca","tag-noche-de-san-juan-2026","tag-reina-de-la-feria-y-fiestas-2026"],"_links":{"self":[{"href":"https:\/\/tucomarca.whitekongsoftware.com\/ca\/wp-json\/wp\/v2\/posts\/306168","targetHints":{"allow":["GET"]}}],"collection":[{"href":"https:\/\/tucomarca.whitekongsoftware.com\/ca\/wp-json\/wp\/v2\/posts"}],"about":[{"href":"https:\/\/tucomarca.whitekongsoftware.com\/ca\/wp-json\/wp\/v2\/types\/post"}],"author":[{"embeddable":true,"href":"https:\/\/tucomarca.whitekongsoftware.com\/ca\/wp-json\/wp\/v2\/users\/12"}],"replies":[{"embeddable":true,"href":"https:\/\/tucomarca.whitekongsoftware.com\/ca\/wp-json\/wp\/v2\/comments?post=306168"}],"version-history":[{"count":4,"href":"https:\/\/tucomarca.whitekongsoftware.com\/ca\/wp-json\/wp\/v2\/posts\/306168\/revisions"}],"predecessor-version":[{"id":306275,"href":"https:\/\/tucomarca.whitekongsoftware.com\/ca\/wp-json\/wp\/v2\/posts\/306168\/revisions\/306275"}],"wp:featuredmedia":[{"embeddable":true,"href":"https:\/\/tucomarca.whitekongsoftware.com\/ca\/wp-json\/wp\/v2\/media\/306173"}],"wp:attachment":[{"href":"https:\/\/tucomarca.whitekongsoftware.com\/ca\/wp-json\/wp\/v2\/media?parent=306168"}],"wp:term":[{"taxonomy":"category","embeddable":true,"href":"https:\/\/tucomarca.whitekongsoftware.com\/ca\/wp-json\/wp\/v2\/categories?post=306168"},{"taxonomy":"post_tag","embeddable":true,"href":"https:\/\/tucomarca.whitekongsoftware.com\/ca\/wp-json\/wp\/v2\/tags?post=306168"}],"curies":[{"name":"wp","href":"https:\/\/api.w.org\/{rel}","templated":true}]}}