{"id":306069,"date":"2026-06-23T12:00:00","date_gmt":"2026-06-23T10:00:00","guid":{"rendered":"https:\/\/www.tucomarca.com\/wordpress\/segunda\/?p=306069"},"modified":"2026-06-23T19:45:41","modified_gmt":"2026-06-23T17:45:41","slug":"la-diputacio-de-valencia-fa-publiques-totes-les-inversions-destinades-a-la-reconstruccio-de-la-provincia-despres-de-la-dana","status":"publish","type":"post","link":"https:\/\/tucomarca.whitekongsoftware.com\/ca\/la-diputacio-de-valencia-fa-publiques-totes-les-inversions-destinades-a-la-reconstruccio-de-la-provincia-despres-de-la-dana\/","title":{"rendered":"La Diputaci\u00f3 de Val\u00e8ncia fa p\u00fabliques totes les inversions destinades a la reconstrucci\u00f3 de la prov\u00edncia despr\u00e9s de la DANA"},"content":{"rendered":"\n<h3 class=\"wp-block-heading\">La corporaci\u00f3 provincial crega en el seu web el Portal de Transpar\u00e8ncia Dana on es troba tota la informaci\u00f3 referent a la gesti\u00f3 duta a terme per la instituci\u00f3 per a pal\u00b7liar els efectes de la cat\u00e0strofe.<\/h3>\n\n\n\n<h3 class=\"wp-block-heading\">El president Vicent Momp\u00f3 afirma que \u201cels ciutadans de la prov\u00edncia tenen el dret a saber on hem destinat els recursos p\u00fablics i com hem gestionat una trag\u00e8dia sense precedents\u201d.<\/h3>\n\n\n\n<p class=\"wp-block-paragraph\">La Diputaci\u00f3 de Val\u00e8ncia ha fet un pas important en la seua pol\u00edtica de transpar\u00e8ncia amb la creaci\u00f3 un nou portal, disponible en la p\u00e0gina web de la corporaci\u00f3, en el qual s&#8217;arreplega tota la informaci\u00f3 relacionada amb les actuacions duta a terme per la instituci\u00f3 en la reconstrucci\u00f3 de la prov\u00edncia despr\u00e9s de la dana del 29 d&#8217;octubre de 2024. Es tracta d&#8217;una iniciativa posada en marxa pel servici de Transpar\u00e8ncia, amb la col\u00b7laboraci\u00f3 de l&#8217;\u00e0rea d&#8217;Administraci\u00f3 Electr\u00f2nica, que t\u00e9 com a objectiu acostar a la ciutadania totes les dades d&#8217;inter\u00e9s que els ajude a con\u00e9ixer millor la gesti\u00f3 realitzada per l&#8217;entitat despr\u00e9s d&#8217;una de les majors cat\u00e0strofes de la hist\u00f2ria de Val\u00e8ncia.<\/p>\n\n\n\n<p class=\"wp-block-paragraph\">Dins del nou Portal de Transpar\u00e8ncia Dana es pot trobar informaci\u00f3 clara, actualitzada i f\u00e0cilment accessible sobre la gesti\u00f3 de la dana per part de la Diputaci\u00f3 i sobre tots els recursos i les inversions que s&#8217;han destinat durant els \u00faltims dos anys per a atendre les necessitats dels municipis en esta mat\u00e8ria. Per a elaborar el portal, s&#8217;han arreplegat les dades de tots els servicis de la corporaci\u00f3 implicats en les tasques de reconstrucci\u00f3.<\/p>\n\n\n\n<p class=\"wp-block-paragraph\">El president de la Diputaci\u00f3, Vicent Momp\u00f3, ha destacat que \u201cconsider\u00e0vem un dret de qualsevol ciutad\u00e0 de la prov\u00edncia saber el que hem fet exactament des de la Diputaci\u00f3 per a al\u00e7ar un territori devastat per la trag\u00e8dia de la dana, on s&#8217;han invertit els recursos provincials exactament. Per aix\u00f2 hem decidit fer p\u00fablica tota la gesti\u00f3 que hem realitzat en estos quasi dos anys. \u00c9s una informaci\u00f3 oberta a tot aquell que tinga inter\u00e9s a saber m\u00e9s sobre la reconstrucci\u00f3\u201d.<\/p>\n\n\n\n<p class=\"wp-block-paragraph\"><strong>Seccions del portal<\/strong><\/p>\n\n\n\n<p class=\"wp-block-paragraph\">El portal est\u00e0 dividit en cinc apartats. En el d&#8217;informaci\u00f3 institucional, organitzativa i de personal, el ciutad\u00e0 interessat pot identificar els \u00f2rgans i servicis de la corporaci\u00f3 provincial que han adoptat acords i\/o realitzat actuacions relacionades amb la dana. Un altre apartat \u00e9s el d&#8217;informaci\u00f3 jur\u00eddica, on es troben disponibles tant els decrets del president com els acords de junta de govern local relatius a mesures econ\u00f2miques, pressupost\u00e0ries i de c\u00f2mput i paralitzaci\u00f3 de terminis en la tramitaci\u00f3 administrativa dels expedients dels municipis afectats per la dana. Tamb\u00e9 es pot visualitzar el protocol d&#8217;emerg\u00e8ncies clim\u00e0tiques en l&#8217;\u00e0mbit de la Diputaci\u00f3 de Val\u00e8ncia.<\/p>\n\n\n\n<p class=\"wp-block-paragraph\">Per part seua, la pestanya dedicada a la informaci\u00f3 econ\u00f2mica i pressupost\u00e0ria arreplega tots els contractes subscrits amb motiu de les actuacions derivades de la DANA, desglossats per servicis (aigua i residus, assist\u00e8ncia t\u00e8cnica, carreteres, contractaci\u00f3, cooperaci\u00f3 municipal, inform\u00e0tica, medi ambient, parc m\u00f2bil, patrimoni i projectes t\u00e8cnics).<\/p>\n\n\n\n<p class=\"wp-block-paragraph\">El portal mostra altres dos apartats m\u00e9s, un on es recopilen totes les not\u00edcies elaborades per la Diputaci\u00f3 que tenen relaci\u00f3 amb la reconstrucci\u00f3, i un altre en el qual s&#8217;explica al visitant el procediment per a sol\u00b7licitar informaci\u00f3, resolucions sobre drets d&#8217;acc\u00e9s a la informaci\u00f3 i una altra documentaci\u00f3 d&#8217;inter\u00e9s en relaci\u00f3 amb la dana.<\/p>\n","protected":false},"excerpt":{"rendered":"<div class=\"mh-excerpt\">La corporaci\u00f3 provincial crega en el seu web el Portal de Transpar\u00e8ncia Dana on es troba tota la informaci\u00f3 referent a la gesti\u00f3 duta a terme per la instituci\u00f3 per a pal\u00b7liar els efectes de <a class=\"mh-excerpt-more\" href=\"https:\/\/tucomarca.whitekongsoftware.com\/ca\/la-diputacio-de-valencia-fa-publiques-totes-les-inversions-destinades-a-la-reconstruccio-de-la-provincia-despres-de-la-dana\/\" title=\"La Diputaci\u00f3 de Val\u00e8ncia fa p\u00fabliques totes les inversions destinades a la reconstrucci\u00f3 de la prov\u00edncia despr\u00e9s de la DANA\">[+] <\/a><\/div>\n","protected":false},"author":1,"featured_media":269183,"comment_status":"closed","ping_status":"open","sticky":false,"template":"","format":"standard","meta":{"footnotes":""},"categories":[10973,10983,10889,10911,10892,11053,10990,21466,11046,10898,10977,10980,10948,10995,10894,10904,10912,10902,10978,10903,10947,10908,10909,10906,10896,10979,10897,11047,11059,10974,10975],"tags":[10899,15409,10914,11077,10910],"class_list":["post-306069","post","type-post","status-publish","format-standard","has-post-thumbnail","category-alborache-ca","category-algemesi-ca","category-alzira-cat","category-bunol-ca","category-camp-de-turia-ca","category-carcer-ca","category-carlet-ca","category-dana-ca","category-los-serranos-ca","category-ventana-ca","category-godelleta-ca","category-yatova-ca","category-infraestructuras-ca","category-lalcudia-ca","category-la-comarca-ca","category-sin-categorizar-ca","category-la-hoya-ca","category-la-ribera-ca","category-macastre-ca","category-medio-ambiente-la-comarca-ca","category-politica","category-requena-ca","category-requena-utiel-ca","category-riba-roja-ca","category-seccion-ca","category-siete-aguas-ca","category-sucesos-la-comarca-ca","category-turis-ca","category-utiel-ca","category-cheste-ca","category-chiva-ca","tag-camp-de-turia-ca","tag-dana-2-ca","tag-la-hoya-de-bunol-chiva-ca","tag-la-ribera-alta-ca","tag-requena-utiel-ca"],"_links":{"self":[{"href":"https:\/\/tucomarca.whitekongsoftware.com\/ca\/wp-json\/wp\/v2\/posts\/306069","targetHints":{"allow":["GET"]}}],"collection":[{"href":"https:\/\/tucomarca.whitekongsoftware.com\/ca\/wp-json\/wp\/v2\/posts"}],"about":[{"href":"https:\/\/tucomarca.whitekongsoftware.com\/ca\/wp-json\/wp\/v2\/types\/post"}],"author":[{"embeddable":true,"href":"https:\/\/tucomarca.whitekongsoftware.com\/ca\/wp-json\/wp\/v2\/users\/1"}],"replies":[{"embeddable":true,"href":"https:\/\/tucomarca.whitekongsoftware.com\/ca\/wp-json\/wp\/v2\/comments?post=306069"}],"version-history":[{"count":3,"href":"https:\/\/tucomarca.whitekongsoftware.com\/ca\/wp-json\/wp\/v2\/posts\/306069\/revisions"}],"predecessor-version":[{"id":306073,"href":"https:\/\/tucomarca.whitekongsoftware.com\/ca\/wp-json\/wp\/v2\/posts\/306069\/revisions\/306073"}],"wp:featuredmedia":[{"embeddable":true,"href":"https:\/\/tucomarca.whitekongsoftware.com\/ca\/wp-json\/wp\/v2\/media\/269183"}],"wp:attachment":[{"href":"https:\/\/tucomarca.whitekongsoftware.com\/ca\/wp-json\/wp\/v2\/media?parent=306069"}],"wp:term":[{"taxonomy":"category","embeddable":true,"href":"https:\/\/tucomarca.whitekongsoftware.com\/ca\/wp-json\/wp\/v2\/categories?post=306069"},{"taxonomy":"post_tag","embeddable":true,"href":"https:\/\/tucomarca.whitekongsoftware.com\/ca\/wp-json\/wp\/v2\/tags?post=306069"}],"curies":[{"name":"wp","href":"https:\/\/api.w.org\/{rel}","templated":true}]}}