{"id":306059,"date":"2026-06-25T09:00:00","date_gmt":"2026-06-25T07:00:00","guid":{"rendered":"https:\/\/www.tucomarca.com\/wordpress\/segunda\/?p=306059"},"modified":"2026-06-25T18:29:28","modified_gmt":"2026-06-25T16:29:28","slug":"la-nit-mes-curta-tancara-aquest-dijous-26-de-juny-en-el-palau-de-la-musica-el-cicle-viure-de-cinema-de-bunyol","status":"publish","type":"post","link":"https:\/\/tucomarca.whitekongsoftware.com\/ca\/la-nit-mes-curta-tancara-aquest-dijous-26-de-juny-en-el-palau-de-la-musica-el-cicle-viure-de-cinema-de-bunyol\/","title":{"rendered":"\u201cLa nit m\u00e9s curta\u201d tancar\u00e0 aquest divendres 26 de juny en el Palau de la M\u00fasica el cicle Viure de Cinema de Bunyol"},"content":{"rendered":"\n<h3 class=\"wp-block-heading\">El Palau de la M\u00fasica acollir\u00e0 aquest divendres 26 de juny a les 19,00 hores una selecci\u00f3 de curtmetratges del festival K-Lidoscopi, certamen qualificador per a l&#8217;Acad\u00e8mia de Cinema.<\/h3>\n\n\n\n<p class=\"wp-block-paragraph\">La proposta naix de la col\u00b7laboraci\u00f3 entre la Regidoria de Cultura de l&#8217;Ajuntament de Bunyol i el Festival de Curtmetratges K-Lidoscopi de Cullera, certamen qualificador per als Premis Goya. Dins de la seua quinzena edici\u00f3, el festival ha impulsat la nova Secci\u00f3 Tr\u00e0veling, una iniciativa creada per a acostar l&#8217;univers del curtmetratge a diferents localitats de la prov\u00edncia de Val\u00e8ncia i ampliar la seua difusi\u00f3 m\u00e9s enll\u00e0 de Cullera.<\/p>\n\n\n\n<p class=\"wp-block-paragraph\">Bunyol ser\u00e0 la primera ciutat a formar part d&#8217;aquesta experi\u00e8ncia, convertint-se aix\u00ed en la seu inaugural d&#8217;una secci\u00f3 que aspira a portar alguns dels millors curtmetratges nacionals a nous p\u00fablics.<\/p>\n\n\n\n<p class=\"wp-block-paragraph\">La regidora de Cultura, Tamara D\u00edaz, ha destacat que aquesta iniciativa \u201c\u00e9s un exemple de com el treball constant i la cerca de noves oportunitats culturals acaba donant fruits\u201d. En aquest sentit, ha assenyalat que \u201cper a Bunyol suposa un orgull convertir-nos en la primera seu de la Secci\u00f3 Tr\u00e0veling i establir un vincle amb un festival tan reconegut com K-Lidoscopi, la qual cosa permetr\u00e0 continuar enriquint la programaci\u00f3 de Viure de Cinema i acostar propostes de gran qualitat al nostre municipi\u201d.<\/p>\n\n\n\n<p class=\"wp-block-paragraph\">Despr\u00e9s del visionat dels curtmetratges tindr\u00e0 lloc un col\u00b7loqui obert al p\u00fablic en el qual participaran integrants de l&#8217;equip del Festival K-Lidoscopi, encap\u00e7alats pel seu director, Julio Mart\u00ed, al costat de professionals de l&#8217;audiovisual valenci\u00e0 i una personalitat destacada de l&#8217;\u00e0mbit cinematogr\u00e0fic.<\/p>\n","protected":false},"excerpt":{"rendered":"<div class=\"mh-excerpt\">El Palau de la M\u00fasica acollir\u00e0 aquest divendres 26 de juny a les 19,00 hores una selecci\u00f3 de curtmetratges del festival K-Lidoscopi, certamen qualificador per a l&#8217;Acad\u00e8mia de Cinema. La proposta naix de la col\u00b7laboraci\u00f3 <a class=\"mh-excerpt-more\" href=\"https:\/\/tucomarca.whitekongsoftware.com\/ca\/la-nit-mes-curta-tancara-aquest-dijous-26-de-juny-en-el-palau-de-la-musica-el-cicle-viure-de-cinema-de-bunyol\/\" title=\"\u201cLa nit m\u00e9s curta\u201d tancar\u00e0 aquest divendres 26 de juny en el Palau de la M\u00fasica el cicle Viure de Cinema de Bunyol\">[+] <\/a><\/div>\n","protected":false},"author":12,"featured_media":306269,"comment_status":"closed","ping_status":"open","sticky":false,"template":"","format":"standard","meta":{"footnotes":""},"categories":[11019,10911,10894,10912,11007,10896],"tags":[10913,10914,17414],"class_list":["post-306059","post","type-post","status-publish","format-standard","has-post-thumbnail","category-agenda-ca","category-bunol-ca","category-la-comarca-ca","category-la-hoya-ca","category-ocio-y-cultura-ca","category-seccion-ca","tag-bunol-ca","tag-la-hoya-de-bunol-chiva-ca","tag-la-noche-mas-corta-ca"],"_links":{"self":[{"href":"https:\/\/tucomarca.whitekongsoftware.com\/ca\/wp-json\/wp\/v2\/posts\/306059","targetHints":{"allow":["GET"]}}],"collection":[{"href":"https:\/\/tucomarca.whitekongsoftware.com\/ca\/wp-json\/wp\/v2\/posts"}],"about":[{"href":"https:\/\/tucomarca.whitekongsoftware.com\/ca\/wp-json\/wp\/v2\/types\/post"}],"author":[{"embeddable":true,"href":"https:\/\/tucomarca.whitekongsoftware.com\/ca\/wp-json\/wp\/v2\/users\/12"}],"replies":[{"embeddable":true,"href":"https:\/\/tucomarca.whitekongsoftware.com\/ca\/wp-json\/wp\/v2\/comments?post=306059"}],"version-history":[{"count":3,"href":"https:\/\/tucomarca.whitekongsoftware.com\/ca\/wp-json\/wp\/v2\/posts\/306059\/revisions"}],"predecessor-version":[{"id":306271,"href":"https:\/\/tucomarca.whitekongsoftware.com\/ca\/wp-json\/wp\/v2\/posts\/306059\/revisions\/306271"}],"wp:featuredmedia":[{"embeddable":true,"href":"https:\/\/tucomarca.whitekongsoftware.com\/ca\/wp-json\/wp\/v2\/media\/306269"}],"wp:attachment":[{"href":"https:\/\/tucomarca.whitekongsoftware.com\/ca\/wp-json\/wp\/v2\/media?parent=306059"}],"wp:term":[{"taxonomy":"category","embeddable":true,"href":"https:\/\/tucomarca.whitekongsoftware.com\/ca\/wp-json\/wp\/v2\/categories?post=306059"},{"taxonomy":"post_tag","embeddable":true,"href":"https:\/\/tucomarca.whitekongsoftware.com\/ca\/wp-json\/wp\/v2\/tags?post=306059"}],"curies":[{"name":"wp","href":"https:\/\/api.w.org\/{rel}","templated":true}]}}