{"id":306052,"date":"2026-06-23T12:15:00","date_gmt":"2026-06-23T10:15:00","guid":{"rendered":"https:\/\/www.tucomarca.com\/wordpress\/segunda\/?p=306052"},"modified":"2026-06-23T20:17:33","modified_gmt":"2026-06-23T18:17:33","slug":"lajuntament-dalboraig-acorda-amb-la-diputacio-noves-mesures-per-a-reduir-limpacte-del-tall-de-la-cv-425","status":"publish","type":"post","link":"https:\/\/tucomarca.whitekongsoftware.com\/ca\/lajuntament-dalboraig-acorda-amb-la-diputacio-noves-mesures-per-a-reduir-limpacte-del-tall-de-la-cv-425\/","title":{"rendered":"L&#8217;Ajuntament d&#8217;Alboraig acorda amb la Diputaci\u00f3 noves mesures per a reduir l&#8217;impacte del tall de la CV-425"},"content":{"rendered":"\n<h3 class=\"wp-block-heading\">L&#8217;alcalde, Jes\u00fas Hig\u00f3n, es reunix amb la diputada de Carreteres, Reme Mazzolari, per a fer seguiment de les mesures sol\u00b7licitades pel municipi, entre les quals destaquen la reducci\u00f3 dels terminis del tall, la reorganitzaci\u00f3 del pas dels camions de l&#8217;EMTRE i la millora de les condicions de les vies alternatives.<\/h3>\n\n\n\n<h3 class=\"wp-block-heading\">La Diputaci\u00f3 ha at\u00e9s les principals reivindicacions traslladades per l&#8217;Ajuntament per a minimitzar les mol\u00e8sties al ve\u00efnat durant la fase m\u00e9s complexa de les obres entre Bunyol i Alboraig.<\/h3>\n\n\n\n<p class=\"wp-block-paragraph\">L&#8217;Ajuntament d&#8217;Alboraig ha mantingut este dilluns una reuni\u00f3 de treball amb la vicepresidenta segona i diputada de Carreteres de la Diputaci\u00f3 de Val\u00e8ncia, Reme Mazzolari, per a fer seguiment de l&#8217;inici del tall temporal de la CV-425, que ha tingut lloc este mat\u00ed, i de les mesures adoptades per a reduir l&#8217;impacte de les obres sobre els ve\u00efns i ve\u00efnes del municipi.<\/p>\n\n\n\n<p class=\"wp-block-paragraph\">L&#8217;alcalde, Jes\u00fas Hig\u00f3n, ha agra\u00eft la predisposici\u00f3 de la Diputaci\u00f3 per a atendre les peticions plantejades per l&#8217;Ajuntament durant els \u00faltims mesos, alhora que ha destacat que \u00abAlborache viu de manera especialment directa les afeccions d&#8217;esta fase de les obres, perqu\u00e8 parlem d&#8217;una carretera essencial per a la mobilitat di\u00e0ria del municipi i de tota la comarca\u00bb.<\/p>\n\n\n\n<p class=\"wp-block-paragraph\">\u00abPrecisament per aix\u00f2 \u2014ha afegit\u2014 hem estat damunt des del primer moment perqu\u00e8 una actuaci\u00f3 necess\u00e0ria i molt important per al futur d&#8217;Alborache s&#8217;execute amb el menor impacte possible sobre la vida quotidiana dels nostres ve\u00efns. Som conscients de les mol\u00e8sties que estos 21 dies provocaran al nostre poble, per\u00f2 tamb\u00e9 sabem que esta obra suposar\u00e0 un abans i un despr\u00e9s en seguretat, mobilitat i connexi\u00f3 per a Alboraig\u00bb.<\/p>\n\n\n\n<p class=\"wp-block-paragraph\">Entre les principals q\u00fcestions traslladades per l&#8217;Ajuntament figura el tr\u00e0nsit pesant procedent de l&#8217;abocador de Dos Aig\u00fces. Davant la previsi\u00f3 inicial que una part molt important d&#8217;estos camions poguera circular per la travessia d&#8217;Alborache durant el tall, l&#8217;Ajuntament va sol\u00b7licitar a la Diputaci\u00f3 que intercedira davant l&#8217;Entitat Metropolitana per al Tractament de Residus (EMTRE) per a reduir l&#8217;impacte sobre el nucli urb\u00e0.<\/p>\n\n\n\n<p class=\"wp-block-paragraph\">Com a resultat d&#8217;esta coordinaci\u00f3, l&#8217;EMTRE ha reorganitzat el sistema de transport cap a Dos Aig\u00fces, desviant part dels residus a altres destinacions, reduint el nombre de vehicles pesants previstos i concentrant la major part dels moviments en horari nocturn.<\/p>\n\n\n\n<p class=\"wp-block-paragraph\">L&#8217;alcalde ha valorat esta mesura com a \u00abespecialment important per a Alboraig\u00bb, ja que \u00abel pas de camions era una de les majors preocupacions dels ve\u00efns\u00bb. \u00abNo hem eliminat totes les mol\u00e8sties, perqu\u00e8 seria impossible durant una obra d&#8217;estes caracter\u00edstiques, per\u00f2 s\u00ed que hem aconseguit que l&#8217;impacte siga molt menor del que es preveia inicialment\u00bb.<\/p>\n\n\n\n<p class=\"wp-block-paragraph\"><strong>Mesures coordinades abans del tall<\/strong><\/p>\n\n\n\n<p class=\"wp-block-paragraph\">L&#8217;alcalde ha recordat que \u00abesta reuni\u00f3 no \u00e9s m\u00e9s que la continuaci\u00f3 del treball de coordinaci\u00f3 amb l&#8217;\u00e0rea provincial de Carreteres durant els \u00faltims mesos per a reduir, en la mesura del possible, l&#8217;impacte d&#8217;una obra de gran complexitat\u00bb.<\/p>\n\n\n\n<p class=\"wp-block-paragraph\"><\/p>\n","protected":false},"excerpt":{"rendered":"<div class=\"mh-excerpt\">L&#8217;alcalde, Jes\u00fas Hig\u00f3n, es reunix amb la diputada de Carreteres, Reme Mazzolari, per a fer seguiment de les mesures sol\u00b7licitades pel municipi, entre les quals destaquen la reducci\u00f3 dels terminis del tall, la reorganitzaci\u00f3 del <a class=\"mh-excerpt-more\" href=\"https:\/\/tucomarca.whitekongsoftware.com\/ca\/lajuntament-dalboraig-acorda-amb-la-diputacio-noves-mesures-per-a-reduir-limpacte-del-tall-de-la-cv-425\/\" title=\"L&#8217;Ajuntament d&#8217;Alboraig acorda amb la Diputaci\u00f3 noves mesures per a reduir l&#8217;impacte del tall de la CV-425\">[+] <\/a><\/div>\n","protected":false},"author":12,"featured_media":306051,"comment_status":"closed","ping_status":"open","sticky":false,"template":"","format":"standard","meta":{"footnotes":""},"categories":[10973,10948,10894,10912,10903,10947,10896],"tags":[11224,21629,13667,10914,24590],"class_list":["post-306052","post","type-post","status-publish","format-standard","has-post-thumbnail","category-alborache-ca","category-infraestructuras-ca","category-la-comarca-ca","category-la-hoya-ca","category-medio-ambiente-la-comarca-ca","category-politica","category-seccion-ca","tag-alborache-ca","tag-carreteras-de-la-diputacion-ca","tag-cv-425-ca","tag-la-hoya-de-bunol-chiva-ca","tag-obras-cv-425"],"_links":{"self":[{"href":"https:\/\/tucomarca.whitekongsoftware.com\/ca\/wp-json\/wp\/v2\/posts\/306052","targetHints":{"allow":["GET"]}}],"collection":[{"href":"https:\/\/tucomarca.whitekongsoftware.com\/ca\/wp-json\/wp\/v2\/posts"}],"about":[{"href":"https:\/\/tucomarca.whitekongsoftware.com\/ca\/wp-json\/wp\/v2\/types\/post"}],"author":[{"embeddable":true,"href":"https:\/\/tucomarca.whitekongsoftware.com\/ca\/wp-json\/wp\/v2\/users\/12"}],"replies":[{"embeddable":true,"href":"https:\/\/tucomarca.whitekongsoftware.com\/ca\/wp-json\/wp\/v2\/comments?post=306052"}],"version-history":[{"count":2,"href":"https:\/\/tucomarca.whitekongsoftware.com\/ca\/wp-json\/wp\/v2\/posts\/306052\/revisions"}],"predecessor-version":[{"id":306089,"href":"https:\/\/tucomarca.whitekongsoftware.com\/ca\/wp-json\/wp\/v2\/posts\/306052\/revisions\/306089"}],"wp:featuredmedia":[{"embeddable":true,"href":"https:\/\/tucomarca.whitekongsoftware.com\/ca\/wp-json\/wp\/v2\/media\/306051"}],"wp:attachment":[{"href":"https:\/\/tucomarca.whitekongsoftware.com\/ca\/wp-json\/wp\/v2\/media?parent=306052"}],"wp:term":[{"taxonomy":"category","embeddable":true,"href":"https:\/\/tucomarca.whitekongsoftware.com\/ca\/wp-json\/wp\/v2\/categories?post=306052"},{"taxonomy":"post_tag","embeddable":true,"href":"https:\/\/tucomarca.whitekongsoftware.com\/ca\/wp-json\/wp\/v2\/tags?post=306052"}],"curies":[{"name":"wp","href":"https:\/\/api.w.org\/{rel}","templated":true}]}}