{"id":306044,"date":"2026-06-23T10:00:00","date_gmt":"2026-06-23T08:00:00","guid":{"rendered":"https:\/\/www.tucomarca.com\/wordpress\/segunda\/?p=306044"},"modified":"2026-06-25T17:59:32","modified_gmt":"2026-06-25T15:59:32","slug":"bunyol-es-prepara-per-a-acollir-lii-trail-nocturn-pujada-al-puntal-el-proxim-4-de-juliol","status":"publish","type":"post","link":"https:\/\/tucomarca.whitekongsoftware.com\/ca\/bunyol-es-prepara-per-a-acollir-lii-trail-nocturn-pujada-al-puntal-el-proxim-4-de-juliol\/","title":{"rendered":"Bunyol es prepara per a acollir l&#8217;II Trail Nocturn Pujada al Puntal el pr\u00f2xim 4 de juliol"},"content":{"rendered":"\n<p class=\"wp-block-paragraph\">L&#8217;afici\u00f3 al trail running t\u00e9 una nova cita marcada en el calendari esportiu. Bunyol acollir\u00e0 el pr\u00f2xim 4 de juliol la II Trail Nocturna Pujada al Puntal, una prova que tornar\u00e0 a combinar esport, naturalesa i aventura sota la llum de la lluna.<\/p>\n\n\n\n<p class=\"wp-block-paragraph\">La carrera, organitzada pel Club d&#8217;Atletisme Correores Bunyol, amb la col\u00b7laboraci\u00f3 de l&#8217;Ajuntament de Bunyol, arrancar\u00e0 a les 21.45 hores des de la Pla\u00e7a del Poble, oferint als participants un recorregut de 16 quil\u00f2metres amb un exigent desnivell positiu de 1.050 metres.<\/p>\n\n\n\n<p class=\"wp-block-paragraph\">L&#8217;ascensi\u00f3 al Puntal posar\u00e0 a prova la resist\u00e8ncia i la capacitat t\u00e8cnica dels corredors, que recorreran alguns dels paratges naturals m\u00e9s emblem\u00e0tics del terme municipal en una prova que es consolida com una de les cites esportives m\u00e9s atractives de l&#8217;estiu a la comarca.<\/p>\n\n\n\n<p class=\"wp-block-paragraph\">L&#8217;organitzaci\u00f3 espera reunir nombrosos corredors i aficionats al trail, en una nit que contribuir\u00e0, una vegada m\u00e9s, a promocionar l&#8217;entorn natural de Bunyol a trav\u00e9s de l&#8217;esport.<\/p>\n\n\n\n<p class=\"wp-block-paragraph\">Amb aquesta segona edici\u00f3, el Trail Nocturn Pujada al Puntal busca afermar-se en el calendari de carreres de muntanya de la Comunitat Valenciana, oferint una experi\u00e8ncia diferent en un recorregut tan espectacular com exigent.<\/p>\n","protected":false},"excerpt":{"rendered":"<div class=\"mh-excerpt\">L&#8217;afici\u00f3 al trail running t\u00e9 una nova cita marcada en el calendari esportiu. Bunyol acollir\u00e0 el pr\u00f2xim 4 de juliol la II Trail Nocturna Pujada al Puntal, una prova que tornar\u00e0 a combinar esport, naturalesa <a class=\"mh-excerpt-more\" href=\"https:\/\/tucomarca.whitekongsoftware.com\/ca\/bunyol-es-prepara-per-a-acollir-lii-trail-nocturn-pujada-al-puntal-el-proxim-4-de-juliol\/\" title=\"Bunyol es prepara per a acollir l&#8217;II Trail Nocturn Pujada al Puntal el pr\u00f2xim 4 de juliol\">[+] <\/a><\/div>\n","protected":false},"author":12,"featured_media":306043,"comment_status":"closed","ping_status":"open","sticky":false,"template":"","format":"standard","meta":{"footnotes":""},"categories":[11019,11018,10911,11003,10894,10912,10896],"tags":[10913,24588,10914],"class_list":["post-306044","post","type-post","status-publish","format-standard","has-post-thumbnail","category-agenda-ca","category-atletisme","category-bunol-ca","category-sports","category-la-comarca-ca","category-la-hoya-ca","category-seccion-ca","tag-bunol-ca","tag-ii-trail-nocturno-subida-al-puntal","tag-la-hoya-de-bunol-chiva-ca"],"_links":{"self":[{"href":"https:\/\/tucomarca.whitekongsoftware.com\/ca\/wp-json\/wp\/v2\/posts\/306044","targetHints":{"allow":["GET"]}}],"collection":[{"href":"https:\/\/tucomarca.whitekongsoftware.com\/ca\/wp-json\/wp\/v2\/posts"}],"about":[{"href":"https:\/\/tucomarca.whitekongsoftware.com\/ca\/wp-json\/wp\/v2\/types\/post"}],"author":[{"embeddable":true,"href":"https:\/\/tucomarca.whitekongsoftware.com\/ca\/wp-json\/wp\/v2\/users\/12"}],"replies":[{"embeddable":true,"href":"https:\/\/tucomarca.whitekongsoftware.com\/ca\/wp-json\/wp\/v2\/comments?post=306044"}],"version-history":[{"count":2,"href":"https:\/\/tucomarca.whitekongsoftware.com\/ca\/wp-json\/wp\/v2\/posts\/306044\/revisions"}],"predecessor-version":[{"id":306047,"href":"https:\/\/tucomarca.whitekongsoftware.com\/ca\/wp-json\/wp\/v2\/posts\/306044\/revisions\/306047"}],"wp:featuredmedia":[{"embeddable":true,"href":"https:\/\/tucomarca.whitekongsoftware.com\/ca\/wp-json\/wp\/v2\/media\/306043"}],"wp:attachment":[{"href":"https:\/\/tucomarca.whitekongsoftware.com\/ca\/wp-json\/wp\/v2\/media?parent=306044"}],"wp:term":[{"taxonomy":"category","embeddable":true,"href":"https:\/\/tucomarca.whitekongsoftware.com\/ca\/wp-json\/wp\/v2\/categories?post=306044"},{"taxonomy":"post_tag","embeddable":true,"href":"https:\/\/tucomarca.whitekongsoftware.com\/ca\/wp-json\/wp\/v2\/tags?post=306044"}],"curies":[{"name":"wp","href":"https:\/\/api.w.org\/{rel}","templated":true}]}}