{"id":305977,"date":"2026-06-22T11:30:00","date_gmt":"2026-06-22T09:30:00","guid":{"rendered":"https:\/\/www.tucomarca.com\/wordpress\/segunda\/?p=305977"},"modified":"2026-06-22T14:42:48","modified_gmt":"2026-06-22T12:42:48","slug":"desvalisen-a-real-de-montroi-un-pou-afectat-per-la-dana-lendema-que-tragsa-ho-reparara","status":"publish","type":"post","link":"https:\/\/tucomarca.whitekongsoftware.com\/ca\/desvalisen-a-real-de-montroi-un-pou-afectat-per-la-dana-lendema-que-tragsa-ho-reparara\/","title":{"rendered":"Desvalisen a Real de Montroi un pou afectat per la DANA l&#8217;endem\u00e0 que Tragsa ho reparara"},"content":{"rendered":"\n<h3 class=\"wp-block-heading\">AVA-Asaja reclama m\u00e9s mesures per a atallar els robatoris: \u201cEl drama \u00e9s doble per a aquells agricultors i entitats de reg que han patit els estralls de la riuada\u201d.<\/h3>\n\n\n\n<p class=\"wp-block-paragraph\"><br>La Comunitat de Regants La Serreta i L&#8217;Escala -que rega prop de 500 hect\u00e0rees de cultiu en Real, Montroi, Montserrat i Llombai- va ser una dels centenars d&#8217;entitats de reg afectades per la DANA. Quasi 20 mesos despr\u00e9s, l&#8217;empresa p\u00fablica Tragsa va acabar les obres de reparaci\u00f3, mancant la posada en marxa definitiva, per\u00f2 les bones not\u00edcies nom\u00e9s van durar un dia, ja que eixa mateixa nit els lladres van desvalisar la nova instal\u00b7laci\u00f3 per a extraure el coure.<\/p>\n\n\n\n<p class=\"wp-block-paragraph\">L&#8217;Associaci\u00f3 Valenciana d&#8217;Agricultors (AVA-Asaja) den\u00fancia l&#8217;assalt a aquesta entitat de reg associada, tant per les greus destrosses ocasionades -valorats en m\u00e9s de 25.000 euros- com per la urg\u00e8ncia i la impunitat amb la qual van actuar els lladres, pr\u00e0cticament a les poques hores de finalitzar les tasques de reconstrucci\u00f3 del pou. L&#8217;organitzaci\u00f3 agr\u00e0ria tamb\u00e9 destaca que aquest delicte no \u00e9s puntual, sin\u00f3 que se suma a l&#8217;onada de robatoris en explotacions agr\u00e0ries, pous i xalets que s&#8217;estan intensificant en aquesta zona.<\/p>\n\n\n\n<p class=\"wp-block-paragraph\">Per aix\u00f2, AVA-Asaja reclama a les administracions m\u00e9s vigil\u00e0ncia en els camps i en els centres de recepci\u00f3 de mercaderia potencialment sostreta, com chatarrer\u00edas i altres possibles vies del mercat negre, per a atallar els robatoris, sobretot de coure: \u201cSi la situaci\u00f3 de desprotecci\u00f3 i desemparament dels agricultors ja \u00e9s calamitosa de per si mateix, el drama \u00e9s doble per a aquells productors i entitats de reg que han patit els estralls de la riuada i ara, de nou nou, afronten problemes per a regar les seues explotacions i sobrecostos econ\u00f2mics que poden arribar a ser inassumibles\u201d.<\/p>\n\n\n\n<p class=\"wp-block-paragraph\">El fat\u00eddic dia 29 d&#8217;octubre de 2024 la Comunitat de Regants La Serreta i L&#8217;Escala va patir importants danys en la captaci\u00f3 del barranc del Algoder a la Font de Llavar, aix\u00ed com en les canonades que creuaven altres rambles, hidrants, sistemes el\u00e8ctrics i instal\u00b7lacions de lampisteria. Durant les setmanes seg\u00fcents, els regants van escometre unes primeres reparacions d&#8217;urg\u00e8ncia, secundades per una l\u00ednia d&#8217;ajudes de la Conselleria d&#8217;Agricultura. Per\u00f2 les tasques definitives de reconstrucci\u00f3 es van dur a terme recentment, per part de l&#8217;empresa p\u00fablica Tragsa, dependent del Ministeri d&#8217;Agricultura.<\/p>\n\n\n\n<p class=\"wp-block-paragraph\">Els responsables de l&#8217;entitat de reg lamenten que \u201cla setmana passada, per fi, Tragsa va donar per conclosa la reparaci\u00f3 mancant la posada en marxa, per\u00f2 els lladres, que havien d&#8217;estar atents a l&#8217;evoluci\u00f3 de les obres, van decidir actuar abans si m\u00e9s no que reprengu\u00e9rem els regs. Creiem que es tracta d&#8217;una banda organitzada i professional que, a m\u00e9s de con\u00e9ixer molt b\u00e9 el terreny, va demostrar grans coneixements sobre instal\u00b7lacions el\u00e8ctriques, ja que durant cinc o sis hores va desmuntar tots els aparells, incl\u00f2s el centre de transformaci\u00f3, i va sostraure uns 200 metres de coure. Tots aquests mesos hem estat regant com hem pogut, a uns costos m\u00e9s elevats que si no haguera ocorregut la DANA, i ara afrontem nous problemes en plena campanya de reg. No hi ha dret\u201d.<\/p>\n\n\n\n<p class=\"wp-block-paragraph\">A m\u00e9s d&#8217;una major vigil\u00e0ncia, AVA-Asaja reitera l&#8217;aplicaci\u00f3 efectiva en el medi rural de la llei de multireincid\u00e8ncia a fi d&#8217;endurir les penes per furts en explotacions agr\u00e0ries i refor\u00e7ar la resposta enfront de l&#8217;acumulaci\u00f3 de delictes. En aquest sentit, exigeix mitjans adequats i coordinaci\u00f3 entre els cossos de seguretat i just\u00edcia. Segons estimacions de AVA-Asaja, els robatoris en el sector agrari de la Comunitat Valenciana aconsegueixen p\u00e8rdues de 30 milions cada any.<\/p>\n\n\n\n<p class=\"wp-block-paragraph\"><\/p>\n","protected":false},"excerpt":{"rendered":"<div class=\"mh-excerpt\">AVA-Asaja reclama m\u00e9s mesures per a atallar els robatoris: \u201cEl drama \u00e9s doble per a aquells agricultors i entitats de reg que han patit els estralls de la riuada\u201d. La Comunitat de Regants La Serreta <a class=\"mh-excerpt-more\" href=\"https:\/\/tucomarca.whitekongsoftware.com\/ca\/desvalisen-a-real-de-montroi-un-pou-afectat-per-la-dana-lendema-que-tragsa-ho-reparara\/\" title=\"Desvalisen a Real de Montroi un pou afectat per la DANA l&#8217;endem\u00e0 que Tragsa ho reparara\">[+] <\/a><\/div>\n","protected":false},"author":12,"featured_media":305967,"comment_status":"closed","ping_status":"open","sticky":false,"template":"","format":"standard","meta":{"footnotes":""},"categories":[10905,21466,10898,10948,10894,10904,10902,10997,11000,11001,11051,10896,10897],"tags":[11924,15409,11356,21560],"class_list":["post-305977","post","type-post","status-publish","format-standard","has-post-thumbnail","category-agricultura-la-comarca-ca","category-dana-ca","category-ventana-ca","category-infraestructuras-ca","category-la-comarca-ca","category-sin-categorizar-ca","category-la-ribera-ca","category-llombai-ca","category-monserrat-ca","category-montroi-ca","category-real-de-montroi-ca","category-seccion-ca","category-sucesos-la-comarca-ca","tag-ava-asaja-ca","tag-dana-2-ca","tag-ribera-alta-ca","tag-tragsa-ca"],"_links":{"self":[{"href":"https:\/\/tucomarca.whitekongsoftware.com\/ca\/wp-json\/wp\/v2\/posts\/305977","targetHints":{"allow":["GET"]}}],"collection":[{"href":"https:\/\/tucomarca.whitekongsoftware.com\/ca\/wp-json\/wp\/v2\/posts"}],"about":[{"href":"https:\/\/tucomarca.whitekongsoftware.com\/ca\/wp-json\/wp\/v2\/types\/post"}],"author":[{"embeddable":true,"href":"https:\/\/tucomarca.whitekongsoftware.com\/ca\/wp-json\/wp\/v2\/users\/12"}],"replies":[{"embeddable":true,"href":"https:\/\/tucomarca.whitekongsoftware.com\/ca\/wp-json\/wp\/v2\/comments?post=305977"}],"version-history":[{"count":2,"href":"https:\/\/tucomarca.whitekongsoftware.com\/ca\/wp-json\/wp\/v2\/posts\/305977\/revisions"}],"predecessor-version":[{"id":305983,"href":"https:\/\/tucomarca.whitekongsoftware.com\/ca\/wp-json\/wp\/v2\/posts\/305977\/revisions\/305983"}],"wp:featuredmedia":[{"embeddable":true,"href":"https:\/\/tucomarca.whitekongsoftware.com\/ca\/wp-json\/wp\/v2\/media\/305967"}],"wp:attachment":[{"href":"https:\/\/tucomarca.whitekongsoftware.com\/ca\/wp-json\/wp\/v2\/media?parent=305977"}],"wp:term":[{"taxonomy":"category","embeddable":true,"href":"https:\/\/tucomarca.whitekongsoftware.com\/ca\/wp-json\/wp\/v2\/categories?post=305977"},{"taxonomy":"post_tag","embeddable":true,"href":"https:\/\/tucomarca.whitekongsoftware.com\/ca\/wp-json\/wp\/v2\/tags?post=305977"}],"curies":[{"name":"wp","href":"https:\/\/api.w.org\/{rel}","templated":true}]}}