{"id":305877,"date":"2026-06-22T09:55:00","date_gmt":"2026-06-22T07:55:00","guid":{"rendered":"https:\/\/www.tucomarca.com\/wordpress\/segunda\/?p=305877"},"modified":"2026-06-22T13:48:08","modified_gmt":"2026-06-22T11:48:08","slug":"bunyol-obri-la-piscina-municipal-per-a-la-temporada-destiu","status":"publish","type":"post","link":"https:\/\/tucomarca.whitekongsoftware.com\/ca\/bunyol-obri-la-piscina-municipal-per-a-la-temporada-destiu\/","title":{"rendered":"Bunyol obri la piscina municipal per a la temporada d&#8217;estiu"},"content":{"rendered":"\n<p class=\"wp-block-paragraph\">L&#8217;Ajuntament de Bunyol obri la piscina municipal per a la temporada d&#8217;estiu 2026. Les instal\u00b7lacions romanen obertes des del 22 de juny fins al 6 de setembre, oferint a ve\u00efns i visitants un espai d&#8217;oci, esport i descans durant els mesos estivals.<\/p>\n\n\n\n<p class=\"wp-block-paragraph\">La piscina obri tots els dies en horari ininterromput de #10:30 a #19:30 hores, facilitant l&#8217;acc\u00e9s als qui desitgen gaudir d&#8217;aquest servei municipal durant l&#8217;estiu.<\/p>\n\n\n\n<p class=\"wp-block-paragraph\">El Consistori mant\u00e9 uns preus populars per a afavorir l&#8217;acc\u00e9s de tota la ciutadania. L&#8217;entrada general, per a persones a partir de 10 anys, t\u00e9 un preu de 2 euros, mentre que l&#8217;entrada infantil, destinada a xiquets i xiquetes de 3 a 9 anys, costa 1 euro.<\/p>\n\n\n\n<p class=\"wp-block-paragraph\">Amb l&#8217;obertura de la piscina municipal, l&#8217;Ajuntament posa en marxa un dels serveis m\u00e9s esperats de l&#8217;estiu, que cada any reuneix nombroses fam\u00edlies i usuaris en unes instal\u00b7lacions preparades per al gaudi i l&#8217;oci.<\/p>\n\n\n\n<p class=\"wp-block-paragraph\">Des del Consistori s&#8217;anima a ve\u00efns i visitants a gaudir de la piscina municipal i a fer un \u00fas responsable de les instal\u00b7lacions durant tota la temporada estival.<\/p>\n","protected":false},"excerpt":{"rendered":"<div class=\"mh-excerpt\">L&#8217;Ajuntament de Bunyol obri la piscina municipal per a la temporada d&#8217;estiu 2026. Les instal\u00b7lacions romanen obertes des del 22 de juny fins al 6 de setembre, oferint a ve\u00efns i visitants un espai d&#8217;oci, <a class=\"mh-excerpt-more\" href=\"https:\/\/tucomarca.whitekongsoftware.com\/ca\/bunyol-obri-la-piscina-municipal-per-a-la-temporada-destiu\/\" title=\"Bunyol obri la piscina municipal per a la temporada d&#8217;estiu\">[+] <\/a><\/div>\n","protected":false},"author":12,"featured_media":137144,"comment_status":"closed","ping_status":"open","sticky":false,"template":"","format":"standard","meta":{"footnotes":""},"categories":[11019,10911,10948,10894,10912,10947,10896],"tags":[10913,10914,12262],"class_list":["post-305877","post","type-post","status-publish","format-standard","has-post-thumbnail","category-agenda-ca","category-bunol-ca","category-infraestructuras-ca","category-la-comarca-ca","category-la-hoya-ca","category-politica","category-seccion-ca","tag-bunol-ca","tag-la-hoya-de-bunol-chiva-ca","tag-piscina-municipal-de-bunol-ca"],"_links":{"self":[{"href":"https:\/\/tucomarca.whitekongsoftware.com\/ca\/wp-json\/wp\/v2\/posts\/305877","targetHints":{"allow":["GET"]}}],"collection":[{"href":"https:\/\/tucomarca.whitekongsoftware.com\/ca\/wp-json\/wp\/v2\/posts"}],"about":[{"href":"https:\/\/tucomarca.whitekongsoftware.com\/ca\/wp-json\/wp\/v2\/types\/post"}],"author":[{"embeddable":true,"href":"https:\/\/tucomarca.whitekongsoftware.com\/ca\/wp-json\/wp\/v2\/users\/12"}],"replies":[{"embeddable":true,"href":"https:\/\/tucomarca.whitekongsoftware.com\/ca\/wp-json\/wp\/v2\/comments?post=305877"}],"version-history":[{"count":2,"href":"https:\/\/tucomarca.whitekongsoftware.com\/ca\/wp-json\/wp\/v2\/posts\/305877\/revisions"}],"predecessor-version":[{"id":305880,"href":"https:\/\/tucomarca.whitekongsoftware.com\/ca\/wp-json\/wp\/v2\/posts\/305877\/revisions\/305880"}],"wp:featuredmedia":[{"embeddable":true,"href":"https:\/\/tucomarca.whitekongsoftware.com\/ca\/wp-json\/wp\/v2\/media\/137144"}],"wp:attachment":[{"href":"https:\/\/tucomarca.whitekongsoftware.com\/ca\/wp-json\/wp\/v2\/media?parent=305877"}],"wp:term":[{"taxonomy":"category","embeddable":true,"href":"https:\/\/tucomarca.whitekongsoftware.com\/ca\/wp-json\/wp\/v2\/categories?post=305877"},{"taxonomy":"post_tag","embeddable":true,"href":"https:\/\/tucomarca.whitekongsoftware.com\/ca\/wp-json\/wp\/v2\/tags?post=305877"}],"curies":[{"name":"wp","href":"https:\/\/api.w.org\/{rel}","templated":true}]}}