{"id":305801,"date":"2026-06-20T11:50:00","date_gmt":"2026-06-20T09:50:00","guid":{"rendered":"https:\/\/www.tucomarca.com\/wordpress\/segunda\/?p=305801"},"modified":"2026-06-21T21:20:12","modified_gmt":"2026-06-21T19:20:12","slug":"fotogaleria-la-xviii-biennal-de-musica-de-bunyol-celebrara-la-seua-edicio-amb-dotze-concerts-entre-l11-i-el-25-de-juliol","status":"publish","type":"post","link":"https:\/\/tucomarca.whitekongsoftware.com\/ca\/fotogaleria-la-xviii-biennal-de-musica-de-bunyol-celebrara-la-seua-edicio-amb-dotze-concerts-entre-l11-i-el-25-de-juliol\/","title":{"rendered":"Fotogaleria: la XVIII Biennal de M\u00fasica de Bunyol celebrar\u00e0 la seua edici\u00f3 amb dotze concerts entre l&#8217;11 i el 25 de juliol"},"content":{"rendered":"\n<p class=\"wp-block-paragraph\">Bunyol tornar\u00e0 a convertir-se aquest estiu en un dels grans referents musicals de la Comunitat Valenciana amb la celebraci\u00f3 de la XVIII Biennal de M\u00fasica, que es desenvolupar\u00e0 de l&#8217;11 al 25 de juliol a l&#8217;Auditori Municipal de Sant Llu\u00eds i a l&#8217;Esgl\u00e9sia de Sant Pere Ap\u00f3stol i que s&#8217;ha presentat en el Museu de La Tomatina aquest divendres, 19 de juny. L&#8217;acte de presentaci\u00f3 va estar a c\u00e0rrec de la regidora de Cultura, Tamara D\u00edaz; l&#8217;alcaldessa de Bunyol, Virg\u00ednia Sanz; el director d&#8217;orquestra, Crist\u00f3bal Soler; i dels representants de les dues societats musicals, la Societat Musical &#8220;La Art\u00edstica&#8221; i el Centre Instructiu Musical &#8220;La Arm\u00f3nica&#8221;.<\/p>\n\n\n\n<p class=\"wp-block-paragraph\">El certamen reunir\u00e0 un total de dotze propostes musicals de diferents estils, des de la m\u00fasica simf\u00f2nica i de banda fins al jazz, el flamenc, la l\u00edrica, la dansa o el rock familiar, consolidant una programaci\u00f3 variada adre\u00e7ada a tots els p\u00fablics.<\/p>\n\n\n\n<p class=\"wp-block-paragraph\">La inauguraci\u00f3 tindr\u00e0 lloc l&#8217;11 de juliol, a les 22.00 hores, amb l&#8217;actuaci\u00f3 del Centre Instructiu Musical La Arm\u00f3nica de Bunyol, una de les dos societats musicals de la localitat i protagonista habitual d&#8217;este prestigi\u00f3s cicle.<\/p>\n\n\n\n<p class=\"wp-block-paragraph\">L&#8217;endem\u00e0, 12 de juliol, ser\u00e0 el torn de <strong>The California Symphony<\/strong>, que oferir\u00e0 el concert <strong>Northern Lights<\/strong> a les 22.30 hores a l&#8217;Auditori Municipal.<\/p>\n\n\n\n<p class=\"wp-block-paragraph\">La programaci\u00f3 continuar\u00e0 el 14 de juliol amb la <strong>Jam Session<\/strong> de la <strong>Big Band La Art\u00edstica<\/strong>; el 15 de juliol arribar\u00e0 <strong>La llum de la l\u00edrica<\/strong>, d&#8217;<strong>Artificci<\/strong>, a l&#8217;Esgl\u00e9sia de Sant Pere Ap\u00f2stol; i el 16 de juliol ser\u00e0 el torn de l&#8217;espectacle de dansa <strong>Masclet\u00e0 Po\u00e8tica<\/strong>, de <strong>Visitants<\/strong>.<\/p>\n\n\n\n<p class=\"wp-block-paragraph\">El 17 de juliol, la Biennal oferir\u00e0 una doble cita amb <strong>Juanra Castillo<\/strong>, que presentar\u00e0 <strong>Espa\u00f1a en un suspiro<\/strong>, i amb el <strong>Cor de Teatre<\/strong>, que posar\u00e0 en escena <strong>Operetta<\/strong>.<\/p>\n\n\n\n<p class=\"wp-block-paragraph\">La programaci\u00f3 es reprendr\u00e0 el 19 de juliol amb l&#8217;espectacle familiar <strong>El rock \u00e9s cosa de xiquets&#8230;<\/strong>, a c\u00e0rrec de <strong>Scorcia i Big 54<\/strong>, mentre que el 21 de juliol l&#8217;<strong>Orquestra i Banda Juvenil de La Arm\u00f3nica<\/strong> protagonitzaran un dels concerts m\u00e9s esperats del cicle.<\/p>\n\n\n\n<p class=\"wp-block-paragraph\">La recta final de la Biennal comptar\u00e0 amb la violinista <strong>Eva Slongo<\/strong>, que presentar\u00e0 <strong>Souffle<\/strong> el 22 de juliol; el <strong>Sara Rope Septet<\/strong>, amb <strong>Can\u00e7ons d&#8217;amor<\/strong>, el 23 de juliol; i el guitarrista <strong>Ausias Parejo<\/strong>, que oferir\u00e0 el seu recital el 24 de juliol.<\/p>\n\n\n\n<p class=\"wp-block-paragraph\">La cloenda arribar\u00e0 el 25 de juliol, a les 22.00 hores, amb l&#8217;actuaci\u00f3 de la <strong>Societat Musical La Art\u00edstica de Bunyol<\/strong>, que posar\u00e0 el punt final a una nova edici\u00f3 d&#8217;una cita ja consolidada en el calendari cultural valenci\u00e0.<\/p>\n\n\n\n<p class=\"wp-block-paragraph\">La XVIII Biennal de M\u00fasica de Bunyol compta amb la col\u00b7laboraci\u00f3 de l&#8217;Ajuntament de Bunyol, la Generalitat Valenciana, el Circuit Cultural Valenci\u00e0, la Diputaci\u00f3 de Val\u00e8ncia i el programa SARC, reafirmant l&#8217;aposta institucional per una programaci\u00f3 de qualitat en una ciutat reconeguda internacionalment per la seua tradici\u00f3 musical.<\/p>\n\n\n\n<figure class=\"wp-block-gallery has-nested-images columns-2 is-cropped wp-block-gallery-1 is-layout-flex wp-block-gallery-is-layout-flex\">\n<figure class=\"wp-block-image size-large\"><img loading=\"lazy\" decoding=\"async\" width=\"945\" height=\"638\" data-id=\"305783\" src=\"https:\/\/www.tucomarca.com\/wordpress\/segunda\/wp-content\/uploads\/2026\/06\/BunolPresBienal01.jpg\" alt=\"\" class=\"wp-image-305783\" srcset=\"https:\/\/tucomarca.whitekongsoftware.com\/wp-content\/uploads\/2026\/06\/BunolPresBienal01.jpg 945w, https:\/\/tucomarca.whitekongsoftware.com\/wp-content\/uploads\/2026\/06\/BunolPresBienal01-300x203.jpg 300w, https:\/\/tucomarca.whitekongsoftware.com\/wp-content\/uploads\/2026\/06\/BunolPresBienal01-768x519.jpg 768w\" sizes=\"auto, (max-width: 945px) 100vw, 945px\" \/><\/figure>\n\n\n\n<figure class=\"wp-block-image size-large\"><img loading=\"lazy\" decoding=\"async\" width=\"945\" height=\"638\" data-id=\"305785\" src=\"https:\/\/www.tucomarca.com\/wordpress\/segunda\/wp-content\/uploads\/2026\/06\/BunolPresBienal02.jpg\" alt=\"\" class=\"wp-image-305785\" srcset=\"https:\/\/tucomarca.whitekongsoftware.com\/wp-content\/uploads\/2026\/06\/BunolPresBienal02.jpg 945w, https:\/\/tucomarca.whitekongsoftware.com\/wp-content\/uploads\/2026\/06\/BunolPresBienal02-300x203.jpg 300w, https:\/\/tucomarca.whitekongsoftware.com\/wp-content\/uploads\/2026\/06\/BunolPresBienal02-768x519.jpg 768w\" sizes=\"auto, (max-width: 945px) 100vw, 945px\" \/><\/figure>\n\n\n\n<figure class=\"wp-block-image size-large\"><img loading=\"lazy\" decoding=\"async\" width=\"945\" height=\"638\" data-id=\"305787\" src=\"https:\/\/www.tucomarca.com\/wordpress\/segunda\/wp-content\/uploads\/2026\/06\/BunolPresBienal03.jpg\" alt=\"\" class=\"wp-image-305787\" srcset=\"https:\/\/tucomarca.whitekongsoftware.com\/wp-content\/uploads\/2026\/06\/BunolPresBienal03.jpg 945w, https:\/\/tucomarca.whitekongsoftware.com\/wp-content\/uploads\/2026\/06\/BunolPresBienal03-300x203.jpg 300w, https:\/\/tucomarca.whitekongsoftware.com\/wp-content\/uploads\/2026\/06\/BunolPresBienal03-768x519.jpg 768w\" sizes=\"auto, (max-width: 945px) 100vw, 945px\" \/><\/figure>\n\n\n\n<figure class=\"wp-block-image size-large\"><img loading=\"lazy\" decoding=\"async\" width=\"1024\" height=\"681\" data-id=\"305793\" src=\"https:\/\/www.tucomarca.com\/wordpress\/segunda\/wp-content\/uploads\/2026\/06\/BunolPresBienal06-1024x681.jpg\" alt=\"\" class=\"wp-image-305793\" srcset=\"https:\/\/tucomarca.whitekongsoftware.com\/wp-content\/uploads\/2026\/06\/BunolPresBienal06-1024x681.jpg 1024w, https:\/\/tucomarca.whitekongsoftware.com\/wp-content\/uploads\/2026\/06\/BunolPresBienal06-300x200.jpg 300w, https:\/\/tucomarca.whitekongsoftware.com\/wp-content\/uploads\/2026\/06\/BunolPresBienal06-768x511.jpg 768w, https:\/\/tucomarca.whitekongsoftware.com\/wp-content\/uploads\/2026\/06\/BunolPresBienal06.jpg 1031w\" sizes=\"auto, (max-width: 1024px) 100vw, 1024px\" \/><\/figure>\n\n\n\n<figure class=\"wp-block-image size-large\"><img loading=\"lazy\" decoding=\"async\" width=\"945\" height=\"638\" data-id=\"305789\" src=\"https:\/\/www.tucomarca.com\/wordpress\/segunda\/wp-content\/uploads\/2026\/06\/BunolPresBienal04.jpg\" alt=\"\" class=\"wp-image-305789\" srcset=\"https:\/\/tucomarca.whitekongsoftware.com\/wp-content\/uploads\/2026\/06\/BunolPresBienal04.jpg 945w, https:\/\/tucomarca.whitekongsoftware.com\/wp-content\/uploads\/2026\/06\/BunolPresBienal04-300x203.jpg 300w, https:\/\/tucomarca.whitekongsoftware.com\/wp-content\/uploads\/2026\/06\/BunolPresBienal04-768x519.jpg 768w\" sizes=\"auto, (max-width: 945px) 100vw, 945px\" \/><\/figure>\n\n\n\n<figure class=\"wp-block-image size-large\"><img loading=\"lazy\" decoding=\"async\" width=\"945\" height=\"638\" data-id=\"305795\" src=\"https:\/\/www.tucomarca.com\/wordpress\/segunda\/wp-content\/uploads\/2026\/06\/BunolPresBienal07.jpg\" alt=\"\" class=\"wp-image-305795\" srcset=\"https:\/\/tucomarca.whitekongsoftware.com\/wp-content\/uploads\/2026\/06\/BunolPresBienal07.jpg 945w, https:\/\/tucomarca.whitekongsoftware.com\/wp-content\/uploads\/2026\/06\/BunolPresBienal07-300x203.jpg 300w, https:\/\/tucomarca.whitekongsoftware.com\/wp-content\/uploads\/2026\/06\/BunolPresBienal07-768x519.jpg 768w\" sizes=\"auto, (max-width: 945px) 100vw, 945px\" \/><\/figure>\n\n\n\n<figure class=\"wp-block-image size-large\"><img loading=\"lazy\" decoding=\"async\" width=\"1024\" height=\"681\" data-id=\"305797\" src=\"https:\/\/www.tucomarca.com\/wordpress\/segunda\/wp-content\/uploads\/2026\/06\/BunolPresBienal08-1024x681.jpg\" alt=\"\" class=\"wp-image-305797\" srcset=\"https:\/\/tucomarca.whitekongsoftware.com\/wp-content\/uploads\/2026\/06\/BunolPresBienal08-1024x681.jpg 1024w, https:\/\/tucomarca.whitekongsoftware.com\/wp-content\/uploads\/2026\/06\/BunolPresBienal08-300x200.jpg 300w, https:\/\/tucomarca.whitekongsoftware.com\/wp-content\/uploads\/2026\/06\/BunolPresBienal08-768x511.jpg 768w, https:\/\/tucomarca.whitekongsoftware.com\/wp-content\/uploads\/2026\/06\/BunolPresBienal08.jpg 1031w\" sizes=\"auto, (max-width: 1024px) 100vw, 1024px\" \/><\/figure>\n<\/figure>\n","protected":false},"excerpt":{"rendered":"<div class=\"mh-excerpt\">Bunyol tornar\u00e0 a convertir-se aquest estiu en un dels grans referents musicals de la Comunitat Valenciana amb la celebraci\u00f3 de la XVIII Biennal de M\u00fasica, que es desenvolupar\u00e0 de l&#8217;11 al 25 de juliol a <a class=\"mh-excerpt-more\" href=\"https:\/\/tucomarca.whitekongsoftware.com\/ca\/fotogaleria-la-xviii-biennal-de-musica-de-bunyol-celebrara-la-seua-edicio-amb-dotze-concerts-entre-l11-i-el-25-de-juliol\/\" title=\"Fotogaleria: la XVIII Biennal de M\u00fasica de Bunyol celebrar\u00e0 la seua edici\u00f3 amb dotze concerts entre l&#8217;11 i el 25 de juliol\">[+] <\/a><\/div>\n","protected":false},"author":12,"featured_media":305792,"comment_status":"closed","ping_status":"open","sticky":false,"template":"","format":"gallery","meta":{"footnotes":""},"categories":[11019,10911,11005,10898,10894,10912,11007,10896],"tags":[10913,10914,24572],"class_list":["post-305801","post","type-post","status-publish","format-gallery","has-post-thumbnail","category-agenda-ca","category-bunol-ca","category-canal-musica","category-ventana-ca","category-la-comarca-ca","category-la-hoya-ca","category-ocio-y-cultura-ca","category-seccion-ca","tag-bunol-ca","tag-la-hoya-de-bunol-chiva-ca","tag-xviii-bienal-de-musica-de-bunol","post_format-post-format-gallery"],"_links":{"self":[{"href":"https:\/\/tucomarca.whitekongsoftware.com\/ca\/wp-json\/wp\/v2\/posts\/305801","targetHints":{"allow":["GET"]}}],"collection":[{"href":"https:\/\/tucomarca.whitekongsoftware.com\/ca\/wp-json\/wp\/v2\/posts"}],"about":[{"href":"https:\/\/tucomarca.whitekongsoftware.com\/ca\/wp-json\/wp\/v2\/types\/post"}],"author":[{"embeddable":true,"href":"https:\/\/tucomarca.whitekongsoftware.com\/ca\/wp-json\/wp\/v2\/users\/12"}],"replies":[{"embeddable":true,"href":"https:\/\/tucomarca.whitekongsoftware.com\/ca\/wp-json\/wp\/v2\/comments?post=305801"}],"version-history":[{"count":3,"href":"https:\/\/tucomarca.whitekongsoftware.com\/ca\/wp-json\/wp\/v2\/posts\/305801\/revisions"}],"predecessor-version":[{"id":305873,"href":"https:\/\/tucomarca.whitekongsoftware.com\/ca\/wp-json\/wp\/v2\/posts\/305801\/revisions\/305873"}],"wp:featuredmedia":[{"embeddable":true,"href":"https:\/\/tucomarca.whitekongsoftware.com\/ca\/wp-json\/wp\/v2\/media\/305792"}],"wp:attachment":[{"href":"https:\/\/tucomarca.whitekongsoftware.com\/ca\/wp-json\/wp\/v2\/media?parent=305801"}],"wp:term":[{"taxonomy":"category","embeddable":true,"href":"https:\/\/tucomarca.whitekongsoftware.com\/ca\/wp-json\/wp\/v2\/categories?post=305801"},{"taxonomy":"post_tag","embeddable":true,"href":"https:\/\/tucomarca.whitekongsoftware.com\/ca\/wp-json\/wp\/v2\/tags?post=305801"}],"curies":[{"name":"wp","href":"https:\/\/api.w.org\/{rel}","templated":true}]}}