{"id":305689,"date":"2026-06-19T09:15:00","date_gmt":"2026-06-19T07:15:00","guid":{"rendered":"https:\/\/www.tucomarca.com\/wordpress\/segunda\/?p=305689"},"modified":"2026-06-19T18:29:35","modified_gmt":"2026-06-19T16:29:35","slug":"estudiants-de-efas-participen-en-youth-meu-2026-aquest-cap-de-setmana","status":"publish","type":"post","link":"https:\/\/tucomarca.whitekongsoftware.com\/ca\/estudiants-de-efas-participen-en-youth-meu-2026-aquest-cap-de-setmana\/","title":{"rendered":"Estudiants de EFAS participen en Youth MEU 2026 aquest cap de setmana"},"content":{"rendered":"\n<h3 class=\"wp-block-heading\">Ja ha arrancat la celebraci\u00f3 de Youth MEU 2026, que t\u00e9 lloc a Madrid del 12 al 14 de juny.<\/h3>\n\n\n\n<p class=\"wp-block-paragraph\">Enguany, com a principal novetat, aquesta simulaci\u00f3 compta amb la participaci\u00f3 de 15 estudiants (12 xiques i 3 xics) i 3 docents (2 professores i 1 professor) procedents de les EFAS (El Pi\u00f1eiral, Torrealedua i El Salt) que formen part del projecte \u2018Escoles rurals compromeses amb la construcci\u00f3 d&#8217;una ciutadania global\u2019, finan\u00e7at per la AECID i implementat en agrupaci\u00f3 amb Fundaci\u00f3 Fabre, amb la col\u00b7laboraci\u00f3 de la Uni\u00f3 de les Escoles Familiars Agr\u00e0ries (UNEFA).<\/p>\n\n\n\n<p class=\"wp-block-paragraph\">En concret, aquesta participaci\u00f3 s&#8217;organitza com una activitat dels grups motors d&#8217;aquest projecte. D&#8217;aquesta manera, els i les estudiants de les EFAS conformen el Comit\u00e9 de Desenvolupament Rural de la simulaci\u00f3 Youth MEU per a abordar el tema de l&#8217;acc\u00e9s sostenible a recursos essencials en zones rurals: aigua, alimentaci\u00f3 i serveis b\u00e0sics a Espanya (i el Sud Global).<\/p>\n\n\n\n<p class=\"wp-block-paragraph\"><strong>Youth MEU 2026<\/strong><\/p>\n\n\n\n<p class=\"wp-block-paragraph\">Aquesta edici\u00f3 de Youth MEU reuneix m\u00e9s de 130 joves procedents de tota Espanya i va comen\u00e7ar aquest divendres, 12 de juny, amb un acte d&#8217;obertura celebrat en el Sal\u00f3 de Plens de l&#8217;Ajuntament de Madrid.<\/p>\n\n\n\n<p class=\"wp-block-paragraph\">Durant aquests dies, aquests xics i xiques es posen en la pell dels representants dels pa\u00efsos europeus en les seg\u00fcents institucions democr\u00e0tiques: Parlament Europeu, Consell de la Uni\u00f3 Europea, Comissi\u00f3 Europea i Comit\u00e9 de Desenvolupament Rural.<\/p>\n\n\n\n<p class=\"wp-block-paragraph\">Els temes que s&#8217;aborden en els diferents comit\u00e9s en els quals s&#8217;organitzen s\u00f3n: Deepfakes, comptes falsos i dret a la imatge en l&#8217;era de la IA; Escombraries t\u00e8xtils, fast fashion i responsabilitat ambiental de la ind\u00fastria de la moda; Regulaci\u00f3 de xarxes socials: edats m\u00ednimes, continguts, publicitat i influencers; Acc\u00e9s sostenible a recursos essencials en zones rurals: aigua, alimentaci\u00f3 i serveis b\u00e0sics a Espanya (i el Sud Global).<\/p>\n","protected":false},"excerpt":{"rendered":"<div class=\"mh-excerpt\">Ja ha arrancat la celebraci\u00f3 de Youth MEU 2026, que t\u00e9 lloc a Madrid del 12 al 14 de juny. Enguany, com a principal novetat, aquesta simulaci\u00f3 compta amb la participaci\u00f3 de 15 estudiants (12 <a class=\"mh-excerpt-more\" href=\"https:\/\/tucomarca.whitekongsoftware.com\/ca\/estudiants-de-efas-participen-en-youth-meu-2026-aquest-cap-de-setmana\/\" title=\"Estudiants de EFAS participen en Youth MEU 2026 aquest cap de setmana\">[+] <\/a><\/div>\n","protected":false},"author":12,"featured_media":305688,"comment_status":"closed","ping_status":"open","sticky":false,"template":"","format":"standard","meta":{"footnotes":""},"categories":[10894,10904,10902,10997,11007,10896],"tags":[11077,11501,15856],"class_list":["post-305689","post","type-post","status-publish","format-standard","has-post-thumbnail","category-la-comarca-ca","category-sin-categorizar-ca","category-la-ribera-ca","category-llombai-ca","category-ocio-y-cultura-ca","category-seccion-ca","tag-la-ribera-alta-ca","tag-llombai-ca","tag-ocio-y-cultura-ca"],"_links":{"self":[{"href":"https:\/\/tucomarca.whitekongsoftware.com\/ca\/wp-json\/wp\/v2\/posts\/305689","targetHints":{"allow":["GET"]}}],"collection":[{"href":"https:\/\/tucomarca.whitekongsoftware.com\/ca\/wp-json\/wp\/v2\/posts"}],"about":[{"href":"https:\/\/tucomarca.whitekongsoftware.com\/ca\/wp-json\/wp\/v2\/types\/post"}],"author":[{"embeddable":true,"href":"https:\/\/tucomarca.whitekongsoftware.com\/ca\/wp-json\/wp\/v2\/users\/12"}],"replies":[{"embeddable":true,"href":"https:\/\/tucomarca.whitekongsoftware.com\/ca\/wp-json\/wp\/v2\/comments?post=305689"}],"version-history":[{"count":3,"href":"https:\/\/tucomarca.whitekongsoftware.com\/ca\/wp-json\/wp\/v2\/posts\/305689\/revisions"}],"predecessor-version":[{"id":305729,"href":"https:\/\/tucomarca.whitekongsoftware.com\/ca\/wp-json\/wp\/v2\/posts\/305689\/revisions\/305729"}],"wp:featuredmedia":[{"embeddable":true,"href":"https:\/\/tucomarca.whitekongsoftware.com\/ca\/wp-json\/wp\/v2\/media\/305688"}],"wp:attachment":[{"href":"https:\/\/tucomarca.whitekongsoftware.com\/ca\/wp-json\/wp\/v2\/media?parent=305689"}],"wp:term":[{"taxonomy":"category","embeddable":true,"href":"https:\/\/tucomarca.whitekongsoftware.com\/ca\/wp-json\/wp\/v2\/categories?post=305689"},{"taxonomy":"post_tag","embeddable":true,"href":"https:\/\/tucomarca.whitekongsoftware.com\/ca\/wp-json\/wp\/v2\/tags?post=305689"}],"curies":[{"name":"wp","href":"https:\/\/api.w.org\/{rel}","templated":true}]}}