{"id":305669,"date":"2026-06-19T14:00:00","date_gmt":"2026-06-19T12:00:00","guid":{"rendered":"https:\/\/www.tucomarca.com\/wordpress\/segunda\/?p=305669"},"modified":"2026-06-19T14:56:47","modified_gmt":"2026-06-19T12:56:47","slug":"video-entrevista-amb-la-diputada-provincial-de-carreteres-reme-mazzolari-davant-limminent-tall-de-la-cv-425-entre-bunyol-alboraig","status":"publish","type":"post","link":"https:\/\/tucomarca.whitekongsoftware.com\/ca\/video-entrevista-amb-la-diputada-provincial-de-carreteres-reme-mazzolari-davant-limminent-tall-de-la-cv-425-entre-bunyol-alboraig\/","title":{"rendered":"V\u00eddeo entrevista amb la diputada provincial de Carreteres, Reme Mazzolari, davant l&#8217;imminent tall de la CV-425 entre Bunyol i Alboraig"},"content":{"rendered":"\n<p class=\"wp-block-paragraph\"><\/p>\n\n\n\n<figure class=\"wp-block-embed is-type-video is-provider-youtube wp-block-embed-youtube wp-embed-aspect-16-9 wp-has-aspect-ratio\"><div class=\"wp-block-embed__wrapper\">\n<iframe loading=\"lazy\" title=\"V\u00eddeo-entrevista con la diputada provincial de Carreteras ante el inminente corte de la CV-425\" width=\"500\" height=\"281\" src=\"https:\/\/www.youtube.com\/embed\/53wR62YS8-Q?feature=oembed\" frameborder=\"0\" allow=\"accelerometer; autoplay; clipboard-write; encrypted-media; gyroscope; picture-in-picture; web-share\" referrerpolicy=\"strict-origin-when-cross-origin\" allowfullscreen><\/iframe>\n<\/div><\/figure>\n\n\n\n<p class=\"wp-block-paragraph\"><\/p>\n\n\n\n<p class=\"wp-block-paragraph\">V\u00eddeo entrevista realitzada per <strong>tucomarca televisi\u00f3<\/strong> amb la Vicepresidenta Segona i Diputada de Carreteres, Contractaci\u00f3, Personal i Projectes T\u00e8cnics de la Diputaci\u00f3 de Val\u00e8ncia, <strong>Reme Mazzolari<\/strong>, davant l&#8217;imminent tall de la carretera CV-425 entre Bunyol i Alboraig a conseq\u00fc\u00e8ncia de les obres de millora i ampliaci\u00f3 que es duen a terme des de fa mesos en aquesta infraestructura, on un dels seus ponts va resultar greument danyat despr\u00e9s del pas de la DANA del 29 d&#8217;octubre de 2024.<\/p>\n","protected":false},"excerpt":{"rendered":"<div class=\"mh-excerpt\">V\u00eddeo entrevista realitzada per tucomarca televisi\u00f3 amb la Vicepresidenta Segona i Diputada de Carreteres, Contractaci\u00f3, Personal i Projectes T\u00e8cnics de la Diputaci\u00f3 de Val\u00e8ncia, Reme Mazzolari, davant l&#8217;imminent tall de la carretera CV-425 entre Bunyol <a class=\"mh-excerpt-more\" href=\"https:\/\/tucomarca.whitekongsoftware.com\/ca\/video-entrevista-amb-la-diputada-provincial-de-carreteres-reme-mazzolari-davant-limminent-tall-de-la-cv-425-entre-bunyol-alboraig\/\" title=\"V\u00eddeo entrevista amb la diputada provincial de Carreteres, Reme Mazzolari, davant l&#8217;imminent tall de la CV-425 entre Bunyol i Alboraig\">[+] <\/a><\/div>\n","protected":false},"author":1,"featured_media":305666,"comment_status":"closed","ping_status":"open","sticky":false,"template":"","format":"video","meta":{"footnotes":""},"categories":[10973,10911,21466,10898,10980,10948,10894,10904,10912,10978,10947,10896,11062],"tags":[11224,10913,24568,13667,11246,10914,19433,13938],"class_list":["post-305669","post","type-post","status-publish","format-video","has-post-thumbnail","category-alborache-ca","category-bunol-ca","category-dana-ca","category-ventana-ca","category-yatova-ca","category-infraestructuras-ca","category-la-comarca-ca","category-sin-categorizar-ca","category-la-hoya-ca","category-macastre-ca","category-politica","category-seccion-ca","category-videos","tag-alborache-ca","tag-bunol-ca","tag-corte","tag-cv-425-ca","tag-diputacio-de-valencia-ca","tag-la-hoya-de-bunol-chiva-ca","tag-reme-mazzolari-ca","tag-video-3-ca","post_format-post-format-video"],"_links":{"self":[{"href":"https:\/\/tucomarca.whitekongsoftware.com\/ca\/wp-json\/wp\/v2\/posts\/305669","targetHints":{"allow":["GET"]}}],"collection":[{"href":"https:\/\/tucomarca.whitekongsoftware.com\/ca\/wp-json\/wp\/v2\/posts"}],"about":[{"href":"https:\/\/tucomarca.whitekongsoftware.com\/ca\/wp-json\/wp\/v2\/types\/post"}],"author":[{"embeddable":true,"href":"https:\/\/tucomarca.whitekongsoftware.com\/ca\/wp-json\/wp\/v2\/users\/1"}],"replies":[{"embeddable":true,"href":"https:\/\/tucomarca.whitekongsoftware.com\/ca\/wp-json\/wp\/v2\/comments?post=305669"}],"version-history":[{"count":3,"href":"https:\/\/tucomarca.whitekongsoftware.com\/ca\/wp-json\/wp\/v2\/posts\/305669\/revisions"}],"predecessor-version":[{"id":305698,"href":"https:\/\/tucomarca.whitekongsoftware.com\/ca\/wp-json\/wp\/v2\/posts\/305669\/revisions\/305698"}],"wp:featuredmedia":[{"embeddable":true,"href":"https:\/\/tucomarca.whitekongsoftware.com\/ca\/wp-json\/wp\/v2\/media\/305666"}],"wp:attachment":[{"href":"https:\/\/tucomarca.whitekongsoftware.com\/ca\/wp-json\/wp\/v2\/media?parent=305669"}],"wp:term":[{"taxonomy":"category","embeddable":true,"href":"https:\/\/tucomarca.whitekongsoftware.com\/ca\/wp-json\/wp\/v2\/categories?post=305669"},{"taxonomy":"post_tag","embeddable":true,"href":"https:\/\/tucomarca.whitekongsoftware.com\/ca\/wp-json\/wp\/v2\/tags?post=305669"}],"curies":[{"name":"wp","href":"https:\/\/api.w.org\/{rel}","templated":true}]}}