{"id":305616,"date":"2026-06-18T12:00:00","date_gmt":"2026-06-18T10:00:00","guid":{"rendered":"https:\/\/www.tucomarca.com\/wordpress\/segunda\/?p=305616"},"modified":"2026-06-18T20:02:02","modified_gmt":"2026-06-18T18:02:02","slug":"el-comissionat-per-a-la-recuperacio-assegura-que-augmentar-la-resiliencia-del-territorito-no-es-una-opcio-es-una-obligacio-perque-cada-vegada-seran-mes-habituals-els-episodis-climatics-extrems","status":"publish","type":"post","link":"https:\/\/tucomarca.whitekongsoftware.com\/ca\/el-comissionat-per-a-la-recuperacio-assegura-que-augmentar-la-resiliencia-del-territorito-no-es-una-opcio-es-una-obligacio-perque-cada-vegada-seran-mes-habituals-els-episodis-climatics-extrems\/","title":{"rendered":"El comissionat per a la Recuperaci\u00f3 assegura que augmentar la resili\u00e8ncia del territorito no \u00e9s una opci\u00f3, \u00e9s una obligaci\u00f3 perqu\u00e8 cada vegada seran m\u00e9s habituals els episodis clim\u00e0tics extrems"},"content":{"rendered":"\n<h3 class=\"wp-block-heading\">El Centre Mediterrani d&#8217;Intel\u00b7lig\u00e8ncia Clim\u00e0tica permetr\u00e0 convertir dades en eines per a la presa de decisions p\u00fabliques.<\/h3>\n\n\n\n<h3 class=\"wp-block-heading\">Ra\u00fal M\u00e8rida i el director general d&#8217;Energia i Mines han participat en una jornada sobre infraestructures energ\u00e8tiques.<\/h3>\n\n\n\n<p class=\"wp-block-paragraph\">El comissionat per a la Recuperaci\u00f3, Ra\u00fal M\u00e8rida, ha assenyalat que per a les administracions p\u00fabliques \u201caugmentar la resili\u00e8ncia del territorito valenci\u00e0 ja no \u00e9s una opci\u00f3, \u00e9s una obligaci\u00f3 pel fet que cada vegada seran m\u00e9s habituals els fen\u00f2mens meteorol\u00f2gics extrems\u201d.&nbsp;<\/p>\n\n\n\n<p class=\"wp-block-paragraph\">Ra\u00fal M\u00e8rida ha realitzat aquestes declaracions durant la inauguraci\u00f3 de la jornada \u2018Resili\u00e8ncia de les infraestructures energ\u00e8tiques davant esdeveniments clim\u00e0tics extrems\u2019, organitzada per Naturgy a la Universitat Polit\u00e8cnica de Val\u00e8ncia (UPV), en la qual tamb\u00e9 ha participat el director general d&#8217;Energia i Mines, Manuel R\u00edos.<\/p>\n\n\n\n<p class=\"wp-block-paragraph\">\u201cUna dels ensenyaments que extraiem de la dana \u00e9s la necessitat d&#8217;augmentar la resist\u00e8ncia de la Comunitat Valenciana enfront dels impactes clim\u00e0tics. Per a aix\u00f2, des de la Generalitat estem impulsant iniciatives com el bess\u00f3 digital, que augmentar\u00e0 la nostra capacitat d&#8217;anticipar-nos als riscos, o el Centre Mediterrani d&#8217;Intel\u00b7lig\u00e8ncia Clim\u00e0tica, que permetr\u00e0 convertir les dades i la informaci\u00f3 meteorol\u00f2gica en eines \u00fatils per a prendre millors decisions p\u00fabliques mitjan\u00e7ant l&#8217;\u00fas de la intel\u00b7lig\u00e8ncia artificial\u201d, ha assenyalat M\u00e8rida.<\/p>\n\n\n\n<p class=\"wp-block-paragraph\">El comissionat per a la Recuperaci\u00f3 ha explicat que en l&#8217;actualitat a les regions mediterr\u00e0nies conviuen per\u00edodes prolongats de sequera i temperatures extremes amb episodis de pluges torrencials i inundacions. \u201cEl Mediterrani est\u00e0 mostrant senyals evidents que no podem ignorar, i que hem de traduir en la presa d&#8217;accions, i ho farem a trav\u00e9s del Centre Mediterrani d&#8217;Intel\u00b7lig\u00e8ncia Clim\u00e0tica\u201d, ha assenyalat.&nbsp;<\/p>\n\n\n\n<p class=\"wp-block-paragraph\">Aquest centre, segons Merida, permetr\u00e0 compartir solucions amb altres territoris del Mediterrani i de la resta del m\u00f3n, \u201cposicionant a la Comunitat Valenciana com a pol internacional de coneixement cient\u00edfic i cooperaci\u00f3 \u201c.<\/p>\n\n\n\n<p class=\"wp-block-paragraph\">\u201cPreparar-nos enfront dels efectes del clima no \u00e9s una despesa, \u00e9s una inversi\u00f3. Destinar fons a prevenci\u00f3, planificaci\u00f3 i seguretat significa protegir les persones i reduir costos socials i econ\u00f2mics en el futur\u201d, ha assenyalat el Comissionat per a la Recuperaci\u00f3.&nbsp;<\/p>\n\n\n\n<p class=\"wp-block-paragraph\">Ra\u00fal M\u00e8rida tamb\u00e9 ha recordat durant la seua intervenci\u00f3 els greus danys patits durant la dana en infraestructures energ\u00e8tiques, que van arribar fins i tot a provocar la desconnexi\u00f3 de la Comunitat Valenciana de la xarxa nacional obligant a un reequilibri urgent del mix energ\u00e8tic de la regi\u00f3 per a compensar aquesta caiguda.<\/p>\n\n\n\n<p class=\"wp-block-paragraph\">\u201cLa caiguda a plom de nombroses infraestructures energ\u00e8tiques va provocar problemes en altres serveis com a hospitals, centres de salut o gasolineres, una interdepend\u00e8ncia que va augmentar els efectes de la cat\u00e0strofe\u201d, ha assenyalat M\u00e8rida.&nbsp;<\/p>\n\n\n\n<p class=\"wp-block-paragraph\">El comissionat per a la Recuperaci\u00f3 ha recordat que en tot just 3 hores 7 tornados van derrocar 23 torres i van danyar altres 12 en la Comunitat Valenciana, una subestaci\u00f3 va quedar inundada, 8 l\u00ednies de transmissi\u00f3 van caure i 500 centres de transformaci\u00f3 van resultar negats per l&#8217;aigua.&nbsp;<\/p>\n\n\n\n<p class=\"wp-block-paragraph\"><strong>500.000 persones sense subministrament el\u00e8ctric<\/strong><\/p>\n\n\n\n<p class=\"wp-block-paragraph\">En aquesta l\u00ednia, el director general d&#8217;Energia i Mines, Manuel Arg\u00fcelles, ha exposat tamb\u00e9 durant la seua intervenci\u00f3 en la jornada que despr\u00e9s de les riuades es van quedar sense subministrament el\u00e8ctric de l&#8217;ordre de 500.000 persones, i que gr\u00e0cies a l&#8217;esfor\u00e7 i a la col\u00b7laboraci\u00f3 p\u00fablic-privada entre les companyies i la Generalitat, en tot just 3 dies es va restaurar el servei en un 95%.<\/p>\n\n\n\n<p class=\"wp-block-paragraph\">\u201cEl problema que ens trobem va ser que malgrat que el subministrament estava restaurat no implicava que tots els ciutadans hagueren restablit el seu subministrament a les seues cases ja que el problema tamb\u00e9 era de quadres inutilitzables a causa de les inundacions de les plantes baixes. Per aquest motiu es van posar en marxa de manera urgent contractes d&#8217;emerg\u00e8ncia per a arreglar els quadres el\u00e8ctrics als ciutadans perqu\u00e8 pogueren tindre electricitat a les seues cases en el qual invertim quasi dos milions d&#8217;euros\u201d, ha incidit el director general.<\/p>\n","protected":false},"excerpt":{"rendered":"<div class=\"mh-excerpt\">El Centre Mediterrani d&#8217;Intel\u00b7lig\u00e8ncia Clim\u00e0tica permetr\u00e0 convertir dades en eines per a la presa de decisions p\u00fabliques. Ra\u00fal M\u00e8rida i el director general d&#8217;Energia i Mines han participat en una jornada sobre infraestructures energ\u00e8tiques. El <a class=\"mh-excerpt-more\" href=\"https:\/\/tucomarca.whitekongsoftware.com\/ca\/el-comissionat-per-a-la-recuperacio-assegura-que-augmentar-la-resiliencia-del-territorito-no-es-una-opcio-es-una-obligacio-perque-cada-vegada-seran-mes-habituals-els-episodis-climatics-extrems\/\" title=\"El comissionat per a la Recuperaci\u00f3 assegura que augmentar la resili\u00e8ncia del territorito no \u00e9s una opci\u00f3, \u00e9s una obligaci\u00f3 perqu\u00e8 cada vegada seran m\u00e9s habituals els episodis clim\u00e0tics extrems\">[+] <\/a><\/div>\n","protected":false},"author":13,"featured_media":305614,"comment_status":"closed","ping_status":"open","sticky":false,"template":"","format":"standard","meta":{"footnotes":""},"categories":[21466,10898,10948,10894,10904,10903,10947,10896,10897],"tags":[12903,11199,12166],"class_list":["post-305616","post","type-post","status-publish","format-standard","has-post-thumbnail","category-dana-ca","category-ventana-ca","category-infraestructuras-ca","category-la-comarca-ca","category-sin-categorizar-ca","category-medio-ambiente-la-comarca-ca","category-politica","category-seccion-ca","category-sucesos-la-comarca-ca","tag-infraestructuras-ca","tag-la-comunitat-ca","tag-medio-ambiente-ca"],"_links":{"self":[{"href":"https:\/\/tucomarca.whitekongsoftware.com\/ca\/wp-json\/wp\/v2\/posts\/305616","targetHints":{"allow":["GET"]}}],"collection":[{"href":"https:\/\/tucomarca.whitekongsoftware.com\/ca\/wp-json\/wp\/v2\/posts"}],"about":[{"href":"https:\/\/tucomarca.whitekongsoftware.com\/ca\/wp-json\/wp\/v2\/types\/post"}],"author":[{"embeddable":true,"href":"https:\/\/tucomarca.whitekongsoftware.com\/ca\/wp-json\/wp\/v2\/users\/13"}],"replies":[{"embeddable":true,"href":"https:\/\/tucomarca.whitekongsoftware.com\/ca\/wp-json\/wp\/v2\/comments?post=305616"}],"version-history":[{"count":2,"href":"https:\/\/tucomarca.whitekongsoftware.com\/ca\/wp-json\/wp\/v2\/posts\/305616\/revisions"}],"predecessor-version":[{"id":305618,"href":"https:\/\/tucomarca.whitekongsoftware.com\/ca\/wp-json\/wp\/v2\/posts\/305616\/revisions\/305618"}],"wp:featuredmedia":[{"embeddable":true,"href":"https:\/\/tucomarca.whitekongsoftware.com\/ca\/wp-json\/wp\/v2\/media\/305614"}],"wp:attachment":[{"href":"https:\/\/tucomarca.whitekongsoftware.com\/ca\/wp-json\/wp\/v2\/media?parent=305616"}],"wp:term":[{"taxonomy":"category","embeddable":true,"href":"https:\/\/tucomarca.whitekongsoftware.com\/ca\/wp-json\/wp\/v2\/categories?post=305616"},{"taxonomy":"post_tag","embeddable":true,"href":"https:\/\/tucomarca.whitekongsoftware.com\/ca\/wp-json\/wp\/v2\/tags?post=305616"}],"curies":[{"name":"wp","href":"https:\/\/api.w.org\/{rel}","templated":true}]}}