{"id":305548,"date":"2026-06-17T12:00:00","date_gmt":"2026-06-17T10:00:00","guid":{"rendered":"https:\/\/www.tucomarca.com\/wordpress\/segunda\/?p=305548"},"modified":"2026-06-17T21:31:41","modified_gmt":"2026-06-17T19:31:41","slug":"rescaten-en-helicopter-a-una-senderista-lesionada-en-el-charco-azul-de-chulilla","status":"publish","type":"post","link":"https:\/\/tucomarca.whitekongsoftware.com\/ca\/rescaten-en-helicopter-a-una-senderista-lesionada-en-el-charco-azul-de-chulilla\/","title":{"rendered":"Rescaten en helic\u00f2pter a una senderista lesionada en el Charco Azul de Chulilla"},"content":{"rendered":"\n<p class=\"wp-block-paragraph\">Els bombers del Consorci Provincial de Bombers de Val\u00e8ncia van rescatar en la vesprada d&#8217;ahir dimarts una dona de 64 anys que va resultar ferida mentre realitzava una ruta de senderisme a la zona del <strong>Charco Azul<\/strong>, al terme municipal de Chulilla.<\/p>\n\n\n\n<p class=\"wp-block-paragraph\">Segons ha informat el Consorci, la dona va patir una caiguda que li va provocar una lesi\u00f3 en un turmell, fet que li va impedir continuar la marxa i va requerir la intervenci\u00f3 dels serveis d&#8217;emerg\u00e8ncia.<\/p>\n\n\n\n<p class=\"wp-block-paragraph\">Fins al lloc es va despla\u00e7ar el <strong>Grup Especial de Rescat en Altura (GERA)<\/strong> del Consorci, mobilitzat junt amb l&#8217;helic\u00f2pter de rescat <strong>V-990<\/strong> del Consorci amb personal m\u00e8dic a bord. Els efectius van estabilitzar la senderista i van procedir a la seua extracci\u00f3 per via a\u00e8ria, immobilitzada i sota supervisi\u00f3 sanit\u00e0ria.<\/p>\n\n\n\n<p class=\"wp-block-paragraph\">Posteriorment, la dona va ser traslladada a l&#8217;<strong>Hospital de Ll\u00edria<\/strong>, on va quedar a c\u00e0rrec dels serveis m\u00e8dics per a la seua valoraci\u00f3 i tractament.<\/p>\n\n\n\n<p class=\"wp-block-paragraph\">En el dispositiu tamb\u00e9 van participar un coordinador forestal del <strong>Consorci Provincial de Bombers de Val\u00e8ncia<\/strong> i unitats de bombers forestals de la <strong>Generalitat Valenciana<\/strong>, que van prestar suport terrestre durant les tasques de rescat.<\/p>\n","protected":false},"excerpt":{"rendered":"<div class=\"mh-excerpt\">Els bombers del Consorci Provincial de Bombers de Val\u00e8ncia van rescatar en la vesprada d&#8217;ahir dimarts una dona de 64 anys que va resultar ferida mentre realitzava una ruta de senderisme a la zona del <a class=\"mh-excerpt-more\" href=\"https:\/\/tucomarca.whitekongsoftware.com\/ca\/rescaten-en-helicopter-a-una-senderista-lesionada-en-el-charco-azul-de-chulilla\/\" title=\"Rescaten en helic\u00f2pter a una senderista lesionada en el Charco Azul de Chulilla\">[+] <\/a><\/div>\n","protected":false},"author":12,"featured_media":305546,"comment_status":"closed","ping_status":"open","sticky":false,"template":"","format":"standard","meta":{"footnotes":""},"categories":[11036,11046,10898,10948,10894,10903,10896,10897],"tags":[11084,12834,11928,11080,13578],"class_list":["post-305548","post","type-post","status-publish","format-standard","has-post-thumbnail","category-chulilla-ca","category-los-serranos-ca","category-ventana-ca","category-infraestructuras-ca","category-la-comarca-ca","category-medio-ambiente-la-comarca-ca","category-seccion-ca","category-sucesos-la-comarca-ca","tag-chulilla-ca","tag-consorcio-provincial-de-bomberos-de-valencia-ca","tag-la-serrania-ca","tag-los-serranos-ca","tag-rescate-ca"],"_links":{"self":[{"href":"https:\/\/tucomarca.whitekongsoftware.com\/ca\/wp-json\/wp\/v2\/posts\/305548","targetHints":{"allow":["GET"]}}],"collection":[{"href":"https:\/\/tucomarca.whitekongsoftware.com\/ca\/wp-json\/wp\/v2\/posts"}],"about":[{"href":"https:\/\/tucomarca.whitekongsoftware.com\/ca\/wp-json\/wp\/v2\/types\/post"}],"author":[{"embeddable":true,"href":"https:\/\/tucomarca.whitekongsoftware.com\/ca\/wp-json\/wp\/v2\/users\/12"}],"replies":[{"embeddable":true,"href":"https:\/\/tucomarca.whitekongsoftware.com\/ca\/wp-json\/wp\/v2\/comments?post=305548"}],"version-history":[{"count":2,"href":"https:\/\/tucomarca.whitekongsoftware.com\/ca\/wp-json\/wp\/v2\/posts\/305548\/revisions"}],"predecessor-version":[{"id":305555,"href":"https:\/\/tucomarca.whitekongsoftware.com\/ca\/wp-json\/wp\/v2\/posts\/305548\/revisions\/305555"}],"wp:featuredmedia":[{"embeddable":true,"href":"https:\/\/tucomarca.whitekongsoftware.com\/ca\/wp-json\/wp\/v2\/media\/305546"}],"wp:attachment":[{"href":"https:\/\/tucomarca.whitekongsoftware.com\/ca\/wp-json\/wp\/v2\/media?parent=305548"}],"wp:term":[{"taxonomy":"category","embeddable":true,"href":"https:\/\/tucomarca.whitekongsoftware.com\/ca\/wp-json\/wp\/v2\/categories?post=305548"},{"taxonomy":"post_tag","embeddable":true,"href":"https:\/\/tucomarca.whitekongsoftware.com\/ca\/wp-json\/wp\/v2\/tags?post=305548"}],"curies":[{"name":"wp","href":"https:\/\/api.w.org\/{rel}","templated":true}]}}