{"id":305492,"date":"2026-06-17T09:35:00","date_gmt":"2026-06-17T07:35:00","guid":{"rendered":"https:\/\/www.tucomarca.com\/wordpress\/segunda\/?p=305492"},"modified":"2026-06-17T20:36:02","modified_gmt":"2026-06-17T18:36:02","slug":"la-diputacio-de-valencia-ensenya-el-seu-patrimoni-historic-i-cultural-a-3-500-persones-de-56-municipis-en-la-primera-part-daco-es-la-dipu","status":"publish","type":"post","link":"https:\/\/tucomarca.whitekongsoftware.com\/ca\/la-diputacio-de-valencia-ensenya-el-seu-patrimoni-historic-i-cultural-a-3-500-persones-de-56-municipis-en-la-primera-part-daco-es-la-dipu\/","title":{"rendered":"La Diputaci\u00f3 de Val\u00e8ncia ensenya el seu patrimoni hist\u00f2ric i cultural a 3.500 persones de 56 municipis en la primera part d\u2019\u2018A\u00e7\u00f2 \u00e9s la Dipu\u2019"},"content":{"rendered":"\n<h3 class=\"wp-block-heading\">El programa dirigit a ajuntaments i col\u00b7lectius de dones i persones majors oferix activitats per a fomentar l&#8217;oci i envelliment actiu.<\/h3>\n\n\n\n<h3 class=\"wp-block-heading\">Imma Gonz\u00e1lez: \u201cEl programa est\u00e0 sent un \u00e8xit tant per l&#8217;aflu\u00e8ncia de participants com per l&#8217;impacte positiu en ells\u201d.<\/h3>\n\n\n\n<figure class=\"wp-block-image size-full\"><img loading=\"lazy\" decoding=\"async\" width=\"945\" height=\"638\" src=\"https:\/\/www.tucomarca.com\/wordpress\/segunda\/wp-content\/uploads\/2026\/06\/Dipu_visitaArasde-losOlmos-Corbera.jpg\" alt=\"\" class=\"wp-image-305484\" srcset=\"https:\/\/tucomarca.whitekongsoftware.com\/wp-content\/uploads\/2026\/06\/Dipu_visitaArasde-losOlmos-Corbera.jpg 945w, https:\/\/tucomarca.whitekongsoftware.com\/wp-content\/uploads\/2026\/06\/Dipu_visitaArasde-losOlmos-Corbera-300x203.jpg 300w, https:\/\/tucomarca.whitekongsoftware.com\/wp-content\/uploads\/2026\/06\/Dipu_visitaArasde-losOlmos-Corbera-768x519.jpg 768w\" sizes=\"auto, (max-width: 945px) 100vw, 945px\" \/><\/figure>\n\n\n\n<p class=\"wp-block-paragraph\"><\/p>\n\n\n\n<p class=\"wp-block-paragraph\">La Diputaci\u00f3 de Val\u00e8ncia ha concl\u00f2s este dimecres la primera part del programa \u2018A\u00e7\u00f2 \u00e9s la Dipu\u2019 amb la visita dels grups de Lloc Nou de Sant Jeroni i La Yesa. En total, 3.500 persones de 56 municipis han participat en esta activitat destinada a ajuntaments, associacions de dones i majors o jubilats de la prov\u00edncia de Val\u00e8ncia.&nbsp;<\/p>\n\n\n\n<p class=\"wp-block-paragraph\">El programa, que va comen\u00e7ar el 24 de mar\u00e7 i es reprendr\u00e0 al setembre, oferix visites guiades per a donar a con\u00e9ixer el patrimoni hist\u00f2ric i cultural de la Diputaci\u00f3. A part de la visita als palaus de la Batlia i els Scala, la jornada inclou un circuit en el Centre Cultural La Benefic\u00e8ncia, que alberga el Museu Valenci\u00e0 d&#8217;Etnologia, L\u2019ETNO, i el Museu de Prehist\u00f2ria de Val\u00e8ncia, i conclou amb un menjar de germanor. Unes activitats que afavorixen els vincles entre els participants i fomenten l&#8217;oci i l&#8217;envelliment actiu.<\/p>\n\n\n\n<p class=\"wp-block-paragraph\">Est\u00e0 previst que m\u00e9s d&#8217;un centenar de municipis visiten enguany la Diputaci\u00f3 a trav\u00e9s d&#8217;este programa, que per a 2026 compta amb una inversi\u00f3 de m\u00e9s de 280.000 euros. La iniciativa compta amb la col\u00b7laboraci\u00f3 dels ajuntaments i les associacions locals de dones i tercera edat per a l&#8217;organitzaci\u00f3 i la coordinaci\u00f3 dels beneficiaris.<\/p>\n\n\n\n<p class=\"wp-block-paragraph\">Per a la diputada de Benestar Social, Imma Gonz\u00e1lez, \u2018A\u00e7\u00f2 \u00e9s la Dipu\u2019 \u201cest\u00e0 sent un \u00e8xit tant per l&#8217;aflu\u00e8ncia de participants com per l&#8217;impacte positiu en ells\u201d. \u201c\u00c9s una activitat que els beneficia f\u00edsica i psicol\u00f2gicament, afavorix la sociabilitzaci\u00f3 i refor\u00e7a els seus vincles\u201d, ha explicat Gonz\u00e1lez, al mateix temps que ha destacat \u201cla valoraci\u00f3 positiva d&#8217;ajuntaments i participant sobre el programa\u201d.&nbsp;<\/p>\n\n\n\n<p class=\"wp-block-paragraph\">Per part seua, el president de la Diputaci\u00f3 ha subratllat \u201cl&#8217;aposta\u201d d&#8217;este govern per mostrar el patrimoni de la instituci\u00f3 provincial a la ciutadania: \u201cEns vam posar l&#8217;objectiu d&#8217;obrir les portes de la Diputaci\u00f3 i l&#8217;estem aconseguint. La riquesa patrimonial d&#8217;esta instituci\u00f3 \u00e9s de totes i tots els valencians, que mereixen con\u00e9ixer-la i disfrutar-la\u201d.<\/p>\n","protected":false},"excerpt":{"rendered":"<div class=\"mh-excerpt\">El programa dirigit a ajuntaments i col\u00b7lectius de dones i persones majors oferix activitats per a fomentar l&#8217;oci i envelliment actiu. Imma Gonz\u00e1lez: \u201cEl programa est\u00e0 sent un \u00e8xit tant per l&#8217;aflu\u00e8ncia de participants com <a class=\"mh-excerpt-more\" href=\"https:\/\/tucomarca.whitekongsoftware.com\/ca\/la-diputacio-de-valencia-ensenya-el-seu-patrimoni-historic-i-cultural-a-3-500-persones-de-56-municipis-en-la-primera-part-daco-es-la-dipu\/\" title=\"La Diputaci\u00f3 de Val\u00e8ncia ensenya el seu patrimoni hist\u00f2ric i cultural a 3.500 persones de 56 municipis en la primera part d\u2019\u2018A\u00e7\u00f2 \u00e9s la Dipu\u2019\">[+] <\/a><\/div>\n","protected":false},"author":12,"featured_media":305487,"comment_status":"closed","ping_status":"open","sticky":false,"template":"","format":"standard","meta":{"footnotes":""},"categories":[11042,11046,10898,10948,10894,11023,11007,10947,10896],"tags":[24563,11246],"class_list":["post-305492","post","type-post","status-publish","format-standard","has-post-thumbnail","category-aras-de-olmos-ca","category-los-serranos-ca","category-ventana-ca","category-infraestructuras-ca","category-la-comarca-ca","category-la-yesa-ca","category-ocio-y-cultura-ca","category-politica","category-seccion-ca","tag-aco-es-la-dipu-3","tag-diputacio-de-valencia-ca"],"_links":{"self":[{"href":"https:\/\/tucomarca.whitekongsoftware.com\/ca\/wp-json\/wp\/v2\/posts\/305492","targetHints":{"allow":["GET"]}}],"collection":[{"href":"https:\/\/tucomarca.whitekongsoftware.com\/ca\/wp-json\/wp\/v2\/posts"}],"about":[{"href":"https:\/\/tucomarca.whitekongsoftware.com\/ca\/wp-json\/wp\/v2\/types\/post"}],"author":[{"embeddable":true,"href":"https:\/\/tucomarca.whitekongsoftware.com\/ca\/wp-json\/wp\/v2\/users\/12"}],"replies":[{"embeddable":true,"href":"https:\/\/tucomarca.whitekongsoftware.com\/ca\/wp-json\/wp\/v2\/comments?post=305492"}],"version-history":[{"count":3,"href":"https:\/\/tucomarca.whitekongsoftware.com\/ca\/wp-json\/wp\/v2\/posts\/305492\/revisions"}],"predecessor-version":[{"id":305525,"href":"https:\/\/tucomarca.whitekongsoftware.com\/ca\/wp-json\/wp\/v2\/posts\/305492\/revisions\/305525"}],"wp:featuredmedia":[{"embeddable":true,"href":"https:\/\/tucomarca.whitekongsoftware.com\/ca\/wp-json\/wp\/v2\/media\/305487"}],"wp:attachment":[{"href":"https:\/\/tucomarca.whitekongsoftware.com\/ca\/wp-json\/wp\/v2\/media?parent=305492"}],"wp:term":[{"taxonomy":"category","embeddable":true,"href":"https:\/\/tucomarca.whitekongsoftware.com\/ca\/wp-json\/wp\/v2\/categories?post=305492"},{"taxonomy":"post_tag","embeddable":true,"href":"https:\/\/tucomarca.whitekongsoftware.com\/ca\/wp-json\/wp\/v2\/tags?post=305492"}],"curies":[{"name":"wp","href":"https:\/\/api.w.org\/{rel}","templated":true}]}}