{"id":305477,"date":"2026-06-18T11:00:00","date_gmt":"2026-06-18T09:00:00","guid":{"rendered":"https:\/\/www.tucomarca.com\/wordpress\/segunda\/?p=305477"},"modified":"2026-06-18T20:17:05","modified_gmt":"2026-06-18T18:17:05","slug":"turis-obri-les-portes-a-la-ciutat-iber-romana-de-la-carencia-este-estiu","status":"publish","type":"post","link":"https:\/\/tucomarca.whitekongsoftware.com\/ca\/turis-obri-les-portes-a-la-ciutat-iber-romana-de-la-carencia-este-estiu\/","title":{"rendered":"Tur\u00eds obri les portes a la ciutat iber-romana de La Car\u00e8ncia este estiu"},"content":{"rendered":"\n<p class=\"wp-block-paragraph\">L&#8217;Ajuntament de Tur\u00eds llan\u00e7a en el mes de juny un programa de dinamitzaci\u00f3 cultural i tur\u00edstica centrat en el jaciment arqueol\u00f2gic de La Car\u00e8ncia. Esta iniciativa s&#8217;emmarca dins del pla de resilici\u00e8ncia municipal despr\u00e9s dels efectes de la DANA, buscant la recuperaci\u00f3 del teixit social a trav\u00e9s de la cultura i l&#8217;educaci\u00f3, i consolidar el municipi en l&#8217;oferta de turisme arqueol\u00f2gic a la Comunitat Valenciana.<\/p>\n\n\n\n<p class=\"wp-block-paragraph\">El calendari de visites s&#8217;estendr\u00e0 durant els caps de setmana de juny i juliol de 2026, oferint als visitants un recorregut interpretatiu al llarg del jaciment. A m\u00e9s, el programa ha reservat jornades espec\u00edfiques al setembre per a centres escolars, reafirmant el comprom\u00eds educatiu del projecte.<\/p>\n\n\n\n<p class=\"wp-block-paragraph\">Els responsables de les visites s\u00f3n Sigillata Arqueolog\u00eda, un col\u00b7lectiu jove d&#8217;arque\u00f2legs amb experi\u00e8ncia en excavacions i pon\u00e8ncies integrat per Jordi del Castillo, Albert Parada i Laura Lorente.<\/p>\n\n\n\n<p class=\"wp-block-paragraph\">El col\u00b7lectiu celebrar\u00e0 a m\u00e9s la I Jornada Divulgativa de La Car\u00e8ncia els dies 26 i 27 de setembre, on es realitzaran teatralitzacions en col\u00b7laboraci\u00f3 con agrupacions locals, permetent als assistents con\u00e9ixer de primera m\u00e0 la vida quotidiana dels antics habitants ibers. L&#8217;esdeveniment es complementar\u00e0 amb tallers i visites al &#8220;Cap de Bou&#8221; del segle IV a.C.<\/p>\n\n\n\n<p class=\"wp-block-paragraph\">Tota la informaci\u00f3 sobre les jornades de les visites guiades, i l&#8217;obligada reserva de places en tractar-se de grups redu\u00efts, est\u00e0 disponible en la web municipal www.turis.es i en xarxes socials municipals.<\/p>\n\n\n\n<figure class=\"wp-block-gallery has-nested-images columns-default is-cropped wp-block-gallery-1 is-layout-flex wp-block-gallery-is-layout-flex\">\n<figure class=\"wp-block-image size-large\"><img loading=\"lazy\" decoding=\"async\" width=\"945\" height=\"533\" data-id=\"305471\" src=\"https:\/\/www.tucomarca.com\/wordpress\/segunda\/wp-content\/uploads\/2026\/06\/TurisCarencia2.jpg\" alt=\"\" class=\"wp-image-305471\" srcset=\"https:\/\/tucomarca.whitekongsoftware.com\/wp-content\/uploads\/2026\/06\/TurisCarencia2.jpg 945w, https:\/\/tucomarca.whitekongsoftware.com\/wp-content\/uploads\/2026\/06\/TurisCarencia2-300x169.jpg 300w, https:\/\/tucomarca.whitekongsoftware.com\/wp-content\/uploads\/2026\/06\/TurisCarencia2-768x433.jpg 768w, https:\/\/tucomarca.whitekongsoftware.com\/wp-content\/uploads\/2026\/06\/TurisCarencia2-678x381.jpg 678w\" sizes=\"auto, (max-width: 945px) 100vw, 945px\" \/><\/figure>\n\n\n\n<figure class=\"wp-block-image size-large\"><img loading=\"lazy\" decoding=\"async\" width=\"945\" height=\"709\" data-id=\"305473\" src=\"https:\/\/www.tucomarca.com\/wordpress\/segunda\/wp-content\/uploads\/2026\/06\/TurisCarencia3.jpg\" alt=\"\" class=\"wp-image-305473\" srcset=\"https:\/\/tucomarca.whitekongsoftware.com\/wp-content\/uploads\/2026\/06\/TurisCarencia3.jpg 945w, https:\/\/tucomarca.whitekongsoftware.com\/wp-content\/uploads\/2026\/06\/TurisCarencia3-300x225.jpg 300w, https:\/\/tucomarca.whitekongsoftware.com\/wp-content\/uploads\/2026\/06\/TurisCarencia3-768x576.jpg 768w, https:\/\/tucomarca.whitekongsoftware.com\/wp-content\/uploads\/2026\/06\/TurisCarencia3-678x509.jpg 678w, https:\/\/tucomarca.whitekongsoftware.com\/wp-content\/uploads\/2026\/06\/TurisCarencia3-326x245.jpg 326w, https:\/\/tucomarca.whitekongsoftware.com\/wp-content\/uploads\/2026\/06\/TurisCarencia3-80x60.jpg 80w\" sizes=\"auto, (max-width: 945px) 100vw, 945px\" \/><\/figure>\n<\/figure>\n\n\n\n<p class=\"wp-block-paragraph\"><strong>La Car\u00e8ncia<\/strong><\/p>\n\n\n\n<p class=\"wp-block-paragraph\">La Ciutat Iberroromana Fortificada de La Car\u00e8ncia, reconeguda com a B\u00e9 d&#8217;Inter\u00e9s Cultural des de 2010, \u00e9s una de les ciutats fortificades m\u00e9s rellevants de l&#8217;antiga Edet\u00e0nia. La seua import\u00e0ncia hist\u00f2rica radica en la complexitat de les seues tres muralles d&#8217;\u00e8poca ib\u00e8rica i romana, amb una ocupaci\u00f3 ininterrompuda que compren des de l&#8217;Edat del Bronze fins al segle XII. Amb este projecte, el consistori pret\u00e9n acostar este llegat a la ciutadania mitjan\u00e7ant itineraris que combinen el m\u00e0xim rigor cient\u00edfic, a c\u00e0rrec de tres joves arque\u00f2legs, amb una proposta l\u00fadica adaptada a tots els p\u00fablics.<\/p>\n","protected":false},"excerpt":{"rendered":"<div class=\"mh-excerpt\">L&#8217;Ajuntament de Tur\u00eds llan\u00e7a en el mes de juny un programa de dinamitzaci\u00f3 cultural i tur\u00edstica centrat en el jaciment arqueol\u00f2gic de La Car\u00e8ncia. Esta iniciativa s&#8217;emmarca dins del pla de resilici\u00e8ncia municipal despr\u00e9s dels <a class=\"mh-excerpt-more\" href=\"https:\/\/tucomarca.whitekongsoftware.com\/ca\/turis-obri-les-portes-a-la-ciutat-iber-romana-de-la-carencia-este-estiu\/\" title=\"Tur\u00eds obri les portes a la ciutat iber-romana de La Car\u00e8ncia este estiu\">[+] <\/a><\/div>\n","protected":false},"author":12,"featured_media":305470,"comment_status":"closed","ping_status":"open","sticky":false,"template":"","format":"gallery","meta":{"footnotes":""},"categories":[10948,10894,10902,11007,10896,11047],"tags":[14693,11356,11093],"class_list":["post-305477","post","type-post","status-publish","format-gallery","has-post-thumbnail","category-infraestructuras-ca","category-la-comarca-ca","category-la-ribera-ca","category-ocio-y-cultura-ca","category-seccion-ca","category-turis-ca","tag-la-carencia-ca","tag-ribera-alta-ca","tag-turis-ca","post_format-post-format-gallery"],"_links":{"self":[{"href":"https:\/\/tucomarca.whitekongsoftware.com\/ca\/wp-json\/wp\/v2\/posts\/305477","targetHints":{"allow":["GET"]}}],"collection":[{"href":"https:\/\/tucomarca.whitekongsoftware.com\/ca\/wp-json\/wp\/v2\/posts"}],"about":[{"href":"https:\/\/tucomarca.whitekongsoftware.com\/ca\/wp-json\/wp\/v2\/types\/post"}],"author":[{"embeddable":true,"href":"https:\/\/tucomarca.whitekongsoftware.com\/ca\/wp-json\/wp\/v2\/users\/12"}],"replies":[{"embeddable":true,"href":"https:\/\/tucomarca.whitekongsoftware.com\/ca\/wp-json\/wp\/v2\/comments?post=305477"}],"version-history":[{"count":1,"href":"https:\/\/tucomarca.whitekongsoftware.com\/ca\/wp-json\/wp\/v2\/posts\/305477\/revisions"}],"predecessor-version":[{"id":305478,"href":"https:\/\/tucomarca.whitekongsoftware.com\/ca\/wp-json\/wp\/v2\/posts\/305477\/revisions\/305478"}],"wp:featuredmedia":[{"embeddable":true,"href":"https:\/\/tucomarca.whitekongsoftware.com\/ca\/wp-json\/wp\/v2\/media\/305470"}],"wp:attachment":[{"href":"https:\/\/tucomarca.whitekongsoftware.com\/ca\/wp-json\/wp\/v2\/media?parent=305477"}],"wp:term":[{"taxonomy":"category","embeddable":true,"href":"https:\/\/tucomarca.whitekongsoftware.com\/ca\/wp-json\/wp\/v2\/categories?post=305477"},{"taxonomy":"post_tag","embeddable":true,"href":"https:\/\/tucomarca.whitekongsoftware.com\/ca\/wp-json\/wp\/v2\/tags?post=305477"}],"curies":[{"name":"wp","href":"https:\/\/api.w.org\/{rel}","templated":true}]}}