{"id":305465,"date":"2026-06-17T10:10:00","date_gmt":"2026-06-17T08:10:00","guid":{"rendered":"https:\/\/www.tucomarca.com\/wordpress\/segunda\/?p=305465"},"modified":"2026-06-17T20:49:31","modified_gmt":"2026-06-17T18:49:31","slug":"veins-de-mas-camarena-convoquen-una-mobilitzacio-contra-la-construccio-dun-macrodeposit-daigua-al-costat-de-les-seues-vivendes","status":"publish","type":"post","link":"https:\/\/tucomarca.whitekongsoftware.com\/ca\/veins-de-mas-camarena-convoquen-una-mobilitzacio-contra-la-construccio-dun-macrodeposit-daigua-al-costat-de-les-seues-vivendes\/","title":{"rendered":"Ve\u00efns de Mas Camarena convoquen una mobilitzaci\u00f3 contra la construcci\u00f3 d\u2019un macrodep\u00f2sit d\u2019aigua al costat de les seues vivendes"},"content":{"rendered":"\n<p class=\"wp-block-paragraph\">L\u2019Associaci\u00f3 de Propietaris Mas Camarena (B\u00e9tera) ha convocat una mobilitzaci\u00f3 ve\u00efnal per a mostrar el seu rebuig al projecte de construcci\u00f3 d\u2019un macrodep\u00f2sit d\u2019aigua potable a la urbanitzaci\u00f3. La protesta tindr\u00e0 lloc el pr\u00f2xim <strong>18 de juny a les 17.00 hores a l\u2019Edifici Multiusos<\/strong> de Mas Camarena, a B\u00e9tera.<\/p>\n\n\n\n<p class=\"wp-block-paragraph\">Segons ha informat l\u2019associaci\u00f3, &#8220;la mobilitzaci\u00f3 es produ\u00efx despr\u00e9s que l\u2019Ajuntament de B\u00e9tera haja dut a terme actuacions relacionades amb este projecte, que contempla la construcci\u00f3 d\u2019un dep\u00f2sit amb capacitat per a <strong>cinc milions de litres d\u2019aigua<\/strong>&#8220;. L\u2019entitat ve\u00efnal sost\u00e9 que la infraestructura &#8220;s\u2019ubicaria a escassa dist\u00e0ncia de les vivendes, generant una important preocupaci\u00f3 entre els residents&#8221;.<\/p>\n\n\n\n<p class=\"wp-block-paragraph\">L\u2019associaci\u00f3 recorda que el projecte &#8220;es troba actualment en l\u2019\u00e0mbit judicial despr\u00e9s de la demanda presentada davant del <strong>Jutjat Contenci\u00f3s Administratiu n\u00famero 1 de Val\u00e8ncia<\/strong>&#8220;, i assegura &#8220;que m\u00e9s de 1.200 fam\u00edlies de la urbanitzaci\u00f3 se senten afectades per esta actuaci\u00f3&#8221;.<\/p>\n\n\n\n<p class=\"wp-block-paragraph\"><strong>Preocupaci\u00f3 per la seguretat i l\u2019impacte urban\u00edstic<\/strong><\/p>\n\n\n\n<p class=\"wp-block-paragraph\">Entre les principals reivindicacions dels ve\u00efns figura &#8220;la preocupaci\u00f3 per la proximitat del dep\u00f2sit a les vivendes, en considerar que podria generar un important impacte visual i afectar la seguretat de la zona&#8221;.<\/p>\n\n\n\n<p class=\"wp-block-paragraph\">Aix\u00ed mateix, l\u2019associaci\u00f3 denuncia &#8220;una suposada falta de transpar\u00e8ncia en la informaci\u00f3 oferida sobre el projecte i sost\u00e9 que les caracter\u00edstiques reals de la infraestructura diferixen de les presentades inicialment&#8221;. Segons indiquen, &#8220;els informes t\u00e8cnics reflectirien una altura superior a la comunicada en un primer moment, fet que, al seu ju\u00ed, podria ser incompatible amb l\u2019entorn residencial&#8221;.<\/p>\n\n\n\n<p class=\"wp-block-paragraph\"><strong>Temor a un possible risc estructural<\/strong><\/p>\n\n\n\n<p class=\"wp-block-paragraph\">Els residents tamb\u00e9 expressen la seua &#8220;inquietud davant les conseq\u00fc\u00e8ncies que podria tindre una hipot\u00e8tica fallada estructural del dep\u00f2sit&#8221;. L\u2019associaci\u00f3 advertix que una ruptura &#8220;podria provocar l\u2019alliberament de milions de litres d\u2019aigua, amb possibles efectes sobre les vivendes pr\u00f2ximes&#8221;.<\/p>\n\n\n\n<p class=\"wp-block-paragraph\">A m\u00e9s, critiquen &#8220;que no s\u2019hagen valorat suficientment altres alternatives d\u2019ubicaci\u00f3 que, segons defensen, resultarien m\u00e9s segures i menys impactants per als ve\u00efns&#8221;.<\/p>\n\n\n\n<p class=\"wp-block-paragraph\">Sota el lema <strong>\u00abMou-te, \u00e9s la urbanitzaci\u00f3 on vius la que est\u00e0 en joc!\u00bb<\/strong>, l\u2019Associaci\u00f3 de Propietaris Mas Camarena fa una crida a la participaci\u00f3 ciutadana i sol\u00b7licita la paralitzaci\u00f3 del projecte mentre s\u2019estudien altres solucions.<\/p>\n","protected":false},"excerpt":{"rendered":"<div class=\"mh-excerpt\">L\u2019Associaci\u00f3 de Propietaris Mas Camarena (B\u00e9tera) ha convocat una mobilitzaci\u00f3 ve\u00efnal per a mostrar el seu rebuig al projecte de construcci\u00f3 d\u2019un macrodep\u00f2sit d\u2019aigua potable a la urbanitzaci\u00f3. La protesta tindr\u00e0 lloc el pr\u00f2xim 18 <a class=\"mh-excerpt-more\" href=\"https:\/\/tucomarca.whitekongsoftware.com\/ca\/veins-de-mas-camarena-convoquen-una-mobilitzacio-contra-la-construccio-dun-macrodeposit-daigua-al-costat-de-les-seues-vivendes\/\" title=\"Ve\u00efns de Mas Camarena convoquen una mobilitzaci\u00f3 contra la construcci\u00f3 d\u2019un macrodep\u00f2sit d\u2019aigua al costat de les seues vivendes\">[+] <\/a><\/div>\n","protected":false},"author":12,"featured_media":305461,"comment_status":"closed","ping_status":"open","sticky":false,"template":"","format":"standard","meta":{"footnotes":""},"categories":[10937,10892,10948,10894,10903,10947,10896],"tags":[11202,10899,24562],"class_list":["post-305465","post","type-post","status-publish","format-standard","has-post-thumbnail","category-betera-ca","category-camp-de-turia-ca","category-infraestructuras-ca","category-la-comarca-ca","category-medio-ambiente-la-comarca-ca","category-politica","category-seccion-ca","tag-betera-ca","tag-camp-de-turia-ca","tag-mas-camarena"],"_links":{"self":[{"href":"https:\/\/tucomarca.whitekongsoftware.com\/ca\/wp-json\/wp\/v2\/posts\/305465","targetHints":{"allow":["GET"]}}],"collection":[{"href":"https:\/\/tucomarca.whitekongsoftware.com\/ca\/wp-json\/wp\/v2\/posts"}],"about":[{"href":"https:\/\/tucomarca.whitekongsoftware.com\/ca\/wp-json\/wp\/v2\/types\/post"}],"author":[{"embeddable":true,"href":"https:\/\/tucomarca.whitekongsoftware.com\/ca\/wp-json\/wp\/v2\/users\/12"}],"replies":[{"embeddable":true,"href":"https:\/\/tucomarca.whitekongsoftware.com\/ca\/wp-json\/wp\/v2\/comments?post=305465"}],"version-history":[{"count":3,"href":"https:\/\/tucomarca.whitekongsoftware.com\/ca\/wp-json\/wp\/v2\/posts\/305465\/revisions"}],"predecessor-version":[{"id":305541,"href":"https:\/\/tucomarca.whitekongsoftware.com\/ca\/wp-json\/wp\/v2\/posts\/305465\/revisions\/305541"}],"wp:featuredmedia":[{"embeddable":true,"href":"https:\/\/tucomarca.whitekongsoftware.com\/ca\/wp-json\/wp\/v2\/media\/305461"}],"wp:attachment":[{"href":"https:\/\/tucomarca.whitekongsoftware.com\/ca\/wp-json\/wp\/v2\/media?parent=305465"}],"wp:term":[{"taxonomy":"category","embeddable":true,"href":"https:\/\/tucomarca.whitekongsoftware.com\/ca\/wp-json\/wp\/v2\/categories?post=305465"},{"taxonomy":"post_tag","embeddable":true,"href":"https:\/\/tucomarca.whitekongsoftware.com\/ca\/wp-json\/wp\/v2\/tags?post=305465"}],"curies":[{"name":"wp","href":"https:\/\/api.w.org\/{rel}","templated":true}]}}