{"id":305454,"date":"2026-06-17T11:30:00","date_gmt":"2026-06-17T09:30:00","guid":{"rendered":"https:\/\/www.tucomarca.com\/wordpress\/segunda\/?p=305454"},"modified":"2026-06-17T20:32:40","modified_gmt":"2026-06-17T18:32:40","slug":"els-serveis-socials-municipals-de-turis-reben-la-creu-dor-de-lorde-civil-per-la-seua-labor-despres-de-la-dana","status":"publish","type":"post","link":"https:\/\/tucomarca.whitekongsoftware.com\/ca\/els-serveis-socials-municipals-de-turis-reben-la-creu-dor-de-lorde-civil-per-la-seua-labor-despres-de-la-dana\/","title":{"rendered":"Els Serveis Socials Municipals de Tur\u00eds reben la Creu d\u2019Or de l\u2019Orde Civil per la seua labor despr\u00e9s de la DANA"},"content":{"rendered":"\n<p class=\"wp-block-paragraph\">Els Serveis Socials Municipals de Tur\u00eds han sigut distingits amb la Creu d\u2019Or de l\u2019Orde Civil, una condecoraci\u00f3 concedida pel Govern d\u2019Espanya en reconeixement al treball desenvolupat pels equips de serveis socials dels municipis afectats per la DANA.<\/p>\n\n\n\n<p class=\"wp-block-paragraph\">Esta distinci\u00f3 posa en valor la dedicaci\u00f3, el comprom\u00eds i l\u2019esfor\u00e7 realitzat per estos professionals per a atendre la ciutadania i contribuir a pal\u00b7liar les conseq\u00fc\u00e8ncies derivades d\u2019este episodi meteorol\u00f2gic, exercint un paper fonamental en l\u2019assist\u00e8ncia i l\u2019acompanyament de les persones afectades.<\/p>\n\n\n\n<p class=\"wp-block-paragraph\">L\u2019acte de lliurament de la condecoraci\u00f3 va estar presidit pel ministre de Drets Socials, Consum i Agenda 2030, Pablo Bustinduy, qui va destacar la important labor desenvolupada pels serveis socials municipals durant l\u2019emerg\u00e8ncia i en les posteriors tasques de recuperaci\u00f3.<\/p>\n\n\n\n<p class=\"wp-block-paragraph\">En representaci\u00f3 de l\u2019Ajuntament de Tur\u00eds van arreplegar esta distinci\u00f3 Ismael Corell, aleshores alcalde de la localitat; Carmela Collado, regidora de Serveis Socials; i Marta Alarc\u00f3n, en nom de tot l\u2019equip de Serveis Socials del municipi.<\/p>\n\n\n\n<p class=\"wp-block-paragraph\">Amb este reconeixement, el Govern d\u2019Espanya posa de manifest la import\u00e0ncia de la labor que exercixen els serveis socials en situacions de crisi, aix\u00ed com la seua contribuci\u00f3 a la protecci\u00f3 i el benestar de les persones m\u00e9s vulnerables.<\/p>\n","protected":false},"excerpt":{"rendered":"<div class=\"mh-excerpt\">Els Serveis Socials Municipals de Tur\u00eds han sigut distingits amb la Creu d\u2019Or de l\u2019Orde Civil, una condecoraci\u00f3 concedida pel Govern d\u2019Espanya en reconeixement al treball desenvolupat pels equips de serveis socials dels municipis afectats <a class=\"mh-excerpt-more\" href=\"https:\/\/tucomarca.whitekongsoftware.com\/ca\/els-serveis-socials-municipals-de-turis-reben-la-creu-dor-de-lorde-civil-per-la-seua-labor-despres-de-la-dana\/\" title=\"Els Serveis Socials Municipals de Tur\u00eds reben la Creu d\u2019Or de l\u2019Orde Civil per la seua labor despr\u00e9s de la DANA\">[+] <\/a><\/div>\n","protected":false},"author":12,"featured_media":305452,"comment_status":"closed","ping_status":"open","sticky":false,"template":"","format":"standard","meta":{"footnotes":""},"categories":[21466,10948,10894,10904,10902,10903,10947,10896,10897,11047],"tags":[11356,24560,11093],"class_list":["post-305454","post","type-post","status-publish","format-standard","has-post-thumbnail","category-dana-ca","category-infraestructuras-ca","category-la-comarca-ca","category-sin-categorizar-ca","category-la-ribera-ca","category-medio-ambiente-la-comarca-ca","category-politica","category-seccion-ca","category-sucesos-la-comarca-ca","category-turis-ca","tag-ribera-alta-ca","tag-servicios-sociales-municipales-de-turis","tag-turis-ca"],"_links":{"self":[{"href":"https:\/\/tucomarca.whitekongsoftware.com\/ca\/wp-json\/wp\/v2\/posts\/305454","targetHints":{"allow":["GET"]}}],"collection":[{"href":"https:\/\/tucomarca.whitekongsoftware.com\/ca\/wp-json\/wp\/v2\/posts"}],"about":[{"href":"https:\/\/tucomarca.whitekongsoftware.com\/ca\/wp-json\/wp\/v2\/types\/post"}],"author":[{"embeddable":true,"href":"https:\/\/tucomarca.whitekongsoftware.com\/ca\/wp-json\/wp\/v2\/users\/12"}],"replies":[{"embeddable":true,"href":"https:\/\/tucomarca.whitekongsoftware.com\/ca\/wp-json\/wp\/v2\/comments?post=305454"}],"version-history":[{"count":1,"href":"https:\/\/tucomarca.whitekongsoftware.com\/ca\/wp-json\/wp\/v2\/posts\/305454\/revisions"}],"predecessor-version":[{"id":305455,"href":"https:\/\/tucomarca.whitekongsoftware.com\/ca\/wp-json\/wp\/v2\/posts\/305454\/revisions\/305455"}],"wp:featuredmedia":[{"embeddable":true,"href":"https:\/\/tucomarca.whitekongsoftware.com\/ca\/wp-json\/wp\/v2\/media\/305452"}],"wp:attachment":[{"href":"https:\/\/tucomarca.whitekongsoftware.com\/ca\/wp-json\/wp\/v2\/media?parent=305454"}],"wp:term":[{"taxonomy":"category","embeddable":true,"href":"https:\/\/tucomarca.whitekongsoftware.com\/ca\/wp-json\/wp\/v2\/categories?post=305454"},{"taxonomy":"post_tag","embeddable":true,"href":"https:\/\/tucomarca.whitekongsoftware.com\/ca\/wp-json\/wp\/v2\/tags?post=305454"}],"curies":[{"name":"wp","href":"https:\/\/api.w.org\/{rel}","templated":true}]}}