{"id":305445,"date":"2026-06-17T11:00:00","date_gmt":"2026-06-17T09:00:00","guid":{"rendered":"https:\/\/www.tucomarca.com\/wordpress\/segunda\/?p=305445"},"modified":"2026-06-17T20:30:25","modified_gmt":"2026-06-17T18:30:25","slug":"turisme-comunitat-valenciana-llanca-una-nova-linia-dajudes-per-a-impulsar-lactivitat-turistica-en-municipis-en-risc-de-despoblacio","status":"publish","type":"post","link":"https:\/\/tucomarca.whitekongsoftware.com\/ca\/turisme-comunitat-valenciana-llanca-una-nova-linia-dajudes-per-a-impulsar-lactivitat-turistica-en-municipis-en-risc-de-despoblacio\/","title":{"rendered":"Turisme Comunitat Valenciana llan\u00e7a una nova l\u00ednia d&#8217;ajudes per a impulsar l&#8217;activitat tur\u00edstica en municipis en risc de despoblaci\u00f3"},"content":{"rendered":"\n<h3 class=\"wp-block-heading\">Mari\u00e1n Cano subratlla que aquesta convocat\u00f2ria, dotada amb 750.000 euros, t\u00e9 com a objectiu \u201crefor\u00e7ar l&#8217;activitat tur\u00edstica com a motor de desenvolupament econ\u00f2mic i social a l&#8217;interior de la Comunitat Valenciana\u201d<\/h3>\n\n\n\n<h3 class=\"wp-block-heading\">L&#8217;ajuda podr\u00e0 aconseguir el 75% del cost subvencionable, amb un m\u00e0xim de 37.500 euros per beneficiari, i el termini de presentaci\u00f3 de sol\u00b7licituds ser\u00e0 del 22 de juny al 3 de juliol de 2026<\/h3>\n\n\n\n<p class=\"wp-block-paragraph\">Turisme Comunitat Valenciana ha publicat en el&nbsp;Diari Oficial de la Generalitat Valenciana&nbsp;(DOGV) la nova l\u00ednia d&#8217;ajudes destinada a impulsar l&#8217;activitat tur\u00edstica en municipis de la Comunitat Valenciana en risc de despoblaci\u00f3, dotada amb un pressupost de 750.000 euros per a l&#8217;exercici 2026.<\/p>\n\n\n\n<p class=\"wp-block-paragraph\">Es tracta d&#8217;una nova convocat\u00f2ria d&#8217;ajudes, en r\u00e8gim de concurr\u00e8ncia competitiva, dirigida a recolzar projectes tur\u00edstics que contribu\u00efsquen a crear, consolidar i ampliar l&#8217;oferta tur\u00edstica exclusivament en municipis afectats pel despoblament, afavorint la seua dinamitzaci\u00f3 econ\u00f2mica i social.<\/p>\n\n\n\n<p class=\"wp-block-paragraph\">La consellera d&#8217;Ind\u00fastria, Turisme, Innovaci\u00f3 i Comer\u00e7, Mari\u00e1n Cano, ha subratllat que aquesta nova l\u00ednia d&#8217;ajudes t\u00e9 com a objectiu contribuir a frenar la despoblaci\u00f3 mitjan\u00e7ant l&#8217;impuls de l&#8217;activitat tur\u00edstica en els municipis de l&#8217;interior de la Comunitat Valenciana.<\/p>\n\n\n\n<p class=\"wp-block-paragraph\">Aix\u00ed mateix, Cano ha remarcat que \u201cel turisme \u00e9s una eina clau per a avan\u00e7ar en la cohesi\u00f3 territorial, posar en valor els recursos locals i afavorir que els municipis d&#8217;interior puguen desenvolupar propostes tur\u00edstiques sostenibles, atractives i amb continu\u00eftat en el temps\u201d.<\/p>\n\n\n\n<p class=\"wp-block-paragraph\">La consellera de Turisme ha assenyalat que aquesta nova l\u00ednia d&#8217;ajudes s&#8217;emmarca en l&#8217;estrat\u00e8gia de Turisme Comunitat Valenciana orientada a impulsar un turisme generador d&#8217;oportunitats en el territori, afavorint la diversificaci\u00f3 econ\u00f2mica i la fixaci\u00f3 de poblaci\u00f3 en les zones d&#8217;interior.<\/p>\n\n\n\n<p class=\"wp-block-paragraph\">El director general d&#8217;Administraci\u00f3 Local, Jos\u00e9 Antonio Redorat, ha ressaltat que \u201cestem tractant el repte de la lluita contra la despoblaci\u00f3, no sols mitjan\u00e7ant el manteniment i millora de les l\u00ednies pressupost\u00e0ries, sin\u00f3 tamb\u00e9 a trav\u00e9s d&#8217;un treball transversal del Consell en el seu conjunt, amb una mirada en positiu de cadascuna de les conselleries cap a tots els municipis d&#8217;interior que pateixen aquest fenomen\u201d. Per aix\u00f2, ha agra\u00eft &#8220;el treball sectorial realitzat per cada conselleria\u201d.<\/p>\n\n\n\n<p class=\"wp-block-paragraph\">Podran optar a aquestes ajudes empreses tur\u00edstiques inscrites en el Registre de Turisme de la Comunitat Valenciana, aix\u00ed com persones treballadores aut\u00f2nomes i empreses adherides al programa Creaturisme, que impulsen projectes tur\u00edstics capa\u00e7os de generar flux de visitants cap a municipis en risc de despoblaci\u00f3.<\/p>\n\n\n\n<p class=\"wp-block-paragraph\">L&#8217;ajuda podr\u00e0 aconseguir el 75% del cost subvencionable, mentre que l&#8217;import m\u00e0xim per entitat benefici\u00e0ria ser\u00e0 de 37.500 euros. Aix\u00ed mateix, no es contemplaran ajudes per a projectes el cost subvencionable dels quals siga inferior a 15.000 euros.<\/p>\n\n\n\n<p class=\"wp-block-paragraph\">Turisme Comunitat Valenciana ha organitzat per al 19 de juny una jornada en l\u00ednia dirigida a informar les persones interessades sobre aquesta nova l\u00ednia d&#8217;ajudes.<\/p>\n\n\n\n<p class=\"wp-block-paragraph\"><strong>Sobre la nova l\u00ednia d&#8217;ajudes<\/strong><\/p>\n\n\n\n<p class=\"wp-block-paragraph\">Entre les actuacions subvencionables s&#8217;inclouran projectes d&#8217;activitats tur\u00edstiques, despeses de personal vinculat al projecte, lloguer de locals comercials o vehicles necessaris per al seu desenvolupament, contractaci\u00f3 de serveis externs, campanyes de promoci\u00f3 i publicitat directament relacionades amb l&#8217;actuaci\u00f3, aix\u00ed com imposats locals i despeses d&#8217;auditoria del compte justificatiu.&nbsp;<\/p>\n\n\n\n<p class=\"wp-block-paragraph\">En tot cas, la convocat\u00f2ria es dirigeix a iniciatives que integren un conjunt d&#8217;activitats o actuacions de car\u00e0cter peri\u00f2dic o amb continu\u00eftat temporal, per la qual cosa no tindran cabuda les propostes basades \u00fanicament en una acci\u00f3 puntual.<\/p>\n\n\n\n<p class=\"wp-block-paragraph\">El termini de presentaci\u00f3 de sol\u00b7licituds s&#8217;iniciar\u00e0 el 22 de juny i finalitzar\u00e0 el 3 de juliol de 2026. La tramitaci\u00f3 haur\u00e0 de realitzar-se exclusivament per via telem\u00e0tica, a trav\u00e9s de la seu electr\u00f2nica de la Generalitat i del tr\u00e0mit espec\u00edfic habilitat per a aquest programa, despr\u00e9s de la publicaci\u00f3 de la convocat\u00f2ria en el DOGV.<\/p>\n\n\n\n<p class=\"wp-block-paragraph\">Cal destacar que els projectes subvencionats hauran d&#8217;executar-se entre l&#8217;1 de gener i el 31 de desembre de 2026.&nbsp;<\/p>\n\n\n\n<p class=\"wp-block-paragraph\">Amb aquesta nova l\u00ednia d&#8217;ajudes, Turisme Comunitat Valenciana refor\u00e7a la seua aposta per impulsar l&#8217;activitat tur\u00edstica com a instrument per a combatre el despoblament, dinamitzar el teixit econ\u00f2mic local i generar noves oportunitats en els municipis de l&#8217;interior de la Comunitat Valenciana.<\/p>\n","protected":false},"excerpt":{"rendered":"<div class=\"mh-excerpt\">Mari\u00e1n Cano subratlla que aquesta convocat\u00f2ria, dotada amb 750.000 euros, t\u00e9 com a objectiu \u201crefor\u00e7ar l&#8217;activitat tur\u00edstica com a motor de desenvolupament econ\u00f2mic i social a l&#8217;interior de la Comunitat Valenciana\u201d L&#8217;ajuda podr\u00e0 aconseguir el <a class=\"mh-excerpt-more\" href=\"https:\/\/tucomarca.whitekongsoftware.com\/ca\/turisme-comunitat-valenciana-llanca-una-nova-linia-dajudes-per-a-impulsar-lactivitat-turistica-en-municipis-en-risc-de-despoblacio\/\" title=\"Turisme Comunitat Valenciana llan\u00e7a una nova l\u00ednia d&#8217;ajudes per a impulsar l&#8217;activitat tur\u00edstica en municipis en risc de despoblaci\u00f3\">[+] <\/a><\/div>\n","protected":false},"author":13,"featured_media":305442,"comment_status":"closed","ping_status":"open","sticky":false,"template":"","format":"standard","meta":{"footnotes":""},"categories":[10898,10948,10894,10904,10947,10896],"tags":[13821,11498,15325,12903,11199],"class_list":["post-305445","post","type-post","status-publish","format-standard","has-post-thumbnail","category-ventana-ca","category-infraestructuras-ca","category-la-comarca-ca","category-sin-categorizar-ca","category-politica","category-seccion-ca","tag-ayudas-ca","tag-generalitat-valenciana-ca","tag-gva-ca","tag-infraestructuras-ca","tag-la-comunitat-ca"],"_links":{"self":[{"href":"https:\/\/tucomarca.whitekongsoftware.com\/ca\/wp-json\/wp\/v2\/posts\/305445","targetHints":{"allow":["GET"]}}],"collection":[{"href":"https:\/\/tucomarca.whitekongsoftware.com\/ca\/wp-json\/wp\/v2\/posts"}],"about":[{"href":"https:\/\/tucomarca.whitekongsoftware.com\/ca\/wp-json\/wp\/v2\/types\/post"}],"author":[{"embeddable":true,"href":"https:\/\/tucomarca.whitekongsoftware.com\/ca\/wp-json\/wp\/v2\/users\/13"}],"replies":[{"embeddable":true,"href":"https:\/\/tucomarca.whitekongsoftware.com\/ca\/wp-json\/wp\/v2\/comments?post=305445"}],"version-history":[{"count":2,"href":"https:\/\/tucomarca.whitekongsoftware.com\/ca\/wp-json\/wp\/v2\/posts\/305445\/revisions"}],"predecessor-version":[{"id":305447,"href":"https:\/\/tucomarca.whitekongsoftware.com\/ca\/wp-json\/wp\/v2\/posts\/305445\/revisions\/305447"}],"wp:featuredmedia":[{"embeddable":true,"href":"https:\/\/tucomarca.whitekongsoftware.com\/ca\/wp-json\/wp\/v2\/media\/305442"}],"wp:attachment":[{"href":"https:\/\/tucomarca.whitekongsoftware.com\/ca\/wp-json\/wp\/v2\/media?parent=305445"}],"wp:term":[{"taxonomy":"category","embeddable":true,"href":"https:\/\/tucomarca.whitekongsoftware.com\/ca\/wp-json\/wp\/v2\/categories?post=305445"},{"taxonomy":"post_tag","embeddable":true,"href":"https:\/\/tucomarca.whitekongsoftware.com\/ca\/wp-json\/wp\/v2\/tags?post=305445"}],"curies":[{"name":"wp","href":"https:\/\/api.w.org\/{rel}","templated":true}]}}