{"id":305438,"date":"2026-06-18T09:30:00","date_gmt":"2026-06-18T07:30:00","guid":{"rendered":"https:\/\/www.tucomarca.com\/wordpress\/segunda\/?p=305438"},"modified":"2026-06-18T18:53:42","modified_gmt":"2026-06-18T16:53:42","slug":"cortes-de-pallas-celebrara-la-festivitat-de-sant-pauli-de-nola-patro-del-municipi","status":"publish","type":"post","link":"https:\/\/tucomarca.whitekongsoftware.com\/ca\/cortes-de-pallas-celebrara-la-festivitat-de-sant-pauli-de-nola-patro-del-municipi\/","title":{"rendered":"Cortes de Pall\u00e1s celebrar\u00e0 la festivitat de Sant Paul\u00ed de Nola, patr\u00f3 del municipi"},"content":{"rendered":"\n<p class=\"wp-block-paragraph\">El municipi de <strong>Cortes de Pall\u00e1s<\/strong> es prepara per a retre homenatge al seu patr\u00f3, <strong>Sant Paul\u00ed de Nola<\/strong>, amb una celebraci\u00f3 religiosa que tindr\u00e0 lloc el pr\u00f2xim <strong>28 de juny de 2026<\/strong> a la <strong>Parr\u00f2quia Nostra Senyora dels \u00c0ngels<\/strong>.<\/p>\n\n\n\n<p class=\"wp-block-paragraph\">Els actes comen\u00e7aran a les <strong>19,00 hores<\/strong> amb la celebraci\u00f3 d&#8217;una solemne missa en honor al sant patr\u00f3. Posteriorment, els fidels i ve\u00efns podran participar en la tradicional <strong>process\u00f3<\/strong> pels carrers de la localitat, una cita que cada any reunix nombrosos ve\u00efns al voltant d&#8217;una de les festivitats m\u00e9s arrelades del municipi.<\/p>\n\n\n\n<p class=\"wp-block-paragraph\">La jornada conclour\u00e0 amb un <strong>vi d&#8217;honor<\/strong>, que servir\u00e0 com a espai de trobada i conviv\u00e8ncia entre els assistents despr\u00e9s dels actes religiosos.<\/p>\n\n\n\n<p class=\"wp-block-paragraph\">La festivitat de <strong>Sant Paul\u00ed de Nola<\/strong> constitu\u00efx una de les celebracions m\u00e9s significatives del calendari local, mantenint viva la tradici\u00f3, la devoci\u00f3 i el sentiment d&#8217;identitat dels ve\u00efns de Cortes de Pall\u00e1s.<\/p>\n\n\n\n<p class=\"wp-block-paragraph\">Des de l&#8217;Ajuntament es convida tota la ciutadania i els visitants a participar en esta jornada festiva i religiosa dedicada al patr\u00f3 del municipi, compartint una celebraci\u00f3 que forma part del patrimoni cultural i hist\u00f2ric de la localitat.<\/p>\n","protected":false},"excerpt":{"rendered":"<div class=\"mh-excerpt\">El municipi de Cortes de Pall\u00e1s es prepara per a retre homenatge al seu patr\u00f3, Sant Paul\u00ed de Nola, amb una celebraci\u00f3 religiosa que tindr\u00e0 lloc el pr\u00f2xim 28 de juny de 2026 a la <a class=\"mh-excerpt-more\" href=\"https:\/\/tucomarca.whitekongsoftware.com\/ca\/cortes-de-pallas-celebrara-la-festivitat-de-sant-pauli-de-nola-patro-del-municipi\/\" title=\"Cortes de Pall\u00e1s celebrar\u00e0 la festivitat de Sant Paul\u00ed de Nola, patr\u00f3 del municipi\">[+] <\/a><\/div>\n","protected":false},"author":12,"featured_media":305437,"comment_status":"closed","ping_status":"open","sticky":false,"template":"","format":"standard","meta":{"footnotes":""},"categories":[11019,10951,10953,10894,11007,10896],"tags":[11230,11934,24557,24558],"class_list":["post-305438","post","type-post","status-publish","format-standard","has-post-thumbnail","category-agenda-ca","category-ayora-cofrentes-ca","category-cortes-de-pallas-ca","category-la-comarca-ca","category-ocio-y-cultura-ca","category-seccion-ca","tag-cortes-de-pallas-ca","tag-el-valle-de-ayora-cofrentes-ca","tag-patron","tag-san-paulino-de-nola"],"_links":{"self":[{"href":"https:\/\/tucomarca.whitekongsoftware.com\/ca\/wp-json\/wp\/v2\/posts\/305438","targetHints":{"allow":["GET"]}}],"collection":[{"href":"https:\/\/tucomarca.whitekongsoftware.com\/ca\/wp-json\/wp\/v2\/posts"}],"about":[{"href":"https:\/\/tucomarca.whitekongsoftware.com\/ca\/wp-json\/wp\/v2\/types\/post"}],"author":[{"embeddable":true,"href":"https:\/\/tucomarca.whitekongsoftware.com\/ca\/wp-json\/wp\/v2\/users\/12"}],"replies":[{"embeddable":true,"href":"https:\/\/tucomarca.whitekongsoftware.com\/ca\/wp-json\/wp\/v2\/comments?post=305438"}],"version-history":[{"count":3,"href":"https:\/\/tucomarca.whitekongsoftware.com\/ca\/wp-json\/wp\/v2\/posts\/305438\/revisions"}],"predecessor-version":[{"id":305443,"href":"https:\/\/tucomarca.whitekongsoftware.com\/ca\/wp-json\/wp\/v2\/posts\/305438\/revisions\/305443"}],"wp:featuredmedia":[{"embeddable":true,"href":"https:\/\/tucomarca.whitekongsoftware.com\/ca\/wp-json\/wp\/v2\/media\/305437"}],"wp:attachment":[{"href":"https:\/\/tucomarca.whitekongsoftware.com\/ca\/wp-json\/wp\/v2\/media?parent=305438"}],"wp:term":[{"taxonomy":"category","embeddable":true,"href":"https:\/\/tucomarca.whitekongsoftware.com\/ca\/wp-json\/wp\/v2\/categories?post=305438"},{"taxonomy":"post_tag","embeddable":true,"href":"https:\/\/tucomarca.whitekongsoftware.com\/ca\/wp-json\/wp\/v2\/tags?post=305438"}],"curies":[{"name":"wp","href":"https:\/\/api.w.org\/{rel}","templated":true}]}}